{"id":103784,"date":"2023-12-09T15:26:24","date_gmt":"2023-12-09T18:26:24","guid":{"rendered":"https:\/\/cdnoticias.com\/?p=103784"},"modified":"2023-12-10T09:20:36","modified_gmt":"2023-12-10T12:20:36","slug":"aprehendieron-a-una-joven-por-una-violenta-pelea-en-un-colectivo","status":"publish","type":"post","link":"https:\/\/cdnoticias.com\/index.php\/2023\/12\/09\/aprehendieron-a-una-joven-por-una-violenta-pelea-en-un-colectivo\/","title":{"rendered":"Aprehendieron a una joven por una violenta pelea en un colectivo"},"content":{"rendered":"\n<p>Fue el pasado jueves, en la zona de Del Valle y San Lorenzo. Tuvo que intervenir la polic\u00eda.<\/p>\n\n\n\n<hr class=\"wp-block-separator aligncenter has-alpha-channel-opacity\"\/>\n\n\n\n<p>El pasado jueves,<strong> personal de Comando de Patrullas aprehendi\u00f3 a una joven de 21 a\u00f1os luego de protagonizar una violenta pelea en un colectivo de la empresa urbana de transporte p\u00fablico.<\/strong><\/p>\n\n\n\n<p>Seg\u00fan se inform\u00f3 oficialmente, <strong>desde el colectivo llamaron al 911 por la violencia en que las dos mujeres se trenzaron a golpes mientras el transporte Tu Bus realizaba su recorrido habitual.<\/strong><\/p>\n\n\n\n<p>Tras el di\u00e1logo con la chofer del micro, <strong>personal policial aprehendi\u00f3 a quien provoc\u00f3 las agresiones. Fue trasladada a la sede de Comisar\u00eda Primera.<\/strong><\/p>\n\n\n\n<p>Ahora enfrenta cargos por <strong><em>\u201cAmenazas y lesiones infraganti\u201d<\/em><\/strong> con intervenci\u00f3n de la UFI N\u00b04, a cargo de la doctora Paula Serrano.<\/p>\n","protected":false},"excerpt":{"rendered":"<p>Fue el pasado jueves, en la zona de Del Valle y San Lorenzo. Tuvo que intervenir la polic\u00eda. El pasado<\/p>\n","protected":false},"author":2,"featured_media":103785,"comment_status":"closed","ping_status":"closed","sticky":false,"template":"","format":"standard","meta":{"_jetpack_memberships_contains_paid_content":false,"footnotes":""},"categories":[14,1],"tags":[],"class_list":["post-103784","post","type-post","status-publish","format-standard","has-post-thumbnail","hentry","category-policiales","category-portada"],"jetpack_featured_media_url":"https:\/\/i0.wp.com\/cdnoticias.com\/wp-content\/uploads\/2023\/12\/WhatsApp-Image-2023-12-09-at-15.02.35.jpeg?fit=1361%2C743&ssl=1","jetpack_sharing_enabled":true,"_links":{"self":[{"href":"https:\/\/cdnoticias.com\/index.php\/wp-json\/wp\/v2\/posts\/103784","targetHints":{"allow":["GET"]}}],"collection":[{"href":"https:\/\/cdnoticias.com\/index.php\/wp-json\/wp\/v2\/posts"}],"about":[{"href":"https:\/\/cdnoticias.com\/index.php\/wp-json\/wp\/v2\/types\/post"}],"author":[{"embeddable":true,"href":"https:\/\/cdnoticias.com\/index.php\/wp-json\/wp\/v2\/users\/2"}],"replies":[{"embeddable":true,"href":"https:\/\/cdnoticias.com\/index.php\/wp-json\/wp\/v2\/comments?post=103784"}],"version-history":[{"count":0,"href":"https:\/\/cdnoticias.com\/index.php\/wp-json\/wp\/v2\/posts\/103784\/revisions"}],"wp:featuredmedia":[{"embeddable":true,"href":"https:\/\/cdnoticias.com\/index.php\/wp-json\/wp\/v2\/media\/103785"}],"wp:attachment":[{"href":"https:\/\/cdnoticias.com\/index.php\/wp-json\/wp\/v2\/media?parent=103784"}],"wp:term":[{"taxonomy":"category","embeddable":true,"href":"https:\/\/cdnoticias.com\/index.php\/wp-json\/wp\/v2\/categories?post=103784"},{"taxonomy":"post_tag","embeddable":true,"href":"https:\/\/cdnoticias.com\/index.php\/wp-json\/wp\/v2\/tags?post=103784"}],"curies":[{"name":"wp","href":"https:\/\/api.w.org\/{rel}","templated":true}]}}