{"id":103735,"date":"2023-12-08T12:05:52","date_gmt":"2023-12-08T15:05:52","guid":{"rendered":"https:\/\/cdnoticias.com\/?p=103735"},"modified":"2023-12-08T17:12:00","modified_gmt":"2023-12-08T20:12:00","slug":"krivochen-la-politica-es-un-camino-de-ida-para-mi","status":"publish","type":"post","link":"https:\/\/cdnoticias.com\/index.php\/2023\/12\/08\/krivochen-la-politica-es-un-camino-de-ida-para-mi\/","title":{"rendered":"Krivochen: \u201cLa pol\u00edtica es un camino de ida para m\u00ed\u201d"},"content":{"rendered":"<p>La presidenta saliente del Concejo Deliberante realiz\u00f3 un balance de su paso por el cuerpo deliberativo. Sus inicios en el \u00e1mbito p\u00fablico y la gesti\u00f3n de la mano de Ezequiel Galli y las proyecciones a futuro.<!--more--><\/p>\n<hr \/>\n<p><strong>Cecilia Krivochen<\/strong> habl\u00f3 con <em>Central de Noticias<\/em> ante el fin de su rol como presidenta del Concejo Deliberante, cargo que desempe\u00f1\u00f3 durante dos a\u00f1os. La incursi\u00f3n en pol\u00edtica de la mano de Ezequiel Galli, su paso por el Ejecutivo y la tarea como concejal. <strong>Un repaso de 8 a\u00f1os de gesti\u00f3n y el agradecimiento al intendente saliente.<\/strong><\/p>\n<p>\u201c<strong>Yo sal\u00ed de una zona de confort en la que estaba, de mi metro cuadrado personal.<\/strong> Ezequiel (Galli) fue el que me invit\u00f3 y el que me alent\u00f3 a involucrarme. Yo siempre le dec\u00eda que yo de pol\u00edtica no sab\u00eda y \u00e9l me dec\u00eda, cualquier vecino con ganas de dar a la comunidad algo puede hacerlo y bueno, as\u00ed lo hice\u201d, resalt\u00f3 Krivochen como parte de un balance de los 8 a\u00f1os dentro del espacio.<\/p>\n<p>Reconoci\u00f3<strong> \u201cun dejo de melancol\u00eda o dolor o tristeza\u201d<\/strong> al momento de dejar la funci\u00f3n p\u00fablica pero asegur\u00f3 que el v\u00ednculo con la comunidad contin\u00faa:<strong> \u201cel d\u00eda que uno se compromete a trabajar por los vecinos, contin\u00faa desde el rol que sea\u201d.<\/strong><\/p>\n<p><img data-recalc-dims=\"1\" loading=\"lazy\" decoding=\"async\" class=\"alignnone size-full wp-image-103737\" src=\"https:\/\/i0.wp.com\/cdnoticias.com\/wp-content\/uploads\/2023\/12\/krivochen-cecilia-03.jpg?resize=800%2C450&#038;ssl=1\" alt=\"\" width=\"800\" height=\"450\" srcset=\"https:\/\/i0.wp.com\/cdnoticias.com\/wp-content\/uploads\/2023\/12\/krivochen-cecilia-03.jpg?w=800&amp;ssl=1 800w, https:\/\/i0.wp.com\/cdnoticias.com\/wp-content\/uploads\/2023\/12\/krivochen-cecilia-03.jpg?resize=300%2C169&amp;ssl=1 300w, https:\/\/i0.wp.com\/cdnoticias.com\/wp-content\/uploads\/2023\/12\/krivochen-cecilia-03.jpg?resize=768%2C432&amp;ssl=1 768w\" sizes=\"auto, (max-width: 800px) 100vw, 800px\" \/><\/p>\n<p>En ese sentido, aclar\u00f3 que <strong>\u201cno me voy\u201d<\/strong> y detall\u00f3 el trabajo junto al espacio provincial de mujeres de Juntos. \u201cTengo un di\u00e1logo activo y de muchos proyectos con diputadas y senadoras de Juntos. Seguimos trabajando y ya estamos proyectando un mont\u00f3n de cosas para el a\u00f1o que viene\u201d.<\/p>\n<p>Adem\u00e1s, Krivochen es <strong>primera concejal suplente<\/strong> \u201ccon lo cual en cualquier momento voy a volver y siempre apoyando al bloque porque es mi equipo de trabajo. Tambi\u00e9n apoyando a nuestro diputado Mart\u00edn Endere, con quien ya hemos charlado algunos proyectos\u201d.<\/p>\n<blockquote><p>\u201cUno deja de cobrar sus haberes ac\u00e1 nada m\u00e1s, pero no es que me voy de la pol\u00edtica porque es un camino de ida para m\u00ed y es un compromiso asumido\u201d, enfatiz\u00f3.<\/p><\/blockquote>\n<h2>La presidencia del HCD<\/h2>\n<p>Krivochen destac\u00f3 el crecimiento que supuso llevar adelante ese rol, los desaf\u00edos y el aprendizaje. \u201cFue un honor, soy la segunda presidenta mujer de Concejo Deliberante, f<strong>ue un desaf\u00edo tambi\u00e9n porque uno tiene que entablar otros tipos de di\u00e1logos y otros tipos de acuerdos,<\/strong> porque representa a todos los concejales m\u00e1s all\u00e1 de las ideas\u201d.<\/p>\n<p><img data-recalc-dims=\"1\" loading=\"lazy\" decoding=\"async\" class=\"alignnone size-large wp-image-67185\" src=\"https:\/\/i0.wp.com\/cdnoticias.com\/wp-content\/uploads\/2022\/10\/krivochen-hcd-13-10-2022.jpg?resize=800%2C480&#038;ssl=1\" alt=\"\" width=\"800\" height=\"480\" srcset=\"https:\/\/i0.wp.com\/cdnoticias.com\/wp-content\/uploads\/2022\/10\/krivochen-hcd-13-10-2022.jpg?resize=1024%2C614&amp;ssl=1 1024w, https:\/\/i0.wp.com\/cdnoticias.com\/wp-content\/uploads\/2022\/10\/krivochen-hcd-13-10-2022.jpg?resize=300%2C180&amp;ssl=1 300w, https:\/\/i0.wp.com\/cdnoticias.com\/wp-content\/uploads\/2022\/10\/krivochen-hcd-13-10-2022.jpg?resize=768%2C461&amp;ssl=1 768w, https:\/\/i0.wp.com\/cdnoticias.com\/wp-content\/uploads\/2022\/10\/krivochen-hcd-13-10-2022.jpg?w=1280&amp;ssl=1 1280w\" sizes=\"auto, (max-width: 800px) 100vw, 800px\" \/><\/p>\n<p>Los \u00faltimos dos a\u00f1os fueron \u201cde <strong>muchos aprendizaje<\/strong>s, en un rol muy distinto a lo que es ser simplemente concejal, porque tuve a cargo la gesti\u00f3n de todo el concejo y la representaci\u00f3n de todos los bloques hacia la comunidad\u201d.<\/p>\n<p>Al momento de realizar alguna autocr\u00edtica se\u00f1al\u00f3 que \u201c<strong>me hubiera gustado estar m\u00e1s en territorio<\/strong>, como lo hac\u00eda cuando era concejal. La tarea del presidente muchas veces es solitaria tambi\u00e9n, pasas muchas horas ac\u00e1 en el despacho, pero la experiencia es incre\u00edble y es un honor\u201d.<\/p>\n<h2>Volver a la Universidad<\/h2>\n<p>\u201cYo soy la primera generaci\u00f3n de universitarios de mi familia, mi pap\u00e1 obrero, mi mam\u00e1 ama de casa, as\u00ed que era su hija la licenciada y la verdad que para m\u00ed fue un honor <strong>primero desarrollarme en el Ejecutivo y despu\u00e9s en el Deliberativo<\/strong>\u201d, resalt\u00f3 Krivochen.<\/p>\n<p>Resalt\u00f3 su rol en el <strong>\u00e1rea de comunicaci\u00f3n del Municipio<\/strong> y se\u00f1al\u00f3 que \u201cen mi caso yo soy jefa de un \u00e1rea de administraci\u00f3n en la universidad, con lo cual tambi\u00e9n poder ejercer plenamente mi profesi\u00f3n en los primeros cuatro a\u00f1os como Jefa de Prensa y despu\u00e9s subsecretaria de comunicaci\u00f3n fue incre\u00edble, porque era poder volcar toda mi formaci\u00f3n\u201d.<\/p>\n<p><img data-recalc-dims=\"1\" loading=\"lazy\" decoding=\"async\" class=\"alignnone size-full wp-image-83020\" src=\"https:\/\/i0.wp.com\/cdnoticias.com\/wp-content\/uploads\/2023\/04\/encuentro-de-mujeres-pro-00-cecilia-krivochen.jpg?resize=800%2C445&#038;ssl=1\" alt=\"\" width=\"800\" height=\"445\" srcset=\"https:\/\/i0.wp.com\/cdnoticias.com\/wp-content\/uploads\/2023\/04\/encuentro-de-mujeres-pro-00-cecilia-krivochen.jpg?w=800&amp;ssl=1 800w, https:\/\/i0.wp.com\/cdnoticias.com\/wp-content\/uploads\/2023\/04\/encuentro-de-mujeres-pro-00-cecilia-krivochen.jpg?resize=300%2C167&amp;ssl=1 300w, https:\/\/i0.wp.com\/cdnoticias.com\/wp-content\/uploads\/2023\/04\/encuentro-de-mujeres-pro-00-cecilia-krivochen.jpg?resize=768%2C427&amp;ssl=1 768w\" sizes=\"auto, (max-width: 800px) 100vw, 800px\" \/><\/p>\n<p>Y agreg\u00f3: \u201c<strong>son dos experiencias totalmente distintas.<\/strong> Estaba desde 7 de la ma\u00f1ana hasta 11 de la noche junto al Intendente y de pronto pas\u00e9 a estar en un despacho o a recibir vecinos y armar proyectos y tuve que aprender de cero. En el transcurso tambi\u00e9n me form\u00e9 con tres posgrados, uno en Comunicaci\u00f3n, otro en Pol\u00edticas P\u00fablicas y otro en Capacitaci\u00f3n de Recursos Humanos, con lo cual tambi\u00e9n la formaci\u00f3n que es d\u00eda a d\u00eda, fui enriqueci\u00e9ndola\u201d.<\/p>\n<blockquote><p>\u201cMe voy orgullosa y con un \u2018gracias\u2019 tremendo hacia Ezequiel por haberme animado\u201d, sostuvo.<\/p><\/blockquote>\n<p>Por \u00faltimo, se\u00f1al\u00f3 <strong>como ser\u00e1n sus d\u00edas entre el trabajo en la Universidad y la tarea pol\u00edtica<\/strong>: \u201cMe toca un volver a empezar en la Universidad, porque el mundo cambia, la tecnolog\u00eda cambia y es un regresar, pero desde cero casi, porque es volver a vincularme con un \u00e1mbito del que yo hab\u00eda salido. Ahora este d\u00eda a d\u00eda va a ser distinto, va a ser un d\u00eda a d\u00eda de trabajo a la ma\u00f1ana en la Universidad y ahora mis tardes y mis noches van a estar ocupadas con esto, con seguir fortaleciendo el espacio de mujeres que tenemos\u201d.<\/p>\n","protected":false},"excerpt":{"rendered":"<p>La presidenta saliente del Concejo Deliberante realiz\u00f3 un balance de su paso por el cuerpo deliberativo. Sus inicios en el<\/p>\n","protected":false},"author":2,"featured_media":103736,"comment_status":"closed","ping_status":"closed","sticky":false,"template":"","format":"standard","meta":{"_jetpack_memberships_contains_paid_content":false,"footnotes":""},"categories":[4,1],"tags":[],"class_list":["post-103735","post","type-post","status-publish","format-standard","has-post-thumbnail","hentry","category-politica","category-portada"],"jetpack_featured_media_url":"https:\/\/i0.wp.com\/cdnoticias.com\/wp-content\/uploads\/2023\/12\/krivochen-cecilia-02.jpg?fit=800%2C450&ssl=1","jetpack_sharing_enabled":true,"_links":{"self":[{"href":"https:\/\/cdnoticias.com\/index.php\/wp-json\/wp\/v2\/posts\/103735","targetHints":{"allow":["GET"]}}],"collection":[{"href":"https:\/\/cdnoticias.com\/index.php\/wp-json\/wp\/v2\/posts"}],"about":[{"href":"https:\/\/cdnoticias.com\/index.php\/wp-json\/wp\/v2\/types\/post"}],"author":[{"embeddable":true,"href":"https:\/\/cdnoticias.com\/index.php\/wp-json\/wp\/v2\/users\/2"}],"replies":[{"embeddable":true,"href":"https:\/\/cdnoticias.com\/index.php\/wp-json\/wp\/v2\/comments?post=103735"}],"version-history":[{"count":0,"href":"https:\/\/cdnoticias.com\/index.php\/wp-json\/wp\/v2\/posts\/103735\/revisions"}],"wp:featuredmedia":[{"embeddable":true,"href":"https:\/\/cdnoticias.com\/index.php\/wp-json\/wp\/v2\/media\/103736"}],"wp:attachment":[{"href":"https:\/\/cdnoticias.com\/index.php\/wp-json\/wp\/v2\/media?parent=103735"}],"wp:term":[{"taxonomy":"category","embeddable":true,"href":"https:\/\/cdnoticias.com\/index.php\/wp-json\/wp\/v2\/categories?post=103735"},{"taxonomy":"post_tag","embeddable":true,"href":"https:\/\/cdnoticias.com\/index.php\/wp-json\/wp\/v2\/tags?post=103735"}],"curies":[{"name":"wp","href":"https:\/\/api.w.org\/{rel}","templated":true}]}}