{"id":103715,"date":"2023-12-08T09:13:27","date_gmt":"2023-12-08T12:13:27","guid":{"rendered":"https:\/\/cdnoticias.com\/?p=103715"},"modified":"2023-12-08T09:13:29","modified_gmt":"2023-12-08T12:13:29","slug":"alberto-horacio-lizarralde-el-vasco-q-e-p-d","status":"publish","type":"post","link":"https:\/\/cdnoticias.com\/index.php\/2023\/12\/08\/alberto-horacio-lizarralde-el-vasco-q-e-p-d\/","title":{"rendered":"Alberto Horacio Lizarralde \u201cEl Vasco\u201d (Q.E.P.D.)"},"content":{"rendered":"<p>Falleci\u00f3 en Olavarr\u00eda el 8 de diciembre de 2023 a los 78 a\u00f1os de edad. Sus hijos Luis, Marisa y Silvia Lizarralde. Sus hijos pol\u00edticos Fabiana, Am\u00edlcar y Hugo. Sus nietos Fabiola, Jorge Luis, Gustavo, Ludmila. Su compa\u00f1era Silvia. Sus nietos pol\u00edticos. Sus bisnietos Thiago y P\u00eda. Sus hermanos. Sus hermanos pol\u00edticos. Sus sobrinos y dem\u00e1s deudos participan su fallecimiento.<\/p>\n<p>Sus restos son velados en Espa\u00f1a 2942 departamento &#8220;B&#8221; (finaliza a las 13:00) y ser\u00e1n cremados en crematorio Pinos de Paz en d\u00eda y horario a confirmar. Sin responso. Servicio adherido a Coopelectric. Vecino de barrio Belgrano. Oriundo de Cachar\u00ed. Jubilado. <\/p>\n","protected":false},"excerpt":{"rendered":"<p>Falleci\u00f3 en Olavarr\u00eda el 8 de diciembre de 2023 a los 78 a\u00f1os de edad. Sus hijos Luis, Marisa y<\/p>\n","protected":false},"author":2,"featured_media":100390,"comment_status":"closed","ping_status":"closed","sticky":false,"template":"","format":"standard","meta":{"_jetpack_memberships_contains_paid_content":false,"footnotes":""},"categories":[10],"tags":[],"class_list":["post-103715","post","type-post","status-publish","format-standard","has-post-thumbnail","hentry","category-necrologicas"],"jetpack_featured_media_url":"https:\/\/i0.wp.com\/cdnoticias.com\/wp-content\/uploads\/2023\/10\/necrologicas-390-x-240.jpg?fit=390%2C240&ssl=1","jetpack_sharing_enabled":true,"_links":{"self":[{"href":"https:\/\/cdnoticias.com\/index.php\/wp-json\/wp\/v2\/posts\/103715","targetHints":{"allow":["GET"]}}],"collection":[{"href":"https:\/\/cdnoticias.com\/index.php\/wp-json\/wp\/v2\/posts"}],"about":[{"href":"https:\/\/cdnoticias.com\/index.php\/wp-json\/wp\/v2\/types\/post"}],"author":[{"embeddable":true,"href":"https:\/\/cdnoticias.com\/index.php\/wp-json\/wp\/v2\/users\/2"}],"replies":[{"embeddable":true,"href":"https:\/\/cdnoticias.com\/index.php\/wp-json\/wp\/v2\/comments?post=103715"}],"version-history":[{"count":0,"href":"https:\/\/cdnoticias.com\/index.php\/wp-json\/wp\/v2\/posts\/103715\/revisions"}],"wp:featuredmedia":[{"embeddable":true,"href":"https:\/\/cdnoticias.com\/index.php\/wp-json\/wp\/v2\/media\/100390"}],"wp:attachment":[{"href":"https:\/\/cdnoticias.com\/index.php\/wp-json\/wp\/v2\/media?parent=103715"}],"wp:term":[{"taxonomy":"category","embeddable":true,"href":"https:\/\/cdnoticias.com\/index.php\/wp-json\/wp\/v2\/categories?post=103715"},{"taxonomy":"post_tag","embeddable":true,"href":"https:\/\/cdnoticias.com\/index.php\/wp-json\/wp\/v2\/tags?post=103715"}],"curies":[{"name":"wp","href":"https:\/\/api.w.org\/{rel}","templated":true}]}}