{"id":103675,"date":"2023-12-07T18:19:36","date_gmt":"2023-12-07T21:19:36","guid":{"rendered":"https:\/\/cdnoticias.com\/?p=103675"},"modified":"2023-12-07T18:19:38","modified_gmt":"2023-12-07T21:19:38","slug":"la-asociacion-de-abogados-de-olavarria-tiene-nueva-comision-directiva","status":"publish","type":"post","link":"https:\/\/cdnoticias.com\/index.php\/2023\/12\/07\/la-asociacion-de-abogados-de-olavarria-tiene-nueva-comision-directiva\/","title":{"rendered":"La Asociaci\u00f3n de Abogados de Olavarr\u00eda tiene nueva comisi\u00f3n directiva"},"content":{"rendered":"\n<p><p class=\"MsoNormal\">Estar\u00e1n encabezados por el doctor Pablo Acosta como Presidente. \u201cAportar\u00e1n su experiencia y dedicaci\u00f3n para fortalecer a\u00fan m\u00e1s nuestra misi\u00f3n de promover la Justicia y la \u00e9tica jur\u00eddica\u201d.<\/p><\/p>\n\n\n\n<hr class=\"wp-block-separator aligncenter has-alpha-channel-opacity\"\/>\n\n\n\n<p>Este jueves, <strong>la Asociaci\u00f3n de Abogados de Olavarr\u00eda anunci\u00f3 la nueva conformaci\u00f3n de su comisi\u00f3n directiva, con el doctor Pablo Acosta como Presidente. <\/strong>Buscar\u00e1n<em> \u201caportar su experiencia y dedicaci\u00f3n para fortalecer a\u00fan m\u00e1s nuestra misi\u00f3n de promover la justicia y la \u00e9tica jur\u00eddica\u201d. <\/em><\/p>\n\n\n\n<p><p class=\"MsoNormal\">Cabe se\u00f1alar que la comisi\u00f3n directiva, encabezada por <strong>Acosta, tendr\u00e1 a Florencia Horton como vicepresidenta, Dario Troncoso como secretario, Florencia Castex como pro secretaria, Mar\u00eda Victoria Digeronimo como tesorera y Luciano Casero como pro tesorero. Los vocales titulares ser\u00e1n Luc\u00eda Baldi, Paulina Laddaga y los suplentes Noelia Vitali y Andrea Butta. <\/strong><\/p><\/p>\n\n\n\n<p><p class=\"MsoNormal\">Adem\u00e1s, la comisi\u00f3n revisora de cuentas estar\u00e1 conformada por Jonatan Oliva P\u00edcaro, Estefan\u00eda de los Milagros Piecente y Francisco Finet, y el suplente ser\u00e1 Franco Debitto. Finalmente, el Tribunal de Disciplina tendr\u00e1 a Agustina Lestrada, Estefan\u00eda Duarte y Catalina Lombardo.<\/p> <em>\u201cEstamos seguros de que esta combinaci\u00f3n de talentos contribuir\u00e1 de manera significativa al desarrollo de la Asociaci\u00f3n y al fortalecimiento de los lazos entre los abogados de Olavarr\u00eda, miembros de Poder Judicial, instituciones locales y la comunidad en general\u201d<\/em> indicaron, y agradecieron \u201cel apoyo continuo de sus miembros\u201d.  <p class=\"MsoNormal\"><o:p>\u00a0<\/o:p><em><strong>\u201cEsperamos con entusiasmo trabajar en colaboraci\u00f3n con todos ustedes para avanzar en nuestros objetivos comunes y seguir siendo un referente de integridad y profesionalismo en el \u00e1mbito legal local\u201d<\/strong><\/em> cerraron.<\/p> <\/p>\n","protected":false},"excerpt":{"rendered":"<p>Estar\u00e1n encabezados por el doctor Pablo Acosta como Presidente. \u201cAportar\u00e1n su experiencia y dedicaci\u00f3n para fortalecer a\u00fan m\u00e1s nuestra misi\u00f3n<\/p>\n","protected":false},"author":2,"featured_media":103676,"comment_status":"closed","ping_status":"closed","sticky":false,"template":"","format":"standard","meta":{"_jetpack_memberships_contains_paid_content":false,"footnotes":""},"categories":[5,1],"tags":[],"class_list":["post-103675","post","type-post","status-publish","format-standard","has-post-thumbnail","hentry","category-informacion-general","category-portada"],"jetpack_featured_media_url":"https:\/\/i0.wp.com\/cdnoticias.com\/wp-content\/uploads\/2023\/12\/IMG-20231207-WA0139.jpg?fit=1600%2C770&ssl=1","jetpack_sharing_enabled":true,"_links":{"self":[{"href":"https:\/\/cdnoticias.com\/index.php\/wp-json\/wp\/v2\/posts\/103675","targetHints":{"allow":["GET"]}}],"collection":[{"href":"https:\/\/cdnoticias.com\/index.php\/wp-json\/wp\/v2\/posts"}],"about":[{"href":"https:\/\/cdnoticias.com\/index.php\/wp-json\/wp\/v2\/types\/post"}],"author":[{"embeddable":true,"href":"https:\/\/cdnoticias.com\/index.php\/wp-json\/wp\/v2\/users\/2"}],"replies":[{"embeddable":true,"href":"https:\/\/cdnoticias.com\/index.php\/wp-json\/wp\/v2\/comments?post=103675"}],"version-history":[{"count":0,"href":"https:\/\/cdnoticias.com\/index.php\/wp-json\/wp\/v2\/posts\/103675\/revisions"}],"wp:featuredmedia":[{"embeddable":true,"href":"https:\/\/cdnoticias.com\/index.php\/wp-json\/wp\/v2\/media\/103676"}],"wp:attachment":[{"href":"https:\/\/cdnoticias.com\/index.php\/wp-json\/wp\/v2\/media?parent=103675"}],"wp:term":[{"taxonomy":"category","embeddable":true,"href":"https:\/\/cdnoticias.com\/index.php\/wp-json\/wp\/v2\/categories?post=103675"},{"taxonomy":"post_tag","embeddable":true,"href":"https:\/\/cdnoticias.com\/index.php\/wp-json\/wp\/v2\/tags?post=103675"}],"curies":[{"name":"wp","href":"https:\/\/api.w.org\/{rel}","templated":true}]}}