{"id":103625,"date":"2023-12-07T10:21:32","date_gmt":"2023-12-07T13:21:32","guid":{"rendered":"https:\/\/cdnoticias.com\/?p=103625"},"modified":"2023-12-07T17:45:00","modified_gmt":"2023-12-07T20:45:00","slug":"dieron-con-unos-80-metros-de-cable-abandonado","status":"publish","type":"post","link":"https:\/\/cdnoticias.com\/index.php\/2023\/12\/07\/dieron-con-unos-80-metros-de-cable-abandonado\/","title":{"rendered":"Dieron con unos 80 metros de cable abandonado"},"content":{"rendered":"<p>Lo encontr\u00f3 personal policial del CPO en inmediaciones de Laprida y calle 12. Se detall\u00f3 que se trata de cableado de telefon\u00eda.<\/p>\n<p><!--more--><\/p>\n<hr \/>\n<p>Personal de<strong>l Comando de Patrullas<\/strong> encontr\u00f3 <strong>80 metros de cable de telefon\u00eda<\/strong> que hab\u00eda sido cortado.<\/p>\n<p>Seg\u00fan se detall\u00f3, el hallazgo se produjo este jueves en <strong>inmediaciones de Laprida y calle 12.<\/strong><\/p>\n<p><strong>El cable, de color negro, pertenece a la empresa Telef\u00f3nica<\/strong>. Fue secuestrado y trasladado a la sede de la Comisar\u00eda Segunda donde se iniciaron actuaciones que se elevaron a la UFI N\u00ba 4.<\/p>\n","protected":false},"excerpt":{"rendered":"<p>Lo encontr\u00f3 personal policial del CPO en inmediaciones de Laprida y calle 12. Se detall\u00f3 que se trata de cableado<\/p>\n","protected":false},"author":4,"featured_media":103626,"comment_status":"closed","ping_status":"closed","sticky":false,"template":"","format":"standard","meta":{"_jetpack_memberships_contains_paid_content":false,"footnotes":""},"categories":[14,1],"tags":[],"class_list":["post-103625","post","type-post","status-publish","format-standard","has-post-thumbnail","hentry","category-policiales","category-portada"],"jetpack_featured_media_url":"https:\/\/i0.wp.com\/cdnoticias.com\/wp-content\/uploads\/2023\/12\/hallazgo-cable-Laprida-y-calle-12.jpg?fit=1000%2C556&ssl=1","jetpack_sharing_enabled":true,"_links":{"self":[{"href":"https:\/\/cdnoticias.com\/index.php\/wp-json\/wp\/v2\/posts\/103625","targetHints":{"allow":["GET"]}}],"collection":[{"href":"https:\/\/cdnoticias.com\/index.php\/wp-json\/wp\/v2\/posts"}],"about":[{"href":"https:\/\/cdnoticias.com\/index.php\/wp-json\/wp\/v2\/types\/post"}],"author":[{"embeddable":true,"href":"https:\/\/cdnoticias.com\/index.php\/wp-json\/wp\/v2\/users\/4"}],"replies":[{"embeddable":true,"href":"https:\/\/cdnoticias.com\/index.php\/wp-json\/wp\/v2\/comments?post=103625"}],"version-history":[{"count":0,"href":"https:\/\/cdnoticias.com\/index.php\/wp-json\/wp\/v2\/posts\/103625\/revisions"}],"wp:featuredmedia":[{"embeddable":true,"href":"https:\/\/cdnoticias.com\/index.php\/wp-json\/wp\/v2\/media\/103626"}],"wp:attachment":[{"href":"https:\/\/cdnoticias.com\/index.php\/wp-json\/wp\/v2\/media?parent=103625"}],"wp:term":[{"taxonomy":"category","embeddable":true,"href":"https:\/\/cdnoticias.com\/index.php\/wp-json\/wp\/v2\/categories?post=103625"},{"taxonomy":"post_tag","embeddable":true,"href":"https:\/\/cdnoticias.com\/index.php\/wp-json\/wp\/v2\/tags?post=103625"}],"curies":[{"name":"wp","href":"https:\/\/api.w.org\/{rel}","templated":true}]}}