{"id":10361,"date":"2020-12-31T18:38:29","date_gmt":"2020-12-31T21:38:29","guid":{"rendered":"http:\/\/www.centraldenoticias.com.ar\/?p=10361"},"modified":"2020-12-31T21:23:36","modified_gmt":"2021-01-01T00:23:36","slug":"covid-en-olavarria-mas-de-200-testeos-en-el-ultimo-dia-del-ano","status":"publish","type":"post","link":"https:\/\/cdnoticias.com\/index.php\/2020\/12\/31\/covid-en-olavarria-mas-de-200-testeos-en-el-ultimo-dia-del-ano\/","title":{"rendered":"Covid en Olavarr\u00eda: m\u00e1s de 200 testeos en el \u00faltimo d\u00eda del a\u00f1o"},"content":{"rendered":"<p class=\"western\"><span style=\"color: #000080;\"><span lang=\"zxx\"><span style=\"color: #000000;\"><span lang=\"es-ES\">Se detectaron 32 nuevos casos y quedaron 213 pacientes activos, de los cuales 12 est\u00e1n internados en el Hospital. Amplia convocatoria a los testeos en el Paseo de la Salud.<\/span><\/span><\/span><\/span><\/p>\n<hr \/>\n<p class=\"western\"><!--more--><\/p>\n<p class=\"western\"><span style=\"color: #000080;\"><span lang=\"zxx\"><span style=\"color: #000000;\"><span lang=\"es-ES\"><strong>El \u00faltimo d\u00eda del a\u00f1o mostr\u00f3 notable crecimiento en la cantidad de testeos realizados por Covid en Olavarr\u00eda<\/strong>, <\/span><\/span><\/span><\/span><span style=\"color: #000080;\"><span lang=\"zxx\"><span style=\"color: #000000;\"><span lang=\"es-ES\">tendencia que se ha sostenido en los \u00faltimos d\u00edas<\/span><\/span><\/span><\/span><span style=\"color: #000080;\"><span lang=\"zxx\"><span style=\"color: #000000;\"><span lang=\"es-ES\">: la amplia mayor\u00eda resultaron negativos.<\/span><\/span><\/span><\/span><\/p>\n<p class=\"western\"><span style=\"color: #000080;\"><span lang=\"zxx\"><span style=\"color: #000000;\"><span lang=\"es-ES\">Este <\/span><\/span><\/span><\/span><span style=\"color: #000080;\"><span lang=\"zxx\"><span style=\"color: #000000;\"><span lang=\"es-ES\">jueve<\/span><\/span><\/span><\/span><span style=\"color: #000080;\"><span lang=\"zxx\"><span style=\"color: #000000;\"><span lang=\"es-ES\">s se detectaron <strong>32 nuevos casos<\/strong> y <strong>20 pacientes recibieron el alta<\/strong> con lo que la cantidad de <strong>pacientes activos <\/strong><\/span><\/span><\/span><\/span><span style=\"color: #000080;\"><span lang=\"zxx\"><span style=\"color: #000000;\"><span lang=\"es-ES\"><strong>ascendi\u00f3 a 213<\/strong>. <strong>No se registraron fallecimientos<\/strong> de pacientes afectados con la enfermedad con lo que el registro permanece en 94 desde el inicio de la pandemia. A su vez, se indic\u00f3 que quedaron en total<strong> 45 casos sospechosos<\/strong>.<\/span><\/span><\/span><\/span><\/p>\n<p class=\"western\"><span style=\"color: #000080;\"><span lang=\"zxx\"><span style=\"color: #000000;\"><span lang=\"es-ES\">Se <strong>descartaron este jueves 170 testeos<\/strong> con lo que <strong>durante el a\u00f1o han resultado negativos 9.291<\/strong> muestras analizadas. Tambi\u00e9n durante el a\u00f1o <strong>han superado la enfermedad 5.128 pacientes<\/strong>.<\/span><\/span><\/span><\/span><\/p>\n<p><img data-recalc-dims=\"1\" loading=\"lazy\" decoding=\"async\" class=\"aligncenter wp-image-10362\" src=\"https:\/\/i0.wp.com\/cdnoticias.com\/wp-content\/uploads\/2020\/12\/WhatsApp-Image-2020-12-31-at-17.39.54-1.jpeg?resize=500%2C500&#038;ssl=1\" alt=\"\" width=\"500\" height=\"500\" srcset=\"https:\/\/i0.wp.com\/cdnoticias.com\/wp-content\/uploads\/2020\/12\/WhatsApp-Image-2020-12-31-at-17.39.54-1.jpeg?resize=300%2C300&amp;ssl=1 300w, https:\/\/i0.wp.com\/cdnoticias.com\/wp-content\/uploads\/2020\/12\/WhatsApp-Image-2020-12-31-at-17.39.54-1.jpeg?resize=150%2C150&amp;ssl=1 150w, https:\/\/i0.wp.com\/cdnoticias.com\/wp-content\/uploads\/2020\/12\/WhatsApp-Image-2020-12-31-at-17.39.54-1.jpeg?resize=768%2C767&amp;ssl=1 768w, https:\/\/i0.wp.com\/cdnoticias.com\/wp-content\/uploads\/2020\/12\/WhatsApp-Image-2020-12-31-at-17.39.54-1.jpeg?resize=1024%2C1024&amp;ssl=1 1024w, https:\/\/i0.wp.com\/cdnoticias.com\/wp-content\/uploads\/2020\/12\/WhatsApp-Image-2020-12-31-at-17.39.54-1.jpeg?w=1280&amp;ssl=1 1280w\" sizes=\"auto, (max-width: 500px) 100vw, 500px\" \/><\/p>\n<p class=\"western\"><span style=\"color: #000080;\"><span lang=\"zxx\"><span style=\"color: #000000;\"><span lang=\"es-ES\">A su vez, cabe resaltar que en este \u00faltimo parte de la situaci\u00f3n epidemiol\u00f3gica se informaron<strong> 202 testeos<\/strong>, de los cuales la mayor\u00eda se realizaron en el puesto del Paseo de la Salud con el programa RTA.<\/span><\/span><\/span><\/span><\/p>\n<p class=\"western\"><span style=\"color: #000080;\"><span lang=\"zxx\"><span style=\"color: #000000;\"><span lang=\"es-ES\">Con este nivel de testeos negativos, <strong>la positividad promedio registrada ha bajado en las \u00faltimas 3 semanas y se ubica por debajo del 30%<\/strong> a pesar de que paralelamente ha crecido el promedio semanal de casos positivos.<\/span><\/span><\/span><\/span><\/p>\n<p><img data-recalc-dims=\"1\" loading=\"lazy\" decoding=\"async\" class=\"aligncenter wp-image-10364\" src=\"https:\/\/i0.wp.com\/cdnoticias.com\/wp-content\/uploads\/2020\/12\/WhatsApp-Image-2020-12-31-at-17.39.55-1.jpeg?resize=500%2C500&#038;ssl=1\" alt=\"\" width=\"500\" height=\"500\" srcset=\"https:\/\/i0.wp.com\/cdnoticias.com\/wp-content\/uploads\/2020\/12\/WhatsApp-Image-2020-12-31-at-17.39.55-1.jpeg?resize=300%2C300&amp;ssl=1 300w, https:\/\/i0.wp.com\/cdnoticias.com\/wp-content\/uploads\/2020\/12\/WhatsApp-Image-2020-12-31-at-17.39.55-1.jpeg?resize=150%2C150&amp;ssl=1 150w, https:\/\/i0.wp.com\/cdnoticias.com\/wp-content\/uploads\/2020\/12\/WhatsApp-Image-2020-12-31-at-17.39.55-1.jpeg?resize=768%2C767&amp;ssl=1 768w, https:\/\/i0.wp.com\/cdnoticias.com\/wp-content\/uploads\/2020\/12\/WhatsApp-Image-2020-12-31-at-17.39.55-1.jpeg?resize=1024%2C1024&amp;ssl=1 1024w, https:\/\/i0.wp.com\/cdnoticias.com\/wp-content\/uploads\/2020\/12\/WhatsApp-Image-2020-12-31-at-17.39.55-1.jpeg?w=1280&amp;ssl=1 1280w\" sizes=\"auto, (max-width: 500px) 100vw, 500px\" \/><\/p>\n<p class=\"western\"><span style=\"color: #000080;\"><span lang=\"zxx\"><span style=\"color: #000000;\"><span lang=\"es-ES\">En tanto, este jueves no se detall\u00f3 el origen de los nuevos contagios detectados.<\/span><\/span><\/span><\/span><\/p>\n<p class=\"western\"><strong><span style=\"color: #000080;\"><span lang=\"zxx\"><span style=\"color: #000000;\"><span lang=\"es-ES\">Hospital<\/span><\/span><\/span><\/span><\/strong><\/p>\n<p class=\"western\"><span style=\"color: #000080;\"><span lang=\"zxx\"><span style=\"color: #000000;\"><span lang=\"es-ES\">De los 213 casos activos, s\u00f3lo hay <strong>12 personas internadas en el Hospital Municipal<\/strong>.<\/span><\/span><\/span><\/span><\/p>\n<p class=\"western\"><span style=\"color: #000080;\"><span lang=\"zxx\"><span style=\"color: #000000;\"><span lang=\"es-ES\">Se cuentan <strong>cuatro pacientes en la Unidad de Terapia Intensiva<\/strong> mientras que <strong>ocho est\u00e1n alojados en la Cl\u00ednica Covid<\/strong>. Dichas \u00e1reas permanecen con 55% y 57% de ocupaci\u00f3n, respectivamente, entre pacientes Covid y con otras patolog\u00edas.<\/span><\/span><\/span><\/span><\/p>\n<p><img data-recalc-dims=\"1\" loading=\"lazy\" decoding=\"async\" class=\"aligncenter wp-image-10363\" src=\"https:\/\/i0.wp.com\/cdnoticias.com\/wp-content\/uploads\/2020\/12\/WhatsApp-Image-2020-12-31-at-17.39.54.jpeg?resize=500%2C500&#038;ssl=1\" alt=\"\" width=\"500\" height=\"500\" srcset=\"https:\/\/i0.wp.com\/cdnoticias.com\/wp-content\/uploads\/2020\/12\/WhatsApp-Image-2020-12-31-at-17.39.54.jpeg?resize=300%2C300&amp;ssl=1 300w, https:\/\/i0.wp.com\/cdnoticias.com\/wp-content\/uploads\/2020\/12\/WhatsApp-Image-2020-12-31-at-17.39.54.jpeg?resize=150%2C150&amp;ssl=1 150w, https:\/\/i0.wp.com\/cdnoticias.com\/wp-content\/uploads\/2020\/12\/WhatsApp-Image-2020-12-31-at-17.39.54.jpeg?resize=768%2C768&amp;ssl=1 768w, https:\/\/i0.wp.com\/cdnoticias.com\/wp-content\/uploads\/2020\/12\/WhatsApp-Image-2020-12-31-at-17.39.54.jpeg?resize=1024%2C1024&amp;ssl=1 1024w, https:\/\/i0.wp.com\/cdnoticias.com\/wp-content\/uploads\/2020\/12\/WhatsApp-Image-2020-12-31-at-17.39.54.jpeg?w=1280&amp;ssl=1 1280w\" sizes=\"auto, (max-width: 500px) 100vw, 500px\" \/><\/p>\n<p class=\"western\"><span style=\"color: #000080;\"><span lang=\"zxx\"><span style=\"color: #000000;\"><span lang=\"es-ES\">Del total de casos activos, <strong>87% corresponden a personas menores de 60 a\u00f1os<\/strong> y 13% a mayores de esas edad, que son quienes padecen las afecciones m\u00e1s graves producto del virus.<\/span><\/span><\/span><\/span><\/p>\n<p class=\"western\"><strong><span style=\"color: #000080;\"><span lang=\"zxx\"><span style=\"color: #000000;\"><span lang=\"es-ES\">RTA<\/span><\/span><\/span><\/span><\/strong><\/p>\n<p class=\"western\"><span style=\"color: #000080;\"><span lang=\"zxx\"><span style=\"color: #000000;\"><span lang=\"es-ES\">El Programa RTA mostr\u00f3 este mi\u00e9rcoles a numerosos vecinos interesados en testearse para conocer si se ha contagiado del coronavirus. Seg\u00fan se pudo observar, <strong>la fila de asistentes ocupaba casi dos cuadras en el parque Mitre<\/strong>.<\/span><\/span><\/span><\/span><\/p>\n<p class=\"western\"><span style=\"color: #000080;\"><span lang=\"zxx\"><span style=\"color: #000000;\"><span lang=\"es-ES\">En el Paseo de la Salud, en Belgrano y Brown, se realizaron el jueves por la tarde<strong> 190 testeos<\/strong> de los cuales <strong>28 resultaron positivos<\/strong>.<\/span><\/span><\/span><\/span><\/p>\n<p><img data-recalc-dims=\"1\" loading=\"lazy\" decoding=\"async\" class=\"aligncenter wp-image-10365\" src=\"https:\/\/i0.wp.com\/cdnoticias.com\/wp-content\/uploads\/2020\/12\/WhatsApp-Image-2020-12-31-at-17.39.55.jpeg?resize=500%2C500&#038;ssl=1\" alt=\"\" width=\"500\" height=\"500\" srcset=\"https:\/\/i0.wp.com\/cdnoticias.com\/wp-content\/uploads\/2020\/12\/WhatsApp-Image-2020-12-31-at-17.39.55.jpeg?resize=300%2C300&amp;ssl=1 300w, https:\/\/i0.wp.com\/cdnoticias.com\/wp-content\/uploads\/2020\/12\/WhatsApp-Image-2020-12-31-at-17.39.55.jpeg?resize=150%2C150&amp;ssl=1 150w, https:\/\/i0.wp.com\/cdnoticias.com\/wp-content\/uploads\/2020\/12\/WhatsApp-Image-2020-12-31-at-17.39.55.jpeg?resize=768%2C768&amp;ssl=1 768w, https:\/\/i0.wp.com\/cdnoticias.com\/wp-content\/uploads\/2020\/12\/WhatsApp-Image-2020-12-31-at-17.39.55.jpeg?resize=1024%2C1024&amp;ssl=1 1024w, https:\/\/i0.wp.com\/cdnoticias.com\/wp-content\/uploads\/2020\/12\/WhatsApp-Image-2020-12-31-at-17.39.55.jpeg?w=1280&amp;ssl=1 1280w\" sizes=\"auto, (max-width: 500px) 100vw, 500px\" \/><\/p>\n<p class=\"western\"><span style=\"color: #000080;\"><span lang=\"zxx\"><span style=\"color: #000000;\"><span lang=\"es-ES\">El programa municipal RTA (Rastrear, Testear, Aislar) convoca a testearse a quienes presentan s\u00edntomas asociados al Covid. <\/span><\/span><\/span><\/span><\/p>\n<p class=\"western\"><span style=\"color: #000080;\"><span lang=\"zxx\"><span style=\"color: #000000;\"><span lang=\"es-ES\">Finalmente, desde la Municipalidad se inform\u00f3 que <strong>e<\/strong><\/span><\/span><\/span><\/span><span style=\"color: #000080;\"><span lang=\"zxx\"><span style=\"color: #000000;\"><span lang=\"es-ES\"><strong>ste viernes no habr\u00e1 parte sanitario<\/strong> y se volver\u00e1 a informar la situaci\u00f3n <\/span><\/span><\/span><\/span><span style=\"color: #000080;\"><span lang=\"zxx\"><span style=\"color: #000000;\"><span lang=\"es-ES\">sanitaria<\/span><\/span><\/span><\/span><span style=\"color: #000080;\"><span lang=\"zxx\"><span style=\"color: #000000;\"><span lang=\"es-ES\"> el d\u00eda s\u00e1bado.<\/span><\/span><\/span><\/span><\/p>\n","protected":false},"excerpt":{"rendered":"<p>Se detectaron 32 nuevos casos y quedaron 213 pacientes activos, de los cuales 12 est\u00e1n internados en el Hospital. Amplia<\/p>\n","protected":false},"author":4,"featured_media":5322,"comment_status":"closed","ping_status":"closed","sticky":false,"template":"","format":"standard","meta":{"_jetpack_memberships_contains_paid_content":false,"footnotes":""},"categories":[5,1],"tags":[],"class_list":["post-10361","post","type-post","status-publish","format-standard","has-post-thumbnail","hentry","category-informacion-general","category-portada"],"jetpack_featured_media_url":"https:\/\/i0.wp.com\/cdnoticias.com\/wp-content\/uploads\/2020\/10\/Salud-Testeos-Intensivos-Paseo-de-la-salud-4.jpg?fit=1968%2C1312&ssl=1","jetpack_sharing_enabled":true,"_links":{"self":[{"href":"https:\/\/cdnoticias.com\/index.php\/wp-json\/wp\/v2\/posts\/10361","targetHints":{"allow":["GET"]}}],"collection":[{"href":"https:\/\/cdnoticias.com\/index.php\/wp-json\/wp\/v2\/posts"}],"about":[{"href":"https:\/\/cdnoticias.com\/index.php\/wp-json\/wp\/v2\/types\/post"}],"author":[{"embeddable":true,"href":"https:\/\/cdnoticias.com\/index.php\/wp-json\/wp\/v2\/users\/4"}],"replies":[{"embeddable":true,"href":"https:\/\/cdnoticias.com\/index.php\/wp-json\/wp\/v2\/comments?post=10361"}],"version-history":[{"count":0,"href":"https:\/\/cdnoticias.com\/index.php\/wp-json\/wp\/v2\/posts\/10361\/revisions"}],"wp:featuredmedia":[{"embeddable":true,"href":"https:\/\/cdnoticias.com\/index.php\/wp-json\/wp\/v2\/media\/5322"}],"wp:attachment":[{"href":"https:\/\/cdnoticias.com\/index.php\/wp-json\/wp\/v2\/media?parent=10361"}],"wp:term":[{"taxonomy":"category","embeddable":true,"href":"https:\/\/cdnoticias.com\/index.php\/wp-json\/wp\/v2\/categories?post=10361"},{"taxonomy":"post_tag","embeddable":true,"href":"https:\/\/cdnoticias.com\/index.php\/wp-json\/wp\/v2\/tags?post=10361"}],"curies":[{"name":"wp","href":"https:\/\/api.w.org\/{rel}","templated":true}]}}