{"id":103530,"date":"2023-12-05T19:18:20","date_gmt":"2023-12-05T22:18:20","guid":{"rendered":"https:\/\/cdnoticias.com\/?p=103530"},"modified":"2023-12-05T20:32:15","modified_gmt":"2023-12-05T23:32:15","slug":"realizaba-maniobras-indebidas-en-moto-escapo-4-kilometros-y-termino-aprehendido","status":"publish","type":"post","link":"https:\/\/cdnoticias.com\/index.php\/2023\/12\/05\/realizaba-maniobras-indebidas-en-moto-escapo-4-kilometros-y-termino-aprehendido\/","title":{"rendered":"Realizaba maniobras indebidas en moto, escap\u00f3 4 kil\u00f3metros y termin\u00f3 aprehendido"},"content":{"rendered":"\n<p>Se trata de un joven de 20 a\u00f1os. El hecho comenz\u00f3 en autopista Fortabat y termin\u00f3 siendo interceptado en Ruta 51 y acceso a la f\u00e1brica Cementos Avellaneda.<\/p>\n\n\n\n<hr class=\"wp-block-separator aligncenter has-alpha-channel-opacity\"\/>\n\n\n\n<p>Este martes, <strong>un joven de 20 a\u00f1os fue aprehendido por personal policial luego de que, tras intentar interceptarlo luego de realizar maniobras indebidas en su moto en Autopista Fortabat, escap\u00f3 por 4 kil\u00f3metros hasta finalmente ser atrapado en ruta 51 y el ingreso a la f\u00e1brica Cementos Avellaneda.<\/strong><\/p>\n\n\n\n<p>El hecho se produjo cuando efectivos de la subcomisar\u00eda de Loma Negra <strong>divisaron al joven realizando maniobras indebidas en autopista Fortabat y Calle 157, en una moto sin pl\u00e1sticos y cobertores \u201ca gran velocidad\u201d.<\/strong><\/p>\n\n\n\n<p>Tras dar la voz de alto,<strong> el joven intent\u00f3 escapar y all\u00ed comenz\u00f3 una persecuci\u00f3n por 4 kil\u00f3metros, que termin\u00f3 en ruta 51 y el ingreso a la f\u00e1brica de Cementos Avellaneda, <\/strong>y antes por toda la zona de quintas del barrio Villa Aurora y AOMA.<\/p>\n\n\n\n<figure class=\"wp-block-image size-full\"><img data-recalc-dims=\"1\" loading=\"lazy\" decoding=\"async\" width=\"800\" height=\"488\" src=\"https:\/\/i0.wp.com\/cdnoticias.com\/wp-content\/uploads\/2023\/12\/WhatsApp-Image-2023-12-05-at-19.02.52.jpeg?resize=800%2C488&#038;ssl=1\" alt=\"\" class=\"wp-image-103531\" srcset=\"https:\/\/i0.wp.com\/cdnoticias.com\/wp-content\/uploads\/2023\/12\/WhatsApp-Image-2023-12-05-at-19.02.52.jpeg?w=924&amp;ssl=1 924w, https:\/\/i0.wp.com\/cdnoticias.com\/wp-content\/uploads\/2023\/12\/WhatsApp-Image-2023-12-05-at-19.02.52.jpeg?resize=300%2C183&amp;ssl=1 300w, https:\/\/i0.wp.com\/cdnoticias.com\/wp-content\/uploads\/2023\/12\/WhatsApp-Image-2023-12-05-at-19.02.52.jpeg?resize=768%2C469&amp;ssl=1 768w\" sizes=\"auto, (max-width: 800px) 100vw, 800px\" \/><\/figure>\n\n\n\n<p>Al cruzar informaci\u00f3n sobre la moto,<strong> detectaron que era una Yamaha 110cc que ten\u00eda pedido de secuestro activo desde el a\u00f1o 2014 con una denuncia radicada en Azul.<\/strong><\/p>\n\n\n\n<p><strong>El joven fue aprehendido y trasladado a la localidad de Loma Negra<\/strong>, donde qued\u00f3 a disposici\u00f3n de la UFI N\u00b04 a cargo de la doctora Paula Serrano por <strong><em>\u201cDesobediencia\u201d <\/em><\/strong>y a cargo de la UFI N\u00b013 por cargos de <strong><em>\u201cEncubrimiento\u201d <\/em><\/strong>por el secuestro activo de la motocicleta.<\/p>\n","protected":false},"excerpt":{"rendered":"<p>Se trata de un joven de 20 a\u00f1os. El hecho comenz\u00f3 en autopista Fortabat y termin\u00f3 siendo interceptado en Ruta<\/p>\n","protected":false},"author":2,"featured_media":103532,"comment_status":"closed","ping_status":"closed","sticky":false,"template":"","format":"standard","meta":{"_jetpack_memberships_contains_paid_content":false,"footnotes":""},"categories":[14,1],"tags":[],"class_list":["post-103530","post","type-post","status-publish","format-standard","has-post-thumbnail","hentry","category-policiales","category-portada"],"jetpack_featured_media_url":"https:\/\/i0.wp.com\/cdnoticias.com\/wp-content\/uploads\/2023\/12\/WhatsApp-Image-2023-12-05-at-19.02.50.jpeg?fit=1136%2C657&ssl=1","jetpack_sharing_enabled":true,"_links":{"self":[{"href":"https:\/\/cdnoticias.com\/index.php\/wp-json\/wp\/v2\/posts\/103530","targetHints":{"allow":["GET"]}}],"collection":[{"href":"https:\/\/cdnoticias.com\/index.php\/wp-json\/wp\/v2\/posts"}],"about":[{"href":"https:\/\/cdnoticias.com\/index.php\/wp-json\/wp\/v2\/types\/post"}],"author":[{"embeddable":true,"href":"https:\/\/cdnoticias.com\/index.php\/wp-json\/wp\/v2\/users\/2"}],"replies":[{"embeddable":true,"href":"https:\/\/cdnoticias.com\/index.php\/wp-json\/wp\/v2\/comments?post=103530"}],"version-history":[{"count":0,"href":"https:\/\/cdnoticias.com\/index.php\/wp-json\/wp\/v2\/posts\/103530\/revisions"}],"wp:featuredmedia":[{"embeddable":true,"href":"https:\/\/cdnoticias.com\/index.php\/wp-json\/wp\/v2\/media\/103532"}],"wp:attachment":[{"href":"https:\/\/cdnoticias.com\/index.php\/wp-json\/wp\/v2\/media?parent=103530"}],"wp:term":[{"taxonomy":"category","embeddable":true,"href":"https:\/\/cdnoticias.com\/index.php\/wp-json\/wp\/v2\/categories?post=103530"},{"taxonomy":"post_tag","embeddable":true,"href":"https:\/\/cdnoticias.com\/index.php\/wp-json\/wp\/v2\/tags?post=103530"}],"curies":[{"name":"wp","href":"https:\/\/api.w.org\/{rel}","templated":true}]}}