{"id":103485,"date":"2023-12-05T12:58:21","date_gmt":"2023-12-05T15:58:21","guid":{"rendered":"https:\/\/cdnoticias.com\/?p=103485"},"modified":"2023-12-05T17:32:28","modified_gmt":"2023-12-05T20:32:28","slug":"puesta-en-marcha-de-un-centro-de-testeo-rapido-de-vih-en-el-hospital-de-oncologia","status":"publish","type":"post","link":"https:\/\/cdnoticias.com\/index.php\/2023\/12\/05\/puesta-en-marcha-de-un-centro-de-testeo-rapido-de-vih-en-el-hospital-de-oncologia\/","title":{"rendered":"Puesta en marcha de un centro de testeo r\u00e1pido de VIH en el Hospital de Oncolog\u00eda"},"content":{"rendered":"<p>Funciona de lunes a viernes y permitir\u00e1 detectar VIH y s\u00edfilis. Carlos Rodr\u00edguez, referente de Che Sida y Mario D\u00edaz de la Regi\u00f3n Sanitaria IX hablaron con Central de Noticias y detallaron su funcionamiento.<!--more--><\/p>\n<hr \/>\n<p>El <strong>Hospital de Oncolog\u00eda \u201cLuciano Fortabat\u201d<\/strong> abri\u00f3 este martes un <strong>centro de testeo de VIH y s\u00edfilis<\/strong> en el marco de una actividad prevista por el D\u00eda Mundial de Respuesta al VIH. La apertura iba a realizarse el pasado viernes, pero debi\u00f3 ser suspendida por el mal tiempo.<\/p>\n<p>En esta oportunidad, se realiz\u00f3 una <strong>jornada de concientizaci\u00f3n y promoci\u00f3n<\/strong> invitando a las personas interesadas en testearse a ingresar al centro que funciona de<strong> lunes a viernes en el horario de 10 a 12<\/strong> dentro hospital provincial ubicado sobre calle Rivadavia al 4100.<\/p>\n<p>En di\u00e1logo con <em>Central de Noticias<\/em>, <strong>Carlos Rodr\u00edguez, referente de Che Sida<\/strong>, destac\u00f3 la iniciativa de la Regi\u00f3n Sanitaria IX y del Ministerio de Salud provincia, y la importancia de que existan este tipo de centros de testeos.<\/p>\n<p><img data-recalc-dims=\"1\" loading=\"lazy\" decoding=\"async\" class=\"alignnone size-full wp-image-103489\" src=\"https:\/\/i0.wp.com\/cdnoticias.com\/wp-content\/uploads\/2023\/12\/rodriguez-carlos-testeos-vih.jpg?resize=800%2C450&#038;ssl=1\" alt=\"\" width=\"800\" height=\"450\" srcset=\"https:\/\/i0.wp.com\/cdnoticias.com\/wp-content\/uploads\/2023\/12\/rodriguez-carlos-testeos-vih.jpg?w=800&amp;ssl=1 800w, https:\/\/i0.wp.com\/cdnoticias.com\/wp-content\/uploads\/2023\/12\/rodriguez-carlos-testeos-vih.jpg?resize=300%2C169&amp;ssl=1 300w, https:\/\/i0.wp.com\/cdnoticias.com\/wp-content\/uploads\/2023\/12\/rodriguez-carlos-testeos-vih.jpg?resize=768%2C432&amp;ssl=1 768w\" sizes=\"auto, (max-width: 800px) 100vw, 800px\" \/><\/p>\n<p>\u201cLo que est\u00e1 ocurriendo en Argentina y puntualmente en la provincia de Buenos Aires son <strong>diagn\u00f3sticos tard\u00edos<\/strong>. Las personas ingresan al sistema p\u00fablico de salud ya con alguna enfermedad o infecci\u00f3n asociada al VIH. O sea, casi en la etapa de Sida\u201d, describi\u00f3 Rodr\u00edguez.<\/p>\n<p>Adem\u00e1s, hizo hincapi\u00e9 que \u201c<strong>el VIH es tratable,<\/strong> es una infecci\u00f3n cr\u00f3nica, sabemos que indetectable es igual que intransmisible, o sea que una persona con VIH que es diagnosticada a tiempo, ingresa en tratamiento y las posibilidades de transmitir el virus -solamente aplica para el VIH- por alguna pr\u00e1ctica sexual es igual a cero. Eso es un buen mensaje para las personas viviendo con VIH\u201d.<\/p>\n<p>En ese sentido, puso de manifiesto que<strong> \u201ces un centro de testeo m\u00e1s en la ciudad ya que hay uno que funciona en el Campus Universitario\u201d<\/strong> y agreg\u00f3 que \u201cla poblaci\u00f3n va a poder acercarse, los profesionales est\u00e1n preparados\u201d.<\/p>\n<p><img data-recalc-dims=\"1\" loading=\"lazy\" decoding=\"async\" class=\"alignnone size-full wp-image-103487\" src=\"https:\/\/i0.wp.com\/cdnoticias.com\/wp-content\/uploads\/2023\/12\/diaz-mario-testeos-vih.jpg?resize=800%2C450&#038;ssl=1\" alt=\"\" width=\"800\" height=\"450\" srcset=\"https:\/\/i0.wp.com\/cdnoticias.com\/wp-content\/uploads\/2023\/12\/diaz-mario-testeos-vih.jpg?w=800&amp;ssl=1 800w, https:\/\/i0.wp.com\/cdnoticias.com\/wp-content\/uploads\/2023\/12\/diaz-mario-testeos-vih.jpg?resize=300%2C169&amp;ssl=1 300w, https:\/\/i0.wp.com\/cdnoticias.com\/wp-content\/uploads\/2023\/12\/diaz-mario-testeos-vih.jpg?resize=768%2C432&amp;ssl=1 768w\" sizes=\"auto, (max-width: 800px) 100vw, 800px\" \/><\/p>\n<p>Durante la presentaci\u00f3n del centro, tambi\u00e9n estuvo presente el <strong>director asociado de la Regi\u00f3n Sanitaria IX, Mario D\u00edaz<\/strong>, quien resalt\u00f3 que cualquiera persona que tome la decisi\u00f3n de testearse lo puede hacer. \u201cNo hay un limitante, justamente por eso celebramos que sea en un hospital p\u00fablico y en este caso que sea el Hospital de Oncolog\u00eda tambi\u00e9n tiene un mensaje porque desde hace un tiempito viene teniendo una mayor apertura y dej\u00f3 de ser un hospital un poco m\u00e1s cerrado\u201d, indic\u00f3 el profesional.<\/p>\n<p>Respecto al funcionamiento sostuvo la<strong> articulaci\u00f3n entre el centro de testeo y el personal del laboratorio del Hospital de Oncolog\u00eda y la parte de biolog\u00eda molecular del Hospital Municipal.<\/strong> \u201cJusto estamos con cambios de gestiones que obviamente la idea es que sea bastante m\u00e1s \u00e1gil y din\u00e1mico. Siempre hemos trabajado bien, pero la idea es que sea m\u00e1s todav\u00eda\u201d, afirm\u00f3 D\u00edaz.<\/p>\n<div class=\"tiled-gallery type-rectangular tiled-gallery-unresized\" data-original-width=\"800\" data-carousel-extra='null' itemscope itemtype=\"http:\/\/schema.org\/ImageGallery\" > <div class=\"gallery-row\" style=\"width: 800px; height: 227px;\" data-original-width=\"800\" data-original-height=\"227\" > <div class=\"gallery-group images-1\" style=\"width: 400px; height: 227px;\" data-original-width=\"400\" data-original-height=\"227\" > <div class=\"tiled-gallery-item tiled-gallery-item-large\" itemprop=\"associatedMedia\" itemscope itemtype=\"http:\/\/schema.org\/ImageObject\"> <a href=\"https:\/\/cdnoticias.com\/index.php\/2023\/12\/05\/puesta-en-marcha-de-un-centro-de-testeo-rapido-de-vih-en-el-hospital-de-oncologia\/vih-sida-testeos-04\/\" border=\"0\" itemprop=\"url\"> <meta itemprop=\"width\" content=\"396\"> <meta itemprop=\"height\" content=\"223\"> <img decoding=\"async\" class=\"\" data-attachment-id=\"103494\" data-orig-file=\"https:\/\/cdnoticias.com\/wp-content\/uploads\/2023\/12\/vih-sida-testeos-04.jpg\" data-orig-size=\"800,450\" data-comments-opened=\"\" data-image-meta=\"{&quot;aperture&quot;:&quot;0&quot;,&quot;credit&quot;:&quot;&quot;,&quot;camera&quot;:&quot;&quot;,&quot;caption&quot;:&quot;&quot;,&quot;created_timestamp&quot;:&quot;0&quot;,&quot;copyright&quot;:&quot;&quot;,&quot;focal_length&quot;:&quot;0&quot;,&quot;iso&quot;:&quot;0&quot;,&quot;shutter_speed&quot;:&quot;0&quot;,&quot;title&quot;:&quot;&quot;,&quot;orientation&quot;:&quot;0&quot;}\" data-image-title=\"vih-sida-testeos-04\" data-image-description=\"\" data-medium-file=\"https:\/\/i0.wp.com\/cdnoticias.com\/wp-content\/uploads\/2023\/12\/vih-sida-testeos-04.jpg?fit=300%2C169&#038;ssl=1\" data-large-file=\"https:\/\/i0.wp.com\/cdnoticias.com\/wp-content\/uploads\/2023\/12\/vih-sida-testeos-04.jpg?fit=800%2C450&#038;ssl=1\" src=\"https:\/\/i0.wp.com\/cdnoticias.com\/wp-content\/uploads\/2023\/12\/vih-sida-testeos-04.jpg?w=396&#038;h=223&#038;ssl=1\" srcset=\"https:\/\/i0.wp.com\/cdnoticias.com\/wp-content\/uploads\/2023\/12\/vih-sida-testeos-04.jpg?w=800&amp;ssl=1 800w, https:\/\/i0.wp.com\/cdnoticias.com\/wp-content\/uploads\/2023\/12\/vih-sida-testeos-04.jpg?resize=300%2C169&amp;ssl=1 300w, https:\/\/i0.wp.com\/cdnoticias.com\/wp-content\/uploads\/2023\/12\/vih-sida-testeos-04.jpg?resize=768%2C432&amp;ssl=1 768w\" width=\"396\" height=\"223\" loading=\"lazy\" data-original-width=\"396\" data-original-height=\"223\" itemprop=\"http:\/\/schema.org\/image\" title=\"vih-sida-testeos-04\" alt=\"vih-sida-testeos-04\" style=\"width: 396px; height: 223px;\" \/> <\/a> <\/div> <\/div> <!-- close group --> <div class=\"gallery-group images-1\" style=\"width: 400px; height: 227px;\" data-original-width=\"400\" data-original-height=\"227\" > <div class=\"tiled-gallery-item tiled-gallery-item-large\" itemprop=\"associatedMedia\" itemscope itemtype=\"http:\/\/schema.org\/ImageObject\"> <a href=\"https:\/\/cdnoticias.com\/index.php\/2023\/12\/05\/puesta-en-marcha-de-un-centro-de-testeo-rapido-de-vih-en-el-hospital-de-oncologia\/vih-sida-testeos-03\/\" border=\"0\" itemprop=\"url\"> <meta itemprop=\"width\" content=\"396\"> <meta itemprop=\"height\" content=\"223\"> <img decoding=\"async\" class=\"\" data-attachment-id=\"103493\" data-orig-file=\"https:\/\/cdnoticias.com\/wp-content\/uploads\/2023\/12\/vih-sida-testeos-03.jpg\" data-orig-size=\"800,450\" data-comments-opened=\"\" data-image-meta=\"{&quot;aperture&quot;:&quot;0&quot;,&quot;credit&quot;:&quot;&quot;,&quot;camera&quot;:&quot;&quot;,&quot;caption&quot;:&quot;&quot;,&quot;created_timestamp&quot;:&quot;0&quot;,&quot;copyright&quot;:&quot;&quot;,&quot;focal_length&quot;:&quot;0&quot;,&quot;iso&quot;:&quot;0&quot;,&quot;shutter_speed&quot;:&quot;0&quot;,&quot;title&quot;:&quot;&quot;,&quot;orientation&quot;:&quot;0&quot;}\" data-image-title=\"vih-sida-testeos-03\" data-image-description=\"\" data-medium-file=\"https:\/\/i0.wp.com\/cdnoticias.com\/wp-content\/uploads\/2023\/12\/vih-sida-testeos-03.jpg?fit=300%2C169&#038;ssl=1\" data-large-file=\"https:\/\/i0.wp.com\/cdnoticias.com\/wp-content\/uploads\/2023\/12\/vih-sida-testeos-03.jpg?fit=800%2C450&#038;ssl=1\" src=\"https:\/\/i0.wp.com\/cdnoticias.com\/wp-content\/uploads\/2023\/12\/vih-sida-testeos-03.jpg?w=396&#038;h=223&#038;ssl=1\" srcset=\"https:\/\/i0.wp.com\/cdnoticias.com\/wp-content\/uploads\/2023\/12\/vih-sida-testeos-03.jpg?w=800&amp;ssl=1 800w, https:\/\/i0.wp.com\/cdnoticias.com\/wp-content\/uploads\/2023\/12\/vih-sida-testeos-03.jpg?resize=300%2C169&amp;ssl=1 300w, https:\/\/i0.wp.com\/cdnoticias.com\/wp-content\/uploads\/2023\/12\/vih-sida-testeos-03.jpg?resize=768%2C432&amp;ssl=1 768w\" width=\"396\" height=\"223\" loading=\"lazy\" data-original-width=\"396\" data-original-height=\"223\" itemprop=\"http:\/\/schema.org\/image\" title=\"vih-sida-testeos-03\" alt=\"vih-sida-testeos-03\" style=\"width: 396px; height: 223px;\" \/> <\/a> <\/div> <\/div> <!-- close group --> <\/div> <!-- close row --> <div class=\"gallery-row\" style=\"width: 800px; height: 227px;\" data-original-width=\"800\" data-original-height=\"227\" > <div class=\"gallery-group images-1\" style=\"width: 400px; height: 227px;\" data-original-width=\"400\" data-original-height=\"227\" > <div class=\"tiled-gallery-item tiled-gallery-item-large\" itemprop=\"associatedMedia\" itemscope itemtype=\"http:\/\/schema.org\/ImageObject\"> <a href=\"https:\/\/cdnoticias.com\/index.php\/2023\/12\/05\/puesta-en-marcha-de-un-centro-de-testeo-rapido-de-vih-en-el-hospital-de-oncologia\/vih-sida-testeos-oncologia\/\" border=\"0\" itemprop=\"url\"> <meta itemprop=\"width\" content=\"396\"> <meta itemprop=\"height\" content=\"223\"> <img decoding=\"async\" class=\"\" data-attachment-id=\"103495\" data-orig-file=\"https:\/\/cdnoticias.com\/wp-content\/uploads\/2023\/12\/vih-sida-testeos-oncologia.jpg\" data-orig-size=\"800,450\" data-comments-opened=\"\" data-image-meta=\"{&quot;aperture&quot;:&quot;0&quot;,&quot;credit&quot;:&quot;&quot;,&quot;camera&quot;:&quot;&quot;,&quot;caption&quot;:&quot;&quot;,&quot;created_timestamp&quot;:&quot;0&quot;,&quot;copyright&quot;:&quot;&quot;,&quot;focal_length&quot;:&quot;0&quot;,&quot;iso&quot;:&quot;0&quot;,&quot;shutter_speed&quot;:&quot;0&quot;,&quot;title&quot;:&quot;&quot;,&quot;orientation&quot;:&quot;0&quot;}\" data-image-title=\"vih-sida-testeos-oncologia\" data-image-description=\"\" data-medium-file=\"https:\/\/i0.wp.com\/cdnoticias.com\/wp-content\/uploads\/2023\/12\/vih-sida-testeos-oncologia.jpg?fit=300%2C169&#038;ssl=1\" data-large-file=\"https:\/\/i0.wp.com\/cdnoticias.com\/wp-content\/uploads\/2023\/12\/vih-sida-testeos-oncologia.jpg?fit=800%2C450&#038;ssl=1\" src=\"https:\/\/i0.wp.com\/cdnoticias.com\/wp-content\/uploads\/2023\/12\/vih-sida-testeos-oncologia.jpg?w=396&#038;h=223&#038;ssl=1\" srcset=\"https:\/\/i0.wp.com\/cdnoticias.com\/wp-content\/uploads\/2023\/12\/vih-sida-testeos-oncologia.jpg?w=800&amp;ssl=1 800w, https:\/\/i0.wp.com\/cdnoticias.com\/wp-content\/uploads\/2023\/12\/vih-sida-testeos-oncologia.jpg?resize=300%2C169&amp;ssl=1 300w, https:\/\/i0.wp.com\/cdnoticias.com\/wp-content\/uploads\/2023\/12\/vih-sida-testeos-oncologia.jpg?resize=768%2C432&amp;ssl=1 768w\" width=\"396\" height=\"223\" loading=\"lazy\" data-original-width=\"396\" data-original-height=\"223\" itemprop=\"http:\/\/schema.org\/image\" title=\"vih-sida-testeos-oncologia\" alt=\"vih-sida-testeos-oncologia\" style=\"width: 396px; height: 223px;\" \/> <\/a> <\/div> <\/div> <!-- close group --> <div class=\"gallery-group images-1\" style=\"width: 400px; height: 227px;\" data-original-width=\"400\" data-original-height=\"227\" > <div class=\"tiled-gallery-item tiled-gallery-item-large\" itemprop=\"associatedMedia\" itemscope itemtype=\"http:\/\/schema.org\/ImageObject\"> <a href=\"https:\/\/cdnoticias.com\/index.php\/2023\/12\/05\/puesta-en-marcha-de-un-centro-de-testeo-rapido-de-vih-en-el-hospital-de-oncologia\/diaz-rodriguez-testeos-vih\/\" border=\"0\" itemprop=\"url\"> <meta itemprop=\"width\" content=\"396\"> <meta itemprop=\"height\" content=\"223\"> <img decoding=\"async\" class=\"\" data-attachment-id=\"103488\" data-orig-file=\"https:\/\/cdnoticias.com\/wp-content\/uploads\/2023\/12\/diaz-rodriguez-testeos-vih.jpg\" data-orig-size=\"800,450\" data-comments-opened=\"\" data-image-meta=\"{&quot;aperture&quot;:&quot;0&quot;,&quot;credit&quot;:&quot;&quot;,&quot;camera&quot;:&quot;&quot;,&quot;caption&quot;:&quot;&quot;,&quot;created_timestamp&quot;:&quot;0&quot;,&quot;copyright&quot;:&quot;&quot;,&quot;focal_length&quot;:&quot;0&quot;,&quot;iso&quot;:&quot;0&quot;,&quot;shutter_speed&quot;:&quot;0&quot;,&quot;title&quot;:&quot;&quot;,&quot;orientation&quot;:&quot;0&quot;}\" data-image-title=\"diaz-rodriguez-testeos-vih\" data-image-description=\"\" data-medium-file=\"https:\/\/i0.wp.com\/cdnoticias.com\/wp-content\/uploads\/2023\/12\/diaz-rodriguez-testeos-vih.jpg?fit=300%2C169&#038;ssl=1\" data-large-file=\"https:\/\/i0.wp.com\/cdnoticias.com\/wp-content\/uploads\/2023\/12\/diaz-rodriguez-testeos-vih.jpg?fit=800%2C450&#038;ssl=1\" src=\"https:\/\/i0.wp.com\/cdnoticias.com\/wp-content\/uploads\/2023\/12\/diaz-rodriguez-testeos-vih.jpg?w=396&#038;h=223&#038;ssl=1\" srcset=\"https:\/\/i0.wp.com\/cdnoticias.com\/wp-content\/uploads\/2023\/12\/diaz-rodriguez-testeos-vih.jpg?w=800&amp;ssl=1 800w, https:\/\/i0.wp.com\/cdnoticias.com\/wp-content\/uploads\/2023\/12\/diaz-rodriguez-testeos-vih.jpg?resize=300%2C169&amp;ssl=1 300w, https:\/\/i0.wp.com\/cdnoticias.com\/wp-content\/uploads\/2023\/12\/diaz-rodriguez-testeos-vih.jpg?resize=768%2C432&amp;ssl=1 768w\" width=\"396\" height=\"223\" loading=\"lazy\" data-original-width=\"396\" data-original-height=\"223\" itemprop=\"http:\/\/schema.org\/image\" title=\"diaz-rodriguez-testeos-vih\" alt=\"diaz-rodriguez-testeos-vih\" style=\"width: 396px; height: 223px;\" \/> <\/a> <\/div> <\/div> <!-- close group --> <\/div> <!-- close row --> <\/div>\n<h2>Rebrote de s\u00edfilis<\/h2>\n<p>Carlos Rodr\u00edguez hizo menci\u00f3n a su vez, a la \u201cesperanza\u201d de que con la nueva gesti\u00f3n se pueda <strong>mejorar el funcionamiento del Consultorio Inclusivo.<\/strong><\/p>\n<p>\u201cSabemos que es el punto m\u00e1s preocupante es la salud en todo sentido, desde las salas a m\u00e1s personal, a capacitaciones del personal, pero tenemos esperanza de que s\u00ed, siguiendo los lineamientos del Ministerio de Salud de la Provincia facilitar que la poblaci\u00f3n acceda a estos servicios de salud sexual\u201d, resalt\u00f3.<\/p>\n<blockquote>\n<p>Adem\u00e1s, cont\u00f3 que \u201cla provincia de Buenos Aires y Olavarr\u00eda en particular tienen muchos casos de s\u00edfilis, hay rebrotes. Por lo tanto, estos testeos r\u00e1pidos tambi\u00e9n permiten a las personas acceder a ese diagn\u00f3stico y es un tratamiento muy f\u00e1cil\u201d.<\/p><\/blockquote>\n<p>\u201cLo que so\u00f1amos a futuro es poder pensar un <strong>trabajo m\u00e1s territorial<\/strong>, con los mismos promotores y promotoras de salud, con los referentes de organizaciones sociales, el MTE, Movimiento Evita, donde los testeos r\u00e1pidos se hacen en las propias sedes de las organizaciones en vinculaci\u00f3n con el sistema de salud\u201d, afirm\u00f3 Rodr\u00edguez.<\/p>\n<p>\u201cEstamos a 42 a\u00f1os del VIH, persiste el estigma y la discriminaci\u00f3n, hace falta m\u00e1s educaci\u00f3n sexual integral, formar al personal de salud con perspectiva g\u00e9nero, con perspectiva de derechos. <strong>Hay mucho por hacer todav\u00eda<\/strong>\u201d, concluy\u00f3.<\/p>\n<blockquote class=\"instagram-media\" data-instgrm-captioned data-instgrm-permalink=\"https:\/\/www.instagram.com\/reel\/C0eiOEvuUA8\/?utm_source=ig_embed&amp;utm_campaign=loading\" data-instgrm-version=\"14\" style=\" background:#FFF; border:0; border-radius:3px; box-shadow:0 0 1px 0 rgba(0,0,0,0.5),0 1px 10px 0 rgba(0,0,0,0.15); margin: 1px; max-width:540px; min-width:326px; padding:0; width:99.375%; width:-webkit-calc(100% - 2px); width:calc(100% - 2px);\">\n<div style=\"padding:16px;\"> <a href=\"https:\/\/www.instagram.com\/reel\/C0eiOEvuUA8\/?utm_source=ig_embed&amp;utm_campaign=loading\" style=\" background:#FFFFFF; line-height:0; padding:0 0; text-align:center; text-decoration:none; width:100%;\" target=\"_blank\" rel=\"noopener\"> <\/p>\n<div style=\" display: flex; flex-direction: row; align-items: center;\">\n<div style=\"background-color: #F4F4F4; border-radius: 50%; flex-grow: 0; height: 40px; margin-right: 14px; width: 40px;\"><\/div>\n<div style=\"display: flex; flex-direction: column; flex-grow: 1; justify-content: center;\">\n<div style=\" background-color: #F4F4F4; border-radius: 4px; flex-grow: 0; height: 14px; margin-bottom: 6px; width: 100px;\"><\/div>\n<div style=\" background-color: #F4F4F4; border-radius: 4px; flex-grow: 0; height: 14px; width: 60px;\"><\/div>\n<\/div>\n<\/div>\n<div style=\"padding: 19% 0;\"><\/div>\n<div style=\"display:block; height:50px; margin:0 auto 12px; width:50px;\"><svg width=\"50px\" height=\"50px\" viewBox=\"0 0 60 60\" version=\"1.1\" xmlns=\"https:\/\/www.w3.org\/2000\/svg\" xmlns:xlink=\"https:\/\/www.w3.org\/1999\/xlink\"><g stroke=\"none\" stroke-width=\"1\" fill=\"none\" fill-rule=\"evenodd\"><g transform=\"translate(-511.000000, -20.000000)\" fill=\"#000000\"><g><path d=\"M556.869,30.41 C554.814,30.41 553.148,32.076 553.148,34.131 C553.148,36.186 554.814,37.852 556.869,37.852 C558.924,37.852 560.59,36.186 560.59,34.131 C560.59,32.076 558.924,30.41 556.869,30.41 M541,60.657 C535.114,60.657 530.342,55.887 530.342,50 C530.342,44.114 535.114,39.342 541,39.342 C546.887,39.342 551.658,44.114 551.658,50 C551.658,55.887 546.887,60.657 541,60.657 M541,33.886 C532.1,33.886 524.886,41.1 524.886,50 C524.886,58.899 532.1,66.113 541,66.113 C549.9,66.113 557.115,58.899 557.115,50 C557.115,41.1 549.9,33.886 541,33.886 M565.378,62.101 C565.244,65.022 564.756,66.606 564.346,67.663 C563.803,69.06 563.154,70.057 562.106,71.106 C561.058,72.155 560.06,72.803 558.662,73.347 C557.607,73.757 556.021,74.244 553.102,74.378 C549.944,74.521 548.997,74.552 541,74.552 C533.003,74.552 532.056,74.521 528.898,74.378 C525.979,74.244 524.393,73.757 523.338,73.347 C521.94,72.803 520.942,72.155 519.894,71.106 C518.846,70.057 518.197,69.06 517.654,67.663 C517.244,66.606 516.755,65.022 516.623,62.101 C516.479,58.943 516.448,57.996 516.448,50 C516.448,42.003 516.479,41.056 516.623,37.899 C516.755,34.978 517.244,33.391 517.654,32.338 C518.197,30.938 518.846,29.942 519.894,28.894 C520.942,27.846 521.94,27.196 523.338,26.654 C524.393,26.244 525.979,25.756 528.898,25.623 C532.057,25.479 533.004,25.448 541,25.448 C548.997,25.448 549.943,25.479 553.102,25.623 C556.021,25.756 557.607,26.244 558.662,26.654 C560.06,27.196 561.058,27.846 562.106,28.894 C563.154,29.942 563.803,30.938 564.346,32.338 C564.756,33.391 565.244,34.978 565.378,37.899 C565.522,41.056 565.552,42.003 565.552,50 C565.552,57.996 565.522,58.943 565.378,62.101 M570.82,37.631 C570.674,34.438 570.167,32.258 569.425,30.349 C568.659,28.377 567.633,26.702 565.965,25.035 C564.297,23.368 562.623,22.342 560.652,21.575 C558.743,20.834 556.562,20.326 553.369,20.18 C550.169,20.033 549.148,20 541,20 C532.853,20 531.831,20.033 528.631,20.18 C525.438,20.326 523.257,20.834 521.349,21.575 C519.376,22.342 517.703,23.368 516.035,25.035 C514.368,26.702 513.342,28.377 512.574,30.349 C511.834,32.258 511.326,34.438 511.181,37.631 C511.035,40.831 511,41.851 511,50 C511,58.147 511.035,59.17 511.181,62.369 C511.326,65.562 511.834,67.743 512.574,69.651 C513.342,71.625 514.368,73.296 516.035,74.965 C517.703,76.634 519.376,77.658 521.349,78.425 C523.257,79.167 525.438,79.673 528.631,79.82 C531.831,79.965 532.853,80.001 541,80.001 C549.148,80.001 550.169,79.965 553.369,79.82 C556.562,79.673 558.743,79.167 560.652,78.425 C562.623,77.658 564.297,76.634 565.965,74.965 C567.633,73.296 568.659,71.625 569.425,69.651 C570.167,67.743 570.674,65.562 570.82,62.369 C570.966,59.17 571,58.147 571,50 C571,41.851 570.966,40.831 570.82,37.631\"><\/path><\/g><\/g><\/g><\/svg><\/div>\n<div style=\"padding-top: 8px;\">\n<div style=\" color:#3897f0; font-family:Arial,sans-serif; font-size:14px; font-style:normal; font-weight:550; line-height:18px;\">Ver esta publicaci\u00f3n en Instagram<\/div>\n<\/div>\n<div style=\"padding: 12.5% 0;\"><\/div>\n<div style=\"display: flex; flex-direction: row; margin-bottom: 14px; align-items: center;\">\n<div>\n<div style=\"background-color: #F4F4F4; border-radius: 50%; height: 12.5px; width: 12.5px; transform: translateX(0px) translateY(7px);\"><\/div>\n<div style=\"background-color: #F4F4F4; height: 12.5px; transform: rotate(-45deg) translateX(3px) translateY(1px); width: 12.5px; flex-grow: 0; margin-right: 14px; margin-left: 2px;\"><\/div>\n<div style=\"background-color: #F4F4F4; border-radius: 50%; height: 12.5px; width: 12.5px; transform: translateX(9px) translateY(-18px);\"><\/div>\n<\/div>\n<div style=\"margin-left: 8px;\">\n<div style=\" background-color: #F4F4F4; border-radius: 50%; flex-grow: 0; height: 20px; width: 20px;\"><\/div>\n<div style=\" width: 0; height: 0; border-top: 2px solid transparent; border-left: 6px solid #f4f4f4; border-bottom: 2px solid transparent; transform: translateX(16px) translateY(-4px) rotate(30deg)\"><\/div>\n<\/div>\n<div style=\"margin-left: auto;\">\n<div style=\" width: 0px; border-top: 8px solid #F4F4F4; border-right: 8px solid transparent; transform: translateY(16px);\"><\/div>\n<div style=\" background-color: #F4F4F4; flex-grow: 0; height: 12px; width: 16px; transform: translateY(-4px);\"><\/div>\n<div style=\" width: 0; height: 0; border-top: 8px solid #F4F4F4; border-left: 8px solid transparent; transform: translateY(-4px) translateX(8px);\"><\/div>\n<\/div>\n<\/div>\n<div style=\"display: flex; flex-direction: column; flex-grow: 1; justify-content: center; margin-bottom: 24px;\">\n<div style=\" background-color: #F4F4F4; border-radius: 4px; flex-grow: 0; height: 14px; margin-bottom: 6px; width: 224px;\"><\/div>\n<div style=\" background-color: #F4F4F4; border-radius: 4px; flex-grow: 0; height: 14px; width: 144px;\"><\/div>\n<\/div>\n<p><\/a><\/p>\n<p style=\" color:#c9c8cd; font-family:Arial,sans-serif; font-size:14px; line-height:17px; margin-bottom:0; margin-top:8px; overflow:hidden; padding:8px 0 7px; text-align:center; text-overflow:ellipsis; white-space:nowrap;\"><a href=\"https:\/\/www.instagram.com\/reel\/C0eiOEvuUA8\/?utm_source=ig_embed&amp;utm_campaign=loading\" style=\" color:#c9c8cd; font-family:Arial,sans-serif; font-size:14px; font-style:normal; font-weight:normal; line-height:17px; text-decoration:none;\" target=\"_blank\" rel=\"noopener\">Una publicaci\u00f3n compartida de Central de Noticias Olavarr\u00eda (@cdnolavarria)<\/a><\/p>\n<\/div>\n<\/blockquote>\n<p> <script async src=\"\/\/www.instagram.com\/embed.js\"><\/script><\/p>\n","protected":false},"excerpt":{"rendered":"<p>Funciona de lunes a viernes y permitir\u00e1 detectar VIH y s\u00edfilis. Carlos Rodr\u00edguez, referente de Che Sida y Mario D\u00edaz<\/p>\n","protected":false},"author":2,"featured_media":103492,"comment_status":"closed","ping_status":"closed","sticky":false,"template":"","format":"standard","meta":{"_jetpack_memberships_contains_paid_content":false,"footnotes":""},"categories":[5,1],"tags":[],"class_list":["post-103485","post","type-post","status-publish","format-standard","has-post-thumbnail","hentry","category-informacion-general","category-portada"],"jetpack_featured_media_url":"https:\/\/i0.wp.com\/cdnoticias.com\/wp-content\/uploads\/2023\/12\/vih-sida-testeos-02.jpg?fit=800%2C450&ssl=1","jetpack_sharing_enabled":true,"_links":{"self":[{"href":"https:\/\/cdnoticias.com\/index.php\/wp-json\/wp\/v2\/posts\/103485","targetHints":{"allow":["GET"]}}],"collection":[{"href":"https:\/\/cdnoticias.com\/index.php\/wp-json\/wp\/v2\/posts"}],"about":[{"href":"https:\/\/cdnoticias.com\/index.php\/wp-json\/wp\/v2\/types\/post"}],"author":[{"embeddable":true,"href":"https:\/\/cdnoticias.com\/index.php\/wp-json\/wp\/v2\/users\/2"}],"replies":[{"embeddable":true,"href":"https:\/\/cdnoticias.com\/index.php\/wp-json\/wp\/v2\/comments?post=103485"}],"version-history":[{"count":0,"href":"https:\/\/cdnoticias.com\/index.php\/wp-json\/wp\/v2\/posts\/103485\/revisions"}],"wp:featuredmedia":[{"embeddable":true,"href":"https:\/\/cdnoticias.com\/index.php\/wp-json\/wp\/v2\/media\/103492"}],"wp:attachment":[{"href":"https:\/\/cdnoticias.com\/index.php\/wp-json\/wp\/v2\/media?parent=103485"}],"wp:term":[{"taxonomy":"category","embeddable":true,"href":"https:\/\/cdnoticias.com\/index.php\/wp-json\/wp\/v2\/categories?post=103485"},{"taxonomy":"post_tag","embeddable":true,"href":"https:\/\/cdnoticias.com\/index.php\/wp-json\/wp\/v2\/tags?post=103485"}],"curies":[{"name":"wp","href":"https:\/\/api.w.org\/{rel}","templated":true}]}}