{"id":103473,"date":"2023-12-05T11:35:32","date_gmt":"2023-12-05T14:35:32","guid":{"rendered":"https:\/\/cdnoticias.com\/?p=103473"},"modified":"2023-12-05T12:58:38","modified_gmt":"2023-12-05T15:58:38","slug":"avenida-avellaneda-finalizo-la-obra-de-repavimentacion-y-quedo-habilitada-al-transito","status":"publish","type":"post","link":"https:\/\/cdnoticias.com\/index.php\/2023\/12\/05\/avenida-avellaneda-finalizo-la-obra-de-repavimentacion-y-quedo-habilitada-al-transito\/","title":{"rendered":"Avenida Avellaneda: finalizan la obra de repavimentaci\u00f3n y qued\u00f3 habilitada al tr\u00e1nsito"},"content":{"rendered":"<p>Se realiz\u00f3 una inversi\u00f3n total de 220 millones de pesos. Las tareas se llevaron adelante en la mencionada avenida entre Circunvalaci\u00f3n y ruta provincial 51. El intendente se\u00f1al\u00f3: &#8220;quedaron 800 metros para\u00a0 terminar&#8221; e indic\u00f3 que &#8220;quedar\u00e1 para la pr\u00f3xima gesti\u00f3n&#8221;. <!--more--><\/p>\n<hr \/>\n<p>Finaliz\u00f3 la <strong>repavimentaci\u00f3n de la avenida Avellaneda entre Circunvalaci\u00f3n y ruta provincial 51,<\/strong> una importante arteria de acceso a la ciudad desde las localidades y otras ciudades del sur. La novedad fue informada por el Municipio y se anunci\u00f3 que <strong>la arteria qued\u00f3 formalmente habilitada al tr\u00e1nsito vehicular.<\/strong><\/p>\n<p>El intendente Ezequiel Galli, acompa\u00f1ada por el secretario de Mantenimiento y Obras P\u00fablicas, Julio Ferraro, recorrieron durante la ma\u00f1ana de este martes el sector.<\/p>\n<blockquote><p>\u201cQuedaron solamente alrededor de 800 metros para terminar toda la repavimentaci\u00f3n de punta a punta, quedar\u00e1 para la pr\u00f3xima gesti\u00f3n, ojal\u00e1 que se pueda terminar pronto porque es una arteria important\u00edsima para todos los vecinos del Partido de Olavarr\u00eda\u201d, se\u00f1al\u00f3 Galli.<\/p><\/blockquote>\n<p>La obra ejecutada demand\u00f3 una<strong> inversi\u00f3n total de 220 millones de pesos.<\/strong> Los funcionarios destacaron la importancia de la obra para mejorar la transitabilidad y seguridad vial para toda la comunidad. Adem\u00e1s del impacto para el sector productivo local, teniendo en cuenta que es una de las v\u00edas de acceso principales a la planta urbana y a las radicaciones industriales futuras.<\/p>\n<blockquote class=\"instagram-media\" style=\"background: #FFF; border: 0; border-radius: 3px; box-shadow: 0 0 1px 0 rgba(0,0,0,0.5),0 1px 10px 0 rgba(0,0,0,0.15); margin: 1px; max-width: 540px; min-width: 326px; padding: 0; width: calc(100% - 2px);\" data-instgrm-captioned=\"\" data-instgrm-permalink=\"https:\/\/www.instagram.com\/reel\/C0eSvhIOWXS\/?utm_source=ig_embed&amp;utm_campaign=loading\" data-instgrm-version=\"14\">\n<div style=\"padding: 16px;\">\n<div style=\"display: flex; flex-direction: row; align-items: center;\">\n<div style=\"background-color: #f4f4f4; border-radius: 50%; flex-grow: 0; height: 40px; margin-right: 14px; width: 40px;\"><\/div>\n<div style=\"display: flex; flex-direction: column; flex-grow: 1; justify-content: center;\">\n<div style=\"background-color: #f4f4f4; border-radius: 4px; flex-grow: 0; height: 14px; margin-bottom: 6px; width: 100px;\"><\/div>\n<div style=\"background-color: #f4f4f4; border-radius: 4px; flex-grow: 0; height: 14px; width: 60px;\"><\/div>\n<\/div>\n<\/div>\n<div style=\"padding: 19% 0;\"><\/div>\n<div style=\"display: block; height: 50px; margin: 0 auto 12px; width: 50px;\"><\/div>\n<div style=\"padding-top: 8px;\">\n<div style=\"color: #3897f0; font-family: Arial,sans-serif; font-size: 14px; font-style: normal; font-weight: 550; line-height: 18px;\">Ver esta publicaci\u00f3n en Instagram<\/div>\n<\/div>\n<div style=\"padding: 12.5% 0;\"><\/div>\n<div style=\"display: flex; flex-direction: row; margin-bottom: 14px; align-items: center;\">\n<div>\n<div style=\"background-color: #f4f4f4; border-radius: 50%; height: 12.5px; width: 12.5px; transform: translateX(0px) translateY(7px);\"><\/div>\n<div style=\"background-color: #f4f4f4; height: 12.5px; transform: rotate(-45deg) translateX(3px) translateY(1px); width: 12.5px; flex-grow: 0; margin-right: 14px; margin-left: 2px;\"><\/div>\n<div style=\"background-color: #f4f4f4; border-radius: 50%; height: 12.5px; width: 12.5px; transform: translateX(9px) translateY(-18px);\"><\/div>\n<\/div>\n<div style=\"margin-left: 8px;\">\n<div style=\"background-color: #f4f4f4; border-radius: 50%; flex-grow: 0; height: 20px; width: 20px;\"><\/div>\n<div style=\"width: 0; height: 0; border-top: 2px solid transparent; border-left: 6px solid #f4f4f4; border-bottom: 2px solid transparent; transform: translateX(16px) translateY(-4px) rotate(30deg);\"><\/div>\n<\/div>\n<div style=\"margin-left: auto;\">\n<div style=\"width: 0px; border-top: 8px solid #F4F4F4; border-right: 8px solid transparent; transform: translateY(16px);\"><\/div>\n<div style=\"background-color: #f4f4f4; flex-grow: 0; height: 12px; width: 16px; transform: translateY(-4px);\"><\/div>\n<div style=\"width: 0; height: 0; border-top: 8px solid #F4F4F4; border-left: 8px solid transparent; transform: translateY(-4px) translateX(8px);\"><\/div>\n<\/div>\n<\/div>\n<div style=\"display: flex; flex-direction: column; flex-grow: 1; justify-content: center; margin-bottom: 24px;\">\n<div style=\"background-color: #f4f4f4; border-radius: 4px; flex-grow: 0; height: 14px; margin-bottom: 6px; width: 224px;\"><\/div>\n<div style=\"background-color: #f4f4f4; border-radius: 4px; flex-grow: 0; height: 14px; width: 144px;\"><\/div>\n<\/div>\n<p style=\"color: #c9c8cd; font-family: Arial,sans-serif; font-size: 14px; line-height: 17px; margin-bottom: 0; margin-top: 8px; overflow: hidden; padding: 8px 0 7px; text-align: center; text-overflow: ellipsis; white-space: nowrap;\"><a style=\"color: #c9c8cd; font-family: Arial,sans-serif; font-size: 14px; font-style: normal; font-weight: normal; line-height: 17px; text-decoration: none;\" href=\"https:\/\/www.instagram.com\/reel\/C0eSvhIOWXS\/?utm_source=ig_embed&amp;utm_campaign=loading\" target=\"_blank\" rel=\"noopener\">Una publicaci\u00f3n compartida de Ezequiel Galli (@galliezequiel)<\/a><\/p>\n<\/div>\n<\/blockquote>\n<p><script async src=\"\/\/www.instagram.com\/embed.js\"><\/script><\/p>\n<p>Recordaron, a su vez, que anteriormente dicho tramo se encontraba con un <strong>pavimento altamente deteriorado<\/strong>, que hac\u00eda dificultoso el tr\u00e1nsito diario en un sector de una fluida circulaci\u00f3n vehicular.<\/p>\n<p>Las tareas llevadas adelante incluyeron un <strong>sector de bicisendas<\/strong> para el desarrollo de actividades f\u00edsicas y el tr\u00e1nsito seguro de ciclistas.<\/p>\n<p><strong>En total la obra de repavimentaci\u00f3n comprendi\u00f3 16 cuadras,<\/strong> divididas en dos etapas, la tercera etapa desde Calle 185 a Calle 201, a cargo de la firma de N\u00e9stor Burgart, y la cuarta desde Calle 201 hasta Calle 217 que fue ejecutada por la empresa Demoliciones Olavarr\u00eda.<\/p>\n<p><em>Imagen de Archivo.\u00a0<\/em><\/p>\n","protected":false},"excerpt":{"rendered":"<p>Se realiz\u00f3 una inversi\u00f3n total de 220 millones de pesos. Las tareas se llevaron adelante en la mencionada avenida entre<\/p>\n","protected":false},"author":2,"featured_media":62582,"comment_status":"closed","ping_status":"closed","sticky":false,"template":"","format":"standard","meta":{"_jetpack_memberships_contains_paid_content":false,"footnotes":""},"categories":[5,1],"tags":[],"class_list":["post-103473","post","type-post","status-publish","format-standard","has-post-thumbnail","hentry","category-informacion-general","category-portada"],"jetpack_featured_media_url":"https:\/\/i0.wp.com\/cdnoticias.com\/wp-content\/uploads\/2022\/08\/Obras-Re-pavimentacion-Av.-Avellaneda-2-scaled-1.jpg?fit=2560%2C1711&ssl=1","jetpack_sharing_enabled":true,"_links":{"self":[{"href":"https:\/\/cdnoticias.com\/index.php\/wp-json\/wp\/v2\/posts\/103473","targetHints":{"allow":["GET"]}}],"collection":[{"href":"https:\/\/cdnoticias.com\/index.php\/wp-json\/wp\/v2\/posts"}],"about":[{"href":"https:\/\/cdnoticias.com\/index.php\/wp-json\/wp\/v2\/types\/post"}],"author":[{"embeddable":true,"href":"https:\/\/cdnoticias.com\/index.php\/wp-json\/wp\/v2\/users\/2"}],"replies":[{"embeddable":true,"href":"https:\/\/cdnoticias.com\/index.php\/wp-json\/wp\/v2\/comments?post=103473"}],"version-history":[{"count":0,"href":"https:\/\/cdnoticias.com\/index.php\/wp-json\/wp\/v2\/posts\/103473\/revisions"}],"wp:featuredmedia":[{"embeddable":true,"href":"https:\/\/cdnoticias.com\/index.php\/wp-json\/wp\/v2\/media\/62582"}],"wp:attachment":[{"href":"https:\/\/cdnoticias.com\/index.php\/wp-json\/wp\/v2\/media?parent=103473"}],"wp:term":[{"taxonomy":"category","embeddable":true,"href":"https:\/\/cdnoticias.com\/index.php\/wp-json\/wp\/v2\/categories?post=103473"},{"taxonomy":"post_tag","embeddable":true,"href":"https:\/\/cdnoticias.com\/index.php\/wp-json\/wp\/v2\/tags?post=103473"}],"curies":[{"name":"wp","href":"https:\/\/api.w.org\/{rel}","templated":true}]}}