{"id":10346,"date":"2020-12-31T17:58:45","date_gmt":"2020-12-31T20:58:45","guid":{"rendered":"http:\/\/www.centraldenoticias.com.ar\/?p=10346"},"modified":"2020-12-31T19:22:51","modified_gmt":"2020-12-31T22:22:51","slug":"la-corriente-nacional-de-militancia-con-representacion-en-la-septima","status":"publish","type":"post","link":"https:\/\/cdnoticias.com\/index.php\/2020\/12\/31\/la-corriente-nacional-de-militancia-con-representacion-en-la-septima\/","title":{"rendered":"La Corriente Nacional de Militancia, con representaci\u00f3n en la S\u00e9ptima"},"content":{"rendered":"<p>La agrupaci\u00f3n interna del Frente de Todos defini\u00f3 que Cristina \u00c1lvarez Rodr\u00edguez conduzca en la provincia de Buenos Aires. Adriana Capuano, l\u00edder seccional. La adhesi\u00f3n de Liliana Schwindt.<!--more--><\/p>\n<hr \/>\n<p><strong>\u201cCristina \u00c1lvarez Rodr\u00edguez conducir\u00e1 la Corriente Nacional de la Militancia (CNM) en la provincia de Buenos Aires\u201d<\/strong> se inform\u00f3 d\u00edas pasados desde la agrupaci\u00f3n que integra el <strong>Frente de Todos<\/strong>.<\/p>\n<p>La diputada nacional <strong>Cristina \u00c1lvarez Rodr\u00edguez<\/strong>, el ministro de Defensa, <strong>Agust\u00edn Rossi<\/strong> y el secretario de Malvinas, Ant\u00e1rtida y Atl\u00e1ntico Sur, <strong>Daniel Filmus<\/strong> encabezaron el plenario de la Corriente Nacional de la Militancia de la provincia de Buenos Aires junto a m\u00e1s de 500 militantes, entre quienes hab\u00eda intendentes, legisladores y legisladoras provinciales, funcionarios y funcionarias, concejales y concejalas de los 135 municipios de la provincia.<\/p>\n<p>Alvarez Rodr\u00edguez dijo que \u201clas y los peronistas y militantes del campo popular sabemos que fue la unidad la que nos trajo hasta ac\u00e1 y <strong>es la unidad la que nos va a permitir reconstruir la Argentina y esta provincia<\/strong> que tanto queremos junto a Alberto, Cristina, Axel y Ver\u00f3nica\u201d.<\/p>\n<p>Agreg\u00f3 que \u201ctenemos el desaf\u00edo de implementar una agenda pol\u00edtica territorial y contar los logros del gobierno nacional y provincial a lo largo y ancho de la provincia de Buenos Aires, para construir con mucha fuerza un amplio <strong>triunfo en 2021 y en 2023<\/strong>. Por eso estamos ac\u00e1 en la Corriente\u201d.<\/p>\n<p><img data-recalc-dims=\"1\" loading=\"lazy\" decoding=\"async\" class=\"aligncenter wp-image-10349\" src=\"https:\/\/i0.wp.com\/cdnoticias.com\/wp-content\/uploads\/2020\/12\/corriente.jpg?resize=700%2C415&#038;ssl=1\" alt=\"\" width=\"700\" height=\"415\" srcset=\"https:\/\/i0.wp.com\/cdnoticias.com\/wp-content\/uploads\/2020\/12\/corriente.jpg?resize=300%2C178&amp;ssl=1 300w, https:\/\/i0.wp.com\/cdnoticias.com\/wp-content\/uploads\/2020\/12\/corriente.jpg?w=765&amp;ssl=1 765w\" sizes=\"auto, (max-width: 700px) 100vw, 700px\" \/><\/p>\n<p><strong>En la S\u00e9ptima<\/strong><\/p>\n<p>Seg\u00fan se dio a conocer, <strong>se conform\u00f3 la referencia seccional de La Corriente Nacional de la Militancia, con la conducci\u00f3n de Adriana Capuano<\/strong>, quien actualmente se desempe\u00f1a como Directora Nacional de Personas Mayores en el Ministerio de Salud de la Naci\u00f3n.<\/p>\n<p>Capuano es m\u00e9dica de reconocida trayectoria y experiencia en la gesti\u00f3n estatal de la salud p\u00fablica, llevo adelante la UGLXXX de PAMI Azul por m\u00e1s de 13 a\u00f1os, actualmente trabaja en el equipo del Ministro Gin\u00e9s Garc\u00eda Gonz\u00e1lez a nivel nacional, fue presidenta del Partido Justicialista local y ex concejal del Frente para la Victoria.<\/p>\n<p>El 22 de diciembre, <strong>Cristina Alvarez Rodr\u00edguez recibi\u00f3 en su despacho a la dirigente seccional y un grupo de militancia de cada uno de los municipios que integran la regi\u00f3n<\/strong>, entre ellos acompa\u00f1aron <strong>Sergio Milesi y Florencia Popp (Olavarr\u00eda)<\/strong>; Pablo Puppio (Azul); Miguel Gargiullo (Bol\u00edvar); Gerardo Zarandona (Saladillo); Luis Alberto Oriozabala (General Alvear); Fabian Rubino (Tapalqu\u00e9) y Rodrigo Tosto (25 de Mayo), en representaci\u00f3n de m\u00e1s compa\u00f1eras\/os que no han podido hacerse presente.<\/p>\n<p>\u201cAll\u00ed qued\u00f3 establecido el compromiso por parte de las compa\u00f1eras y compa\u00f1eros de <strong>implementar una agenda pol\u00edtica territorial de La Corriente<\/strong>, y construir una fuerza que contribuya a la unidad que permita al conjunto avanzar hacia una Patria Soberana y con Justicia Social, en una provincia pujante para todos y todas\u201d se inform\u00f3 tras el encuentro.<\/p>\n<p>A su vez, se resalt\u00f3 que \u201ccobra relevancia la imperiosa necesidad de seguir militando para construir <strong>nuevos puentes con los vecinos y las vecinas<\/strong>. No solo para facilitar la comunicaci\u00f3n de las pol\u00edticas p\u00fablicas de los gobiernos provincial y nacional, sino tambi\u00e9n para hacer posible que este nuevo espacio, integrado al Frente de Todos, permita recuperar aquellos distritos donde no somos gobierno y fortalecer a aquellos que tenemos la responsabilidad de conducir\u201d.<\/p>\n<p><img data-recalc-dims=\"1\" loading=\"lazy\" decoding=\"async\" class=\"aligncenter wp-image-10348\" src=\"https:\/\/i0.wp.com\/cdnoticias.com\/wp-content\/uploads\/2020\/12\/corriente-2-liliana-schwindt.jpg?resize=700%2C578&#038;ssl=1\" alt=\"\" width=\"700\" height=\"578\" srcset=\"https:\/\/i0.wp.com\/cdnoticias.com\/wp-content\/uploads\/2020\/12\/corriente-2-liliana-schwindt.jpg?resize=300%2C248&amp;ssl=1 300w, https:\/\/i0.wp.com\/cdnoticias.com\/wp-content\/uploads\/2020\/12\/corriente-2-liliana-schwindt.jpg?resize=768%2C634&amp;ssl=1 768w, https:\/\/i0.wp.com\/cdnoticias.com\/wp-content\/uploads\/2020\/12\/corriente-2-liliana-schwindt.jpg?resize=1024%2C846&amp;ssl=1 1024w, https:\/\/i0.wp.com\/cdnoticias.com\/wp-content\/uploads\/2020\/12\/corriente-2-liliana-schwindt.jpg?w=2048&amp;ssl=1 2048w, https:\/\/i0.wp.com\/cdnoticias.com\/wp-content\/uploads\/2020\/12\/corriente-2-liliana-schwindt.jpg?w=1600&amp;ssl=1 1600w\" sizes=\"auto, (max-width: 700px) 100vw, 700px\" \/><\/p>\n<p><strong>Adhesi\u00f3n<\/strong><\/p>\n<p>En tanto, el mi\u00e9rcoles en el marco de la \u00faltima sesi\u00f3n del a\u00f1o de la C\u00e1mara de Diputados, <strong>Liliana Schwindt se mostr\u00f3 junto a Cristina \u00c1lvarez Rodr\u00edguez<\/strong> y anunci\u00f3 su adhesi\u00f3n a la agrupaci\u00f3n.<\/p>\n<p>\u201cUn placer y un orgullo enorme sumarme a La Corriente Nacional de la Militancia\u201d expres\u00f3 la legisladora nacional olavarriense.<\/p>\n<blockquote class=\"twitter-tweet\">\n<p dir=\"ltr\" lang=\"es\">Ac\u00e1 en Diputados, junto a la compa\u00f1era <a href=\"https:\/\/twitter.com\/CrisAlvarezRod?ref_src=twsrc%5Etfw\">@CrisAlvarezRod<\/a><\/p>\n<p>Un placer y un orgullo enorme sumarme a La Corriente Nacional de la Militancia<\/p>\n<p>Mi compromiso total para seguir trabajando por el futuro de Olavarr\u00eda, de la Provincia y del pa\u00eds.<a href=\"https:\/\/twitter.com\/hashtag\/ArgentinaUnida?src=hash&amp;ref_src=twsrc%5Etfw\">#ArgentinaUnida<\/a> \ud83d\ude0a\ud83c\udde6\ud83c\uddf7 <a href=\"https:\/\/t.co\/OKbP9bWldA\">pic.twitter.com\/OKbP9bWldA<\/a><\/p>\n<p>\u2014 Liliana Schwindt (@LILIDEOLAVARRIA) <a href=\"https:\/\/twitter.com\/LILIDEOLAVARRIA\/status\/1343993731347836932?ref_src=twsrc%5Etfw\">December 29, 2020<\/a><\/p><\/blockquote>\n<p><script async src=\"https:\/\/platform.twitter.com\/widgets.js\" charset=\"utf-8\"><\/script><\/p>\n","protected":false},"excerpt":{"rendered":"<p>La agrupaci\u00f3n interna del Frente de Todos defini\u00f3 que Cristina \u00c1lvarez Rodr\u00edguez conduzca en la provincia de Buenos Aires. Adriana<\/p>\n","protected":false},"author":4,"featured_media":10368,"comment_status":"closed","ping_status":"closed","sticky":false,"template":"","format":"standard","meta":{"_jetpack_memberships_contains_paid_content":false,"footnotes":""},"categories":[4,1],"tags":[],"class_list":["post-10346","post","type-post","status-publish","format-standard","has-post-thumbnail","hentry","category-politica","category-portada"],"jetpack_featured_media_url":"https:\/\/i0.wp.com\/cdnoticias.com\/wp-content\/uploads\/2020\/12\/corriente1.jpg?fit=955%2C629&ssl=1","jetpack_sharing_enabled":true,"_links":{"self":[{"href":"https:\/\/cdnoticias.com\/index.php\/wp-json\/wp\/v2\/posts\/10346","targetHints":{"allow":["GET"]}}],"collection":[{"href":"https:\/\/cdnoticias.com\/index.php\/wp-json\/wp\/v2\/posts"}],"about":[{"href":"https:\/\/cdnoticias.com\/index.php\/wp-json\/wp\/v2\/types\/post"}],"author":[{"embeddable":true,"href":"https:\/\/cdnoticias.com\/index.php\/wp-json\/wp\/v2\/users\/4"}],"replies":[{"embeddable":true,"href":"https:\/\/cdnoticias.com\/index.php\/wp-json\/wp\/v2\/comments?post=10346"}],"version-history":[{"count":0,"href":"https:\/\/cdnoticias.com\/index.php\/wp-json\/wp\/v2\/posts\/10346\/revisions"}],"wp:featuredmedia":[{"embeddable":true,"href":"https:\/\/cdnoticias.com\/index.php\/wp-json\/wp\/v2\/media\/10368"}],"wp:attachment":[{"href":"https:\/\/cdnoticias.com\/index.php\/wp-json\/wp\/v2\/media?parent=10346"}],"wp:term":[{"taxonomy":"category","embeddable":true,"href":"https:\/\/cdnoticias.com\/index.php\/wp-json\/wp\/v2\/categories?post=10346"},{"taxonomy":"post_tag","embeddable":true,"href":"https:\/\/cdnoticias.com\/index.php\/wp-json\/wp\/v2\/tags?post=10346"}],"curies":[{"name":"wp","href":"https:\/\/api.w.org\/{rel}","templated":true}]}}