{"id":103424,"date":"2023-12-06T17:10:23","date_gmt":"2023-12-06T20:10:23","guid":{"rendered":"https:\/\/cdnoticias.com\/?p=103424"},"modified":"2023-12-06T17:10:25","modified_gmt":"2023-12-06T20:10:25","slug":"cuentos-y-danzas-desde-la-llanura-llega-a-chamula-tierra-de-las-artes","status":"publish","type":"post","link":"https:\/\/cdnoticias.com\/index.php\/2023\/12\/06\/cuentos-y-danzas-desde-la-llanura-llega-a-chamula-tierra-de-las-artes\/","title":{"rendered":"\u201cCuentos y danzas desde la llanura\u201d llega a Chamula Tierra de las Artes"},"content":{"rendered":"\n<p>El evento se realizar\u00e1 el s\u00e1bado 9 con entrada libre y gratuita.<\/p>\n\n\n\n<hr class=\"wp-block-separator aligncenter has-alpha-channel-opacity\"\/>\n\n\n\n<p>La<strong> editorial platense Cuero <\/strong>presenta \u201c<strong><em>Cuentos y danzas desde la llanura<\/em><\/strong>\u201d una propuesta art\u00edstica donde los autores <strong>Victoria Ponce <\/strong>(Azul)<strong> y Pablo Castro <\/strong>(Olavarr\u00eda) <strong>presentar\u00e1n sus libros de cuentos, \u201cLas Vistas y Sobras negras\u201d,<\/strong> producciones publicadas recientemente por el sello.<\/p>\n\n\n\n<p><\/p>\n\n\n\n<p>La actividad se llevar\u00e1 a cabo el<strong> s\u00e1bado 9 a las 20 horas <\/strong>en el espacio cultural <strong>Chamula (Maip\u00fa 3756).<\/strong> <strong>La entrada ser\u00e1 libre y gratuita.<\/strong><\/p>\n\n\n\n<p><\/p>\n\n\n\n<p>Sobre la propuesta, se expres\u00f3 que \u201c<em>se trata de poner en circulaci\u00f3n la palabra y las ficciones nacidas en territorio bonaerense, revalorar la cultura de la regi\u00f3n, all\u00ed donde la llanura es protagonista y la tierra un vasto horizonte que habla\u201d.<\/em><\/p>\n\n\n\n<p><\/p>\n\n\n\n<p>Por \u00faltimo, la actividad estar\u00e1 integrada por <strong>bailarines del grupo Ra\u00edces Criollas,<\/strong> quienes estar\u00e1n interpretando <strong>danzas t\u00edpicas de la regi\u00f3n<\/strong> para dar al conjunto un marco esc\u00e9nico que ser\u00e1 un ir hacia el llano.<\/p>\n","protected":false},"excerpt":{"rendered":"<p>El evento se realizar\u00e1 el s\u00e1bado 9 con entrada libre y gratuita. La editorial platense Cuero presenta \u201cCuentos y danzas<\/p>\n","protected":false},"author":6,"featured_media":1370,"comment_status":"closed","ping_status":"closed","sticky":false,"template":"","format":"standard","meta":{"_jetpack_memberships_contains_paid_content":false,"footnotes":""},"categories":[9,1],"tags":[],"class_list":["post-103424","post","type-post","status-publish","format-standard","has-post-thumbnail","hentry","category-cultura","category-portada"],"jetpack_featured_media_url":"https:\/\/i0.wp.com\/cdnoticias.com\/wp-content\/uploads\/2020\/09\/Chamula4.jpg?fit=4608%2C3072&ssl=1","jetpack_sharing_enabled":true,"_links":{"self":[{"href":"https:\/\/cdnoticias.com\/index.php\/wp-json\/wp\/v2\/posts\/103424","targetHints":{"allow":["GET"]}}],"collection":[{"href":"https:\/\/cdnoticias.com\/index.php\/wp-json\/wp\/v2\/posts"}],"about":[{"href":"https:\/\/cdnoticias.com\/index.php\/wp-json\/wp\/v2\/types\/post"}],"author":[{"embeddable":true,"href":"https:\/\/cdnoticias.com\/index.php\/wp-json\/wp\/v2\/users\/6"}],"replies":[{"embeddable":true,"href":"https:\/\/cdnoticias.com\/index.php\/wp-json\/wp\/v2\/comments?post=103424"}],"version-history":[{"count":0,"href":"https:\/\/cdnoticias.com\/index.php\/wp-json\/wp\/v2\/posts\/103424\/revisions"}],"wp:featuredmedia":[{"embeddable":true,"href":"https:\/\/cdnoticias.com\/index.php\/wp-json\/wp\/v2\/media\/1370"}],"wp:attachment":[{"href":"https:\/\/cdnoticias.com\/index.php\/wp-json\/wp\/v2\/media?parent=103424"}],"wp:term":[{"taxonomy":"category","embeddable":true,"href":"https:\/\/cdnoticias.com\/index.php\/wp-json\/wp\/v2\/categories?post=103424"},{"taxonomy":"post_tag","embeddable":true,"href":"https:\/\/cdnoticias.com\/index.php\/wp-json\/wp\/v2\/tags?post=103424"}],"curies":[{"name":"wp","href":"https:\/\/api.w.org\/{rel}","templated":true}]}}