{"id":103422,"date":"2023-12-04T15:57:07","date_gmt":"2023-12-04T18:57:07","guid":{"rendered":"https:\/\/cdnoticias.com\/?p=103422"},"modified":"2023-12-04T15:57:09","modified_gmt":"2023-12-04T18:57:09","slug":"abre-la-inscripcion-2024-a-la-tecnicatura-superior-en-mineria","status":"publish","type":"post","link":"https:\/\/cdnoticias.com\/index.php\/2023\/12\/04\/abre-la-inscripcion-2024-a-la-tecnicatura-superior-en-mineria\/","title":{"rendered":"Abre la inscripci\u00f3n 2024 a la Tecnicatura Superior en Miner\u00eda"},"content":{"rendered":"<p>Ser\u00e1 desde este lunes 4 hasta el 18 de diciembre. Las y los interesados pueden inscribirse de forma online. La carrera tiene una duraci\u00f3n de 3 a\u00f1os y es p\u00fablica y gratuita.<!--more--><\/p>\n<hr \/>\n<p>Este l<strong>unes 4 de diciembre desde las 18 horas<\/strong> abrir\u00e1 la inscripci\u00f3n 2024 a la Tecnicatura Superior en Miner\u00eda p\u00fablica y gratuita que dicta el Instituto Superior de Formaci\u00f3n T\u00e9cnica N\u00b0130. <strong>Ya se puede consultar la documentaci\u00f3n necesaria.<\/strong><\/p>\n<p>La primera<strong> Tecnicatura en Miner\u00eda p\u00fablica y gratuita comenz\u00f3 a dictarse en 2023<\/strong>, luego de dos a\u00f1os de trabajo en conjunto entre la Subsecretar\u00eda de Miner\u00eda a cargo de Federico Aguilera y las autoridades de Educaci\u00f3n Superior y T\u00e9cnica de la provincia de Buenos Aires.<\/p>\n<p>Esta formaci\u00f3n tiene una <strong>duraci\u00f3n de 3 a\u00f1os.<\/strong> Sus egresados y egresadas estar\u00e1n capacitados para asistir y colaborar con los profesionales responsables del dise\u00f1o y planificaci\u00f3n de las tareas vinculadas con la actividad minera, teniendo conocimientos de los recursos que se explotan tanto en el \u00e1mbito local, regional y nacional y de las metodolog\u00edas de extracci\u00f3n m\u00e1s adecuadas para operar en cada caso.<\/p>\n<p>&#8220;La apertura de esta tecnicatura es un verdadero hito de nuestra gesti\u00f3n porque Olavarr\u00eda, el distrito minero por excelencia de la provincia de Buenos Aires, <strong>no contaba con una oferta acad\u00e9mica espec\u00edfica y de corta duraci\u00f3n que fuera p\u00fablica y gratuita<\/strong>&#8220;, expres\u00f3 Aguilera.<\/p>\n<blockquote><p>Y remarc\u00f3: &#8220;por otra parte, una de las mayores demandas del sector productivo es la falta de mano de obra calificada. Sin dudas, esta carrera contribuir\u00e1 a superar esa problem\u00e1tica&#8221;.<\/p><\/blockquote>\n<p>Los interesados ya pueden visitar la p\u00e1gina de pre inscripci\u00f3n del ISFT N\u00b0130 para conocer la documentaci\u00f3n a presentar, el plan de estudios, los horarios de las cursadas y la modalidad de ingreso en caso de que los aspirantes superen la cantidad de cupos disponibles.<\/p>\n<p>La inscripci\u00f3n se realizar\u00e1 online mediante un formulario de Google. <strong>El primer periodo se extender\u00e1 del 4 al 18 de diciembre.<\/strong><\/p>\n<p>P\u00e1gina de pre inscripci\u00f3n:<a href=\"http:\/\/instituto130.com.ar\/wp\/pre-inscripcion\/\" target=\"_blank\" rel=\"noopener\"> http:\/\/instituto130.com.ar\/wp\/pre-inscripcion\/<\/a><\/p>\n","protected":false},"excerpt":{"rendered":"<p>Ser\u00e1 desde este lunes 4 hasta el 18 de diciembre. Las y los interesados pueden inscribirse de forma online. La<\/p>\n","protected":false},"author":2,"featured_media":82582,"comment_status":"closed","ping_status":"closed","sticky":false,"template":"","format":"standard","meta":{"_jetpack_memberships_contains_paid_content":false,"footnotes":""},"categories":[5,1],"tags":[],"class_list":["post-103422","post","type-post","status-publish","format-standard","has-post-thumbnail","hentry","category-informacion-general","category-portada"],"jetpack_featured_media_url":"https:\/\/i0.wp.com\/cdnoticias.com\/wp-content\/uploads\/2023\/04\/tecnicatura-en-mineria-Aguilera-00.jpg?fit=800%2C445&ssl=1","jetpack_sharing_enabled":true,"_links":{"self":[{"href":"https:\/\/cdnoticias.com\/index.php\/wp-json\/wp\/v2\/posts\/103422","targetHints":{"allow":["GET"]}}],"collection":[{"href":"https:\/\/cdnoticias.com\/index.php\/wp-json\/wp\/v2\/posts"}],"about":[{"href":"https:\/\/cdnoticias.com\/index.php\/wp-json\/wp\/v2\/types\/post"}],"author":[{"embeddable":true,"href":"https:\/\/cdnoticias.com\/index.php\/wp-json\/wp\/v2\/users\/2"}],"replies":[{"embeddable":true,"href":"https:\/\/cdnoticias.com\/index.php\/wp-json\/wp\/v2\/comments?post=103422"}],"version-history":[{"count":0,"href":"https:\/\/cdnoticias.com\/index.php\/wp-json\/wp\/v2\/posts\/103422\/revisions"}],"wp:featuredmedia":[{"embeddable":true,"href":"https:\/\/cdnoticias.com\/index.php\/wp-json\/wp\/v2\/media\/82582"}],"wp:attachment":[{"href":"https:\/\/cdnoticias.com\/index.php\/wp-json\/wp\/v2\/media?parent=103422"}],"wp:term":[{"taxonomy":"category","embeddable":true,"href":"https:\/\/cdnoticias.com\/index.php\/wp-json\/wp\/v2\/categories?post=103422"},{"taxonomy":"post_tag","embeddable":true,"href":"https:\/\/cdnoticias.com\/index.php\/wp-json\/wp\/v2\/tags?post=103422"}],"curies":[{"name":"wp","href":"https:\/\/api.w.org\/{rel}","templated":true}]}}