{"id":103407,"date":"2023-12-04T13:32:10","date_gmt":"2023-12-04T16:32:10","guid":{"rendered":"https:\/\/cdnoticias.com\/?p=103407"},"modified":"2023-12-04T19:53:21","modified_gmt":"2023-12-04T22:53:21","slug":"uocra-encabeza-una-protesta-sobre-ruta-3-en-azul-por-45-trabajadores-despedidos","status":"publish","type":"post","link":"https:\/\/cdnoticias.com\/index.php\/2023\/12\/04\/uocra-encabeza-una-protesta-sobre-ruta-3-en-azul-por-45-trabajadores-despedidos\/","title":{"rendered":"Uocra encabeza una protesta sobre ruta 3 en Azul por 45 trabajadores despedidos"},"content":{"rendered":"<p>La manifestaci\u00f3n se realiza en un obrador de Constructora Dos Arroyos, a cargo de mejoras de la ruta en la regi\u00f3n. El sindicato hab\u00eda declarado el \u201cestado de alerta y movilizaci\u00f3n\u201d.<!--more--><\/p>\n<hr \/>\n<p>El <strong>sindicato de los trabajadores de la construcci\u00f3n Uocra<\/strong> comenz\u00f3 este lunes una <strong>protesta y manifestaci\u00f3n en la ruta 3, en el Partido de Azul<\/strong>, en reclamo por <strong>45 trabajadores despedidos<\/strong>.<\/p>\n<p>&nbsp;<\/p>\n<p>La medida se concreta <strong>\u201cen solidaridad\u201d<\/strong> con los<strong> \u201ccompa\u00f1eros que fueron despedidos\u201d<\/strong>, se indic\u00f3 desde la entidad sindical que el viernes se hab\u00eda declarado en \u201cestado de alerta y movilizaci\u00f3n\u201d.<\/p>\n<p>&nbsp;<\/p>\n<p><img data-recalc-dims=\"1\" loading=\"lazy\" decoding=\"async\" class=\"size-full wp-image-103411 aligncenter\" src=\"https:\/\/i0.wp.com\/cdnoticias.com\/wp-content\/uploads\/2023\/12\/UOCRA-azul-manifestacion-NOTICIAS-DE-AZUL-02.jpg?resize=800%2C444&#038;ssl=1\" alt=\"\" width=\"800\" height=\"444\" srcset=\"https:\/\/i0.wp.com\/cdnoticias.com\/wp-content\/uploads\/2023\/12\/UOCRA-azul-manifestacion-NOTICIAS-DE-AZUL-02.jpg?w=800&amp;ssl=1 800w, https:\/\/i0.wp.com\/cdnoticias.com\/wp-content\/uploads\/2023\/12\/UOCRA-azul-manifestacion-NOTICIAS-DE-AZUL-02.jpg?resize=300%2C167&amp;ssl=1 300w, https:\/\/i0.wp.com\/cdnoticias.com\/wp-content\/uploads\/2023\/12\/UOCRA-azul-manifestacion-NOTICIAS-DE-AZUL-02.jpg?resize=768%2C426&amp;ssl=1 768w\" sizes=\"auto, (max-width: 800px) 100vw, 800px\" \/><\/p>\n<p>&nbsp;<\/p>\n<p>La manifestaci\u00f3n tiene lugar a la<strong> altura del kil\u00f3metro 325<\/strong> de la ruta nacional 3 donde se ubica un <strong>obrador de la empresa Constructora Dos Arroyos SA<\/strong> que tiene a su cargo tareas de <strong>mejoras sobre las rutas 226 y 3 en la regi\u00f3n, incluyendo a Olavarr\u00eda<\/strong>.<\/p>\n<p>&nbsp;<\/p>\n<p>Se destac\u00f3 que son<strong> 45 los trabajadores despedidos, oriundos de Azul y de Las Flores.<\/strong><\/p>\n<p>&nbsp;<\/p>\n<p><img data-recalc-dims=\"1\" loading=\"lazy\" decoding=\"async\" class=\"size-full wp-image-103412 aligncenter\" src=\"https:\/\/i0.wp.com\/cdnoticias.com\/wp-content\/uploads\/2023\/12\/UOCRA-azul-manifestacion-NOTICIAS-DE-AZUL-03.jpg?resize=800%2C445&#038;ssl=1\" alt=\"\" width=\"800\" height=\"445\" srcset=\"https:\/\/i0.wp.com\/cdnoticias.com\/wp-content\/uploads\/2023\/12\/UOCRA-azul-manifestacion-NOTICIAS-DE-AZUL-03.jpg?w=800&amp;ssl=1 800w, https:\/\/i0.wp.com\/cdnoticias.com\/wp-content\/uploads\/2023\/12\/UOCRA-azul-manifestacion-NOTICIAS-DE-AZUL-03.jpg?resize=300%2C167&amp;ssl=1 300w, https:\/\/i0.wp.com\/cdnoticias.com\/wp-content\/uploads\/2023\/12\/UOCRA-azul-manifestacion-NOTICIAS-DE-AZUL-03.jpg?resize=768%2C427&amp;ssl=1 768w\" sizes=\"auto, (max-width: 800px) 100vw, 800px\" \/><\/p>\n<p>&nbsp;<\/p>\n<blockquote><p>Este lunes Uocra emiti\u00f3 un comunicado, titulado \u201cNi un paso atr\u00e1s: los trabajadores en el trabajo o en las calles\u201d que lleva la firma de la Comisi\u00f3n Ejecutiva de UOCRA Seccional Azul. All\u00ed se indic\u00f3 que \u201cdebido a las notificaciones recibidas por los trabajadores durante este fin de semana, comunicando el env\u00edo de telegramas por parte de la empresa Constructora Dos Arroyos S.A, que tiene contrato con el Estado Nacional de Pavimentaci\u00f3n Ruta N\u00b0 266 Tramo Mar Del Plata- Olavarr\u00eda, Secci\u00f3n Empalme RN N\u00b0 3 (Azul- KM 254) y repavimentaci\u00f3n y ruta segura RN N\u00b0 3 Tramo Azul- Cnel. Dorrego. Se ha declarado en asamblea, la toma de medidas de acci\u00f3n directa\u201d.<\/p><\/blockquote>\n<p>&nbsp;<\/p>\n<p>Convocaron a su vez a los<strong> \u201ccompa\u00f1eros de todos los obradores\u201d<\/strong> de la misma empresa a plegarse a la medida.<\/p>\n<p>&nbsp;<\/p>\n<p>Detallaron que<strong> \u201c20 familias de Azul y 25 familias de la ciudad de Las Flores perdieron el acceso a la continuidad laboral\u201d<\/strong> para explicar los despidos.<\/p>\n<p>&nbsp;<\/p>\n<p><img data-recalc-dims=\"1\" loading=\"lazy\" decoding=\"async\" class=\"size-full wp-image-103408 aligncenter\" src=\"https:\/\/i0.wp.com\/cdnoticias.com\/wp-content\/uploads\/2023\/12\/UOCRA-azul-01-comunicado.jpg?resize=526%2C583&#038;ssl=1\" alt=\"\" width=\"526\" height=\"583\" srcset=\"https:\/\/i0.wp.com\/cdnoticias.com\/wp-content\/uploads\/2023\/12\/UOCRA-azul-01-comunicado.jpg?w=526&amp;ssl=1 526w, https:\/\/i0.wp.com\/cdnoticias.com\/wp-content\/uploads\/2023\/12\/UOCRA-azul-01-comunicado.jpg?resize=271%2C300&amp;ssl=1 271w\" sizes=\"auto, (max-width: 526px) 100vw, 526px\" \/><\/p>\n<p>&nbsp;<\/p>\n<p><strong>El viernes la misma seccional de UOCRA hab\u00eda planteado la declaraci\u00f3n del \u201cestado de alerta y movilizaci\u00f3n<\/strong> en todos los obradores del partido a Azul, ante el rumor de env\u00edos de telegramas de despidos a los compa\u00f1eros constructores del obrador de Ruta 3 km 330\u201d.<\/p>\n<p>&nbsp;<\/p>\n<blockquote><p>Tras destacar la importancia de la industria de la construcci\u00f3n y de la generaci\u00f3n de obra p\u00fablica, Uocra Azul plante\u00f3 la semana pasada que \u201cante las manifestaciones p\u00fablicas realizadas por el presidente electo, Javier Milei, en materia de pol\u00edticas de obra p\u00fablicas, que comienzan a concretarse en nuestra localidad, con el anuncio de despidos de trabajadores azule\u00f1os en el Obrador a cargo del Ensanche, Repavimentaci\u00f3n y pavimentaci\u00f3n de banquinas de la Ruta Nacional 3 y 226, llamamos a todos los compa\u00f1eros y compa\u00f1eras a estar en estado de alerta y asamblea permanente\u201d.<\/p><\/blockquote>\n<p>&nbsp;<\/p>\n<p>Fotos: <em>Noticias de Azul<\/em><\/p>\n<p>&nbsp;<\/p>\n<blockquote class=\"wp-embedded-content\" data-secret=\"fEdtTayHIb\"><p><a href=\"https:\/\/cdnoticias.com\/index.php\/2023\/11\/22\/milei-adelanto-que-cortara-la-financiacion-de-obra-publica-no-hay-plata\/\">Milei adelant\u00f3 que cortar\u00e1 la financiaci\u00f3n de obra p\u00fablica: \u201cno hay plata\u201d<\/a><\/p><\/blockquote>\n<p><iframe loading=\"lazy\" class=\"wp-embedded-content\" sandbox=\"allow-scripts\" security=\"restricted\" style=\"position: absolute; clip: rect(1px, 1px, 1px, 1px);\" title=\"&#8220;Milei adelant\u00f3 que cortar\u00e1 la financiaci\u00f3n de obra p\u00fablica: \u201cno hay plata\u201d&#8221; &#8212; Central de Noticias | Olavarr\u00eda\" src=\"https:\/\/cdnoticias.com\/index.php\/2023\/11\/22\/milei-adelanto-que-cortara-la-financiacion-de-obra-publica-no-hay-plata\/embed\/#?secret=DhCcz89bfi#?secret=fEdtTayHIb\" data-secret=\"fEdtTayHIb\" width=\"600\" height=\"338\" frameborder=\"0\" marginwidth=\"0\" marginheight=\"0\" scrolling=\"no\"><\/iframe><\/p>\n<p>&nbsp;<\/p>\n","protected":false},"excerpt":{"rendered":"<p>La manifestaci\u00f3n se realiza en un obrador de Constructora Dos Arroyos, a cargo de mejoras de la ruta en la<\/p>\n","protected":false},"author":4,"featured_media":103409,"comment_status":"closed","ping_status":"closed","sticky":false,"template":"","format":"standard","meta":{"_jetpack_memberships_contains_paid_content":false,"footnotes":""},"categories":[6,1],"tags":[],"class_list":["post-103407","post","type-post","status-publish","format-standard","has-post-thumbnail","hentry","category-nacionales","category-portada"],"jetpack_featured_media_url":"https:\/\/i0.wp.com\/cdnoticias.com\/wp-content\/uploads\/2023\/12\/UOCRA-azul-manifestacion-NOTICIAS-DE-AZUL-00.jpg?fit=800%2C446&ssl=1","jetpack_sharing_enabled":true,"_links":{"self":[{"href":"https:\/\/cdnoticias.com\/index.php\/wp-json\/wp\/v2\/posts\/103407","targetHints":{"allow":["GET"]}}],"collection":[{"href":"https:\/\/cdnoticias.com\/index.php\/wp-json\/wp\/v2\/posts"}],"about":[{"href":"https:\/\/cdnoticias.com\/index.php\/wp-json\/wp\/v2\/types\/post"}],"author":[{"embeddable":true,"href":"https:\/\/cdnoticias.com\/index.php\/wp-json\/wp\/v2\/users\/4"}],"replies":[{"embeddable":true,"href":"https:\/\/cdnoticias.com\/index.php\/wp-json\/wp\/v2\/comments?post=103407"}],"version-history":[{"count":0,"href":"https:\/\/cdnoticias.com\/index.php\/wp-json\/wp\/v2\/posts\/103407\/revisions"}],"wp:featuredmedia":[{"embeddable":true,"href":"https:\/\/cdnoticias.com\/index.php\/wp-json\/wp\/v2\/media\/103409"}],"wp:attachment":[{"href":"https:\/\/cdnoticias.com\/index.php\/wp-json\/wp\/v2\/media?parent=103407"}],"wp:term":[{"taxonomy":"category","embeddable":true,"href":"https:\/\/cdnoticias.com\/index.php\/wp-json\/wp\/v2\/categories?post=103407"},{"taxonomy":"post_tag","embeddable":true,"href":"https:\/\/cdnoticias.com\/index.php\/wp-json\/wp\/v2\/tags?post=103407"}],"curies":[{"name":"wp","href":"https:\/\/api.w.org\/{rel}","templated":true}]}}