{"id":103389,"date":"2023-12-04T17:00:21","date_gmt":"2023-12-04T20:00:21","guid":{"rendered":"https:\/\/cdnoticias.com\/?p=103389"},"modified":"2023-12-04T17:00:23","modified_gmt":"2023-12-04T20:00:23","slug":"confirman-que-el-gobierno-de-milei-enviara-un-proyecto-para-eliminar-las-paso","status":"publish","type":"post","link":"https:\/\/cdnoticias.com\/index.php\/2023\/12\/04\/confirman-que-el-gobierno-de-milei-enviara-un-proyecto-para-eliminar-las-paso\/","title":{"rendered":"Confirman que el Gobierno de Milei enviar\u00e1 un proyecto para eliminar las PASO"},"content":{"rendered":"<p>Lo plante\u00f3 el futuro ministro del Interior, Guillermo Francos. M\u00e1s adelantos del inicio del trabajo de la pr\u00f3xima gesti\u00f3n y la expectativa por el discurso del presidente electo el 10 de diciembre.<!--more--><\/p>\n<hr \/>\n<p>La <strong>eliminaci\u00f3n de las elecciones primarias, abiertas, simult\u00e1neas y obligatorias<\/strong> <strong>(PASO)<\/strong> estar\u00e1 en la <strong>agenda del nuevo Gobierno<\/strong>, seg\u00fan confirm\u00f3 el <strong>futuro ministro del Interior, Guillermo Francos<\/strong>, quien dijo que<strong> el presidente electo, Javier Milei, enviar\u00e1 al Congreso un proyecto con ese pedido<\/strong> y ratific\u00f3 que en su discurso de asunci\u00f3n anunciar\u00e1 el llamado a sesiones extraordinarias.<\/p>\n<blockquote><p>\u201cLa eliminaci\u00f3n de las PASO es uno de los temas para incorporar\u201d al conjunto de leyes que Milei enviar\u00e1 al Congreso, asegur\u00f3 Francos en una entrevista en La Naci\u00f3n+.<\/p><\/blockquote>\n<p>Adem\u00e1s confirm\u00f3 que Milei, ante la <strong>Asamblea Legislativa el pr\u00f3ximo domingo 10 de diciembre, \u201canunciar\u00e1 el llamado a extraordinarias\u201d<\/strong> para tratar esas iniciativas.<\/p>\n<p>Respecto a la conformaci\u00f3n del gabinete del Gobierno de La Libertad Avanza (LLA), el expresidente del Banco Provincia de Buenos Aires admiti\u00f3 que <strong>\u201chay conversaciones muy avanzadas\u201d para que el exdiputado Luis Petri ocupe la cartera de Defensa<\/strong> y que, si bien su designaci\u00f3n debe ser \u201cconfirmada\u201d por el presidente electo, su nombramiento \u201cest\u00e1 en conversaciones\u201d.<\/p>\n<p>Francos asegur\u00f3 que<strong> \u201cya est\u00e1 definido\u201d quien se pondr\u00e1 al frente de la Agencia Federal de Inteligencia (AFI)<\/strong> pero dijo que ser\u00e1 el propio Milei quien lo comunique.\u00a0Adelant\u00f3 que una vez establecido el gobierno de LLA ese organismo \u201cse va a reestructurar\u201d.<\/p>\n<p>Consultado por los<strong> pases a planta en organismos del Estado<\/strong>, asegur\u00f3 que despu\u00e9s del 10 de diciembre <em>\u201cjudicializaremos lo que haya que judicializar y quienes hayan entrado por la ventana saldr\u00e1n por la puerta, porque somos respetuosos\u201d<\/em>, en referencia a presuntos despidos de personal estatal.<\/p>\n<blockquote><p>\u201cEst\u00e1 claro que cuando uno reduce no se acaban todas las funciones, algunas se eliminar\u00e1n y otras se readecuaran\u201d, asegur\u00f3 Francos, y explic\u00f3 que habr\u00e1 una \u201creestructuraci\u00f3n del organigrama p\u00fablico, donde hoy hay ministerios que est\u00e1n superpoblados que se tendr\u00e1n que reducir\u201d. En el sistema judicial \u201cva a haber un recorte grande\u201d, ejemplific\u00f3.<\/p><\/blockquote>\n<h2>M\u00e1s definiciones<\/h2>\n<p>En materia econ\u00f3mica asegur\u00f3:<strong> \u201cYo me quedar\u00eda tranquilo con el d\u00f3lar, porque no veo motivo por el cual hubiera una disparada\u201d<\/strong> de la moneda extranjera luego del 10 de diciembre, y consider\u00f3 que <strong>\u201c600 o 650 pesos podr\u00eda ser un valor razonable del d\u00f3lar\u201d<\/strong> oficial en el futuro.<\/p>\n<p>Tambi\u00e9n asegur\u00f3 que el equipo del designado <strong>ministro de Econom\u00eda, Luis Caputo, \u201cest\u00e1 trabajando con el tema de las leliqs (letras de liquidez)\u201d<\/strong> junto al propio Milei (quien es economista) y consider\u00f3 que la expresi\u00f3n \u201cno hay plata\u201d que el presidente electo repiti\u00f3 en las \u00faltimas entrevistas indica que \u201clos argentinos entiendan que se termin\u00f3 la maquinita (de imprimir billetes) a partir del 10 de diciembre\u201d.<\/p>\n<p>\u201cVa a estar la plata que hay\u201d, asegur\u00f3, y puntualiz\u00f3 que<strong> \u201chay situaciones que demandan recursos que el Estado tiene y otras que el Estado no tiene, y para eso habr\u00e1 que analizar prioridades\u201d<\/strong>.<\/p>\n<p>Fuente: <em>Agencia DIB<\/em><\/p>\n","protected":false},"excerpt":{"rendered":"<p>Lo plante\u00f3 el futuro ministro del Interior, Guillermo Francos. M\u00e1s adelantos del inicio del trabajo de la pr\u00f3xima gesti\u00f3n y<\/p>\n","protected":false},"author":4,"featured_media":99854,"comment_status":"closed","ping_status":"closed","sticky":false,"template":"","format":"standard","meta":{"_jetpack_memberships_contains_paid_content":false,"footnotes":""},"categories":[6,1],"tags":[],"class_list":["post-103389","post","type-post","status-publish","format-standard","has-post-thumbnail","hentry","category-nacionales","category-portada"],"jetpack_featured_media_url":"https:\/\/i0.wp.com\/cdnoticias.com\/wp-content\/uploads\/2023\/10\/milei-elecciones-generales.png?fit=1000%2C563&ssl=1","jetpack_sharing_enabled":true,"_links":{"self":[{"href":"https:\/\/cdnoticias.com\/index.php\/wp-json\/wp\/v2\/posts\/103389","targetHints":{"allow":["GET"]}}],"collection":[{"href":"https:\/\/cdnoticias.com\/index.php\/wp-json\/wp\/v2\/posts"}],"about":[{"href":"https:\/\/cdnoticias.com\/index.php\/wp-json\/wp\/v2\/types\/post"}],"author":[{"embeddable":true,"href":"https:\/\/cdnoticias.com\/index.php\/wp-json\/wp\/v2\/users\/4"}],"replies":[{"embeddable":true,"href":"https:\/\/cdnoticias.com\/index.php\/wp-json\/wp\/v2\/comments?post=103389"}],"version-history":[{"count":0,"href":"https:\/\/cdnoticias.com\/index.php\/wp-json\/wp\/v2\/posts\/103389\/revisions"}],"wp:featuredmedia":[{"embeddable":true,"href":"https:\/\/cdnoticias.com\/index.php\/wp-json\/wp\/v2\/media\/99854"}],"wp:attachment":[{"href":"https:\/\/cdnoticias.com\/index.php\/wp-json\/wp\/v2\/media?parent=103389"}],"wp:term":[{"taxonomy":"category","embeddable":true,"href":"https:\/\/cdnoticias.com\/index.php\/wp-json\/wp\/v2\/categories?post=103389"},{"taxonomy":"post_tag","embeddable":true,"href":"https:\/\/cdnoticias.com\/index.php\/wp-json\/wp\/v2\/tags?post=103389"}],"curies":[{"name":"wp","href":"https:\/\/api.w.org\/{rel}","templated":true}]}}