{"id":103379,"date":"2023-12-04T10:53:57","date_gmt":"2023-12-04T13:53:57","guid":{"rendered":"https:\/\/cdnoticias.com\/?p=103379"},"modified":"2023-12-04T13:32:27","modified_gmt":"2023-12-04T16:32:27","slug":"para-ahora-olavarria-el-nuevo-organigrama-es-mas-caro-para-los-olavarrienses","status":"publish","type":"post","link":"https:\/\/cdnoticias.com\/index.php\/2023\/12\/04\/para-ahora-olavarria-el-nuevo-organigrama-es-mas-caro-para-los-olavarrienses\/","title":{"rendered":"Para Ahora Olavarr\u00eda el nuevo organigrama \u201ces m\u00e1s caro para los olavarrienses\u201d"},"content":{"rendered":"<p>La concejal de Ahora Olavarr\u00eda-La Libertad Avanza, Celeste Arouxet, y el concejal electo Guillermo Lascano, opinaron sobre la modificaci\u00f3n en el funcionamiento del Ejecutivo.<!--more--><\/p>\n<hr \/>\n<p>El pasado viernes <a href=\"https:\/\/cdnoticias.com\/index.php\/2023\/12\/01\/hcd-se-aprobo-el-nuevo-organigrama-pero-el-bloque-juntos-no-lo-voto\/\" target=\"_blank\" rel=\"noopener\">se trat\u00f3 y aprob\u00f3 en sesi\u00f3n del Honorable Concejo Deliberante<\/a>, el proyecto de <strong>ordenanza que modifica la estructura organizacional de la futura gesti\u00f3n<\/strong> que comenzar\u00e1 en d\u00edas, a partir del 10 de diciembre.<\/p>\n<p>&nbsp;<\/p>\n<p>La concejal <strong>Celeste Arouxet, de Ahora Olavarr\u00eda<\/strong>, se pronunci\u00f3 sobre el tema a trav\u00e9s de un comunicado donde se sostuvo que <strong>el nuevo organigrama \u201ces m\u00e1s caro para los olavarrienses\u201d<\/strong> y se interpret\u00f3 que <strong>\u201cla eliminaci\u00f3n de 20 direcciones, anunciada por el intendente electo, es s\u00f3lo una expresi\u00f3n de deseo\u201d<\/strong>.<\/p>\n<p>&nbsp;<\/p>\n<p>All\u00ed la <strong>referente de La Libertad Avanza<\/strong> defini\u00f3 que en la sesi\u00f3n, <strong>Wesner \u201cse sorprendi\u00f3 del \u00b4enorme d\u00e9ficit\u00b4 que heredar\u00e1<\/strong> y por el cual \u00b4nos har\u00e1 trabajar con mucha austeridad\u00b4 y anunci\u00f3 fuerte reducci\u00f3n de la planta pol\u00edtica\u201d.<\/p>\n<p>&nbsp;<\/p>\n<p>Arouxet dijo <strong>\u201cestar sorprendida de la sorpresa del intendente electo<\/strong> de lo cuantioso del d\u00e9ficit, cuando hace dos a\u00f1os lo venimos manifestando en cada sesi\u00f3n y en cada oportunidad que tuvimos\u201d.<\/p>\n<p>&nbsp;<\/p>\n<p><img data-recalc-dims=\"1\" loading=\"lazy\" decoding=\"async\" class=\"alignnone size-full wp-image-94088\" src=\"https:\/\/i0.wp.com\/cdnoticias.com\/wp-content\/uploads\/2023\/08\/HCD-celeste-arouxet.jpg?resize=800%2C445&#038;ssl=1\" alt=\"\" width=\"800\" height=\"445\" srcset=\"https:\/\/i0.wp.com\/cdnoticias.com\/wp-content\/uploads\/2023\/08\/HCD-celeste-arouxet.jpg?w=800&amp;ssl=1 800w, https:\/\/i0.wp.com\/cdnoticias.com\/wp-content\/uploads\/2023\/08\/HCD-celeste-arouxet.jpg?resize=300%2C167&amp;ssl=1 300w, https:\/\/i0.wp.com\/cdnoticias.com\/wp-content\/uploads\/2023\/08\/HCD-celeste-arouxet.jpg?resize=768%2C427&amp;ssl=1 768w\" sizes=\"auto, (max-width: 800px) 100vw, 800px\" \/><\/p>\n<p>&nbsp;<\/p>\n<blockquote><p>Tal como ya lo hab\u00eda expresado en la sesi\u00f3n, la concejal manifest\u00f3 \u201cespero que la sorpresa de Wesner no sea una excusa para no cumplir con todas y cada una de las propuestas que lo llev\u00f3 a ocupar el sill\u00f3n de la calle Rivadavia. A todos los candidatos nos hubiese gustado endulzarles los o\u00eddos a los vecinos con obras y soluciones m\u00e1gicas, pero en nuestro caso, optamos por decirles la verdad y plantear un programa de gobierno sensato y realizable, argument\u00f3 la concejal haciendo un tiro por elevaci\u00f3n a las promesas en campa\u00f1a del intendente electo\u201d.<\/p><\/blockquote>\n<p>&nbsp;<\/p>\n<p>Finalizada la sesi\u00f3n y haciendo un an\u00e1lisis de lo sucedido, <strong>el concejal electo de La Libertad Avanza Guillermo Lascano<\/strong> sostuvo que \u201chasta este momento,<strong> la reducci\u00f3n del organigrama en 20 direcciones es m\u00e1s una expresi\u00f3n de deseo que una realidad<\/strong>. Inclusive, la estructura propuesta<strong> incrementar\u00e1 el d\u00e9ficit porque es m\u00e1s cara<\/strong>, y el tiempo ser\u00e1 testigo, si es m\u00e1s eficiente que la gesti\u00f3n anterior\u201d.<\/p>\n<p>&nbsp;<\/p>\n<p>El espacio opositor liderado por Celeste y Guillermo continu\u00f3:<strong> \u201cel proyecto que presentaron no habla de direcciones<\/strong>, sino de c\u00f3mo queda organizada la estructura dependiente del intendente, es decir, su gabinete. Adem\u00e1s, brindaron m\u00e1s detalle y la compararon con la del intendente saliente\u201d.<\/p>\n<p>&nbsp;<\/p>\n<blockquote><p>Argumentaron que Galli ten\u00eda 6 secretar\u00edas, 2 subsecretar\u00edas y 2 directores con reporte directo. La que present\u00f3 Wesner est\u00e1 compuesta por 5 secretar\u00edas \u2013 una menos que la gesti\u00f3n anterior \u2013 y 5 subsecretar\u00edas \u2013 tres m\u00e1s que la gesti\u00f3n anterior. \u201cEn cantidad de funcionarios son id\u00e9nticas, no hay diferencias, pero si las valorizamos, la propuesta por Wesner es m\u00e1s costosa; por ende, no hay indicios de reducci\u00f3n de planta pol\u00edtica hasta este momento\u201d especific\u00f3 el Licenciado Guillermo Lascano.<\/p><\/blockquote>\n<p>&nbsp;<\/p>\n<p>Para cerrar concluyeron que<strong> \u201ces importante que al intendente electo le vaya bien<\/strong> porque eso significa que todos los olavarrienses vamos a estar mejor. Sacar Olavarr\u00eda de esta situaci\u00f3n va requerir planificaci\u00f3n, orden y austeridad\u201d.<\/p>\n<p>&nbsp;<\/p>\n","protected":false},"excerpt":{"rendered":"<p>La concejal de Ahora Olavarr\u00eda-La Libertad Avanza, Celeste Arouxet, y el concejal electo Guillermo Lascano, opinaron sobre la modificaci\u00f3n en<\/p>\n","protected":false},"author":4,"featured_media":99986,"comment_status":"closed","ping_status":"closed","sticky":false,"template":"","format":"standard","meta":{"_jetpack_memberships_contains_paid_content":false,"footnotes":""},"categories":[4,1],"tags":[],"class_list":["post-103379","post","type-post","status-publish","format-standard","has-post-thumbnail","hentry","category-politica","category-portada"],"jetpack_featured_media_url":"https:\/\/i0.wp.com\/cdnoticias.com\/wp-content\/uploads\/2023\/10\/arouxet-celeste-04.jpg?fit=800%2C445&ssl=1","jetpack_sharing_enabled":true,"_links":{"self":[{"href":"https:\/\/cdnoticias.com\/index.php\/wp-json\/wp\/v2\/posts\/103379","targetHints":{"allow":["GET"]}}],"collection":[{"href":"https:\/\/cdnoticias.com\/index.php\/wp-json\/wp\/v2\/posts"}],"about":[{"href":"https:\/\/cdnoticias.com\/index.php\/wp-json\/wp\/v2\/types\/post"}],"author":[{"embeddable":true,"href":"https:\/\/cdnoticias.com\/index.php\/wp-json\/wp\/v2\/users\/4"}],"replies":[{"embeddable":true,"href":"https:\/\/cdnoticias.com\/index.php\/wp-json\/wp\/v2\/comments?post=103379"}],"version-history":[{"count":0,"href":"https:\/\/cdnoticias.com\/index.php\/wp-json\/wp\/v2\/posts\/103379\/revisions"}],"wp:featuredmedia":[{"embeddable":true,"href":"https:\/\/cdnoticias.com\/index.php\/wp-json\/wp\/v2\/media\/99986"}],"wp:attachment":[{"href":"https:\/\/cdnoticias.com\/index.php\/wp-json\/wp\/v2\/media?parent=103379"}],"wp:term":[{"taxonomy":"category","embeddable":true,"href":"https:\/\/cdnoticias.com\/index.php\/wp-json\/wp\/v2\/categories?post=103379"},{"taxonomy":"post_tag","embeddable":true,"href":"https:\/\/cdnoticias.com\/index.php\/wp-json\/wp\/v2\/tags?post=103379"}],"curies":[{"name":"wp","href":"https:\/\/api.w.org\/{rel}","templated":true}]}}