{"id":103372,"date":"2023-12-04T08:49:29","date_gmt":"2023-12-04T11:49:29","guid":{"rendered":"https:\/\/cdnoticias.com\/?p=103372"},"modified":"2023-12-04T10:55:30","modified_gmt":"2023-12-04T13:55:30","slug":"wesner-tenemos-que-acompanar-las-fiestas-populares","status":"publish","type":"post","link":"https:\/\/cdnoticias.com\/index.php\/2023\/12\/04\/wesner-tenemos-que-acompanar-las-fiestas-populares\/","title":{"rendered":"Wesner: \u201cTenemos que acompa\u00f1ar las fiestas populares\u201d"},"content":{"rendered":"<p>El intendente electo estuvo en la Fiesta del Chorip\u00e1n Serrano en Sierras Bayas y puso en valor las fiestas populares. Apoyo y participaci\u00f3n a trav\u00e9s del Instituto Cultural y la Regi\u00f3n Sanitaria IX.<\/p>\n<p><!--more--><\/p>\n<hr \/>\n<p>La <strong>fiesta del Choripan Serrano<\/strong> es organizada cada a\u00f1o por la<strong> comisi\u00f3n de la tradicional Fiesta de Reyes Magos<\/strong>. <a href=\"https:\/\/cdnoticias.com\/index.php\/2023\/12\/03\/con-importante-asistencia-sierras-bayas-tuvo-la-fiesta-del-choripan-serrano\/\" target=\"_blank\" rel=\"noopener\">Se realiz\u00f3 este domingo y all\u00ed estuvo el intendente electo, Maximiliano Wesner<\/a>. Cont\u00f3 con emprendedores, artesanos, diferentes propuestas, espect\u00e1culos art\u00edsticos y <strong>tuvo r\u00e9cord de ventas<\/strong>.<\/p>\n<blockquote><p>\u201cHay que destacar el gran trabajo que hace cada a\u00f1o la comisi\u00f3n organizadora de este evento y de la Fiesta De Reyes Magos. Tenemos que acompa\u00f1ar las fiestas populares, son un gran atractivo, nos permiten disfrutar de nuestras localidades, promocionarlas y mostrar la excelente calidad de artistas que tenemos\u201d, destac\u00f3 Wesner.<\/p><\/blockquote>\n<p>En la misma l\u00ednea el intendente electo indic\u00f3: \u201cEstuvimos trabajando para que puedan llevarla adelante como todos los a\u00f1os. <strong>Gestionamos a trav\u00e9s del Instituto Cultural la contrataci\u00f3n de la banda local &#8220;Lima Lim\u00f3n\u201d<\/strong> para el cierre. Adem\u00e1s <strong>estuvo presente personal de salud de Regi\u00f3n Sanitaria IX<\/strong> y pusieron a disposici\u00f3n una ambulancia necesaria para la cobertura del evento\u201d.<\/p>\n<p>Por \u00faltima Wesner enfatiz\u00f3:<strong> \u201cVemos un gran acompa\u00f1amiento de la comunidad a estas iniciativas<\/strong>, las instituciones se vuelven parte de estos eventos y los vecinos y vecinas responden estando presentes y colaborando. Es importante <strong>construir mesas de trabajo con quienes realizan estos encuentros en las localidades<\/strong> para que no se sientan solos y puedan contar con un estado municipal que trabaja a la par de ellos\u201d.<\/p>\n<blockquote class=\"instagram-media\" style=\"background: #FFF; border: 0; border-radius: 3px; box-shadow: 0 0 1px 0 rgba(0,0,0,0.5),0 1px 10px 0 rgba(0,0,0,0.15); margin: 1px; max-width: 540px; min-width: 326px; padding: 0; width: calc(100% - 2px);\" data-instgrm-captioned=\"\" data-instgrm-permalink=\"https:\/\/www.instagram.com\/reel\/C0aOgcGuGR6\/?utm_source=ig_embed&amp;utm_campaign=loading\" data-instgrm-version=\"14\">\n<div style=\"padding: 16px;\">\n<div style=\"display: flex; flex-direction: row; align-items: center;\">\n<div style=\"background-color: #f4f4f4; border-radius: 50%; flex-grow: 0; height: 40px; margin-right: 14px; width: 40px;\"><\/div>\n<div style=\"display: flex; flex-direction: column; flex-grow: 1; justify-content: center;\">\n<div style=\"background-color: #f4f4f4; border-radius: 4px; flex-grow: 0; height: 14px; margin-bottom: 6px; width: 100px;\"><\/div>\n<div style=\"background-color: #f4f4f4; border-radius: 4px; flex-grow: 0; height: 14px; width: 60px;\"><\/div>\n<\/div>\n<\/div>\n<div style=\"padding: 19% 0;\"><\/div>\n<div style=\"display: block; height: 50px; margin: 0 auto 12px; width: 50px;\"><\/div>\n<div style=\"padding-top: 8px;\">\n<div style=\"color: #3897f0; font-family: Arial,sans-serif; font-size: 14px; font-style: normal; font-weight: 550; line-height: 18px;\">Ver esta publicaci\u00f3n en Instagram<\/div>\n<\/div>\n<div style=\"padding: 12.5% 0;\"><\/div>\n<div style=\"display: flex; flex-direction: row; margin-bottom: 14px; align-items: center;\">\n<div>\n<div style=\"background-color: #f4f4f4; border-radius: 50%; height: 12.5px; width: 12.5px; transform: translateX(0px) translateY(7px);\"><\/div>\n<div style=\"background-color: #f4f4f4; height: 12.5px; transform: rotate(-45deg) translateX(3px) translateY(1px); width: 12.5px; flex-grow: 0; margin-right: 14px; margin-left: 2px;\"><\/div>\n<div style=\"background-color: #f4f4f4; border-radius: 50%; height: 12.5px; width: 12.5px; transform: translateX(9px) translateY(-18px);\"><\/div>\n<\/div>\n<div style=\"margin-left: 8px;\">\n<div style=\"background-color: #f4f4f4; border-radius: 50%; flex-grow: 0; height: 20px; width: 20px;\"><\/div>\n<div style=\"width: 0; height: 0; border-top: 2px solid transparent; border-left: 6px solid #f4f4f4; border-bottom: 2px solid transparent; transform: translateX(16px) translateY(-4px) rotate(30deg);\"><\/div>\n<\/div>\n<div style=\"margin-left: auto;\">\n<div style=\"width: 0px; border-top: 8px solid #F4F4F4; border-right: 8px solid transparent; transform: translateY(16px);\"><\/div>\n<div style=\"background-color: #f4f4f4; flex-grow: 0; height: 12px; width: 16px; transform: translateY(-4px);\"><\/div>\n<div style=\"width: 0; height: 0; border-top: 8px solid #F4F4F4; border-left: 8px solid transparent; transform: translateY(-4px) translateX(8px);\"><\/div>\n<\/div>\n<\/div>\n<div style=\"display: flex; flex-direction: column; flex-grow: 1; justify-content: center; margin-bottom: 24px;\">\n<div style=\"background-color: #f4f4f4; border-radius: 4px; flex-grow: 0; height: 14px; margin-bottom: 6px; width: 224px;\"><\/div>\n<div style=\"background-color: #f4f4f4; border-radius: 4px; flex-grow: 0; height: 14px; width: 144px;\"><\/div>\n<\/div>\n<p style=\"color: #c9c8cd; font-family: Arial,sans-serif; font-size: 14px; line-height: 17px; margin-bottom: 0; margin-top: 8px; overflow: hidden; padding: 8px 0 7px; text-align: center; text-overflow: ellipsis; white-space: nowrap;\"><a style=\"color: #c9c8cd; font-family: Arial,sans-serif; font-size: 14px; font-style: normal; font-weight: normal; line-height: 17px; text-decoration: none;\" href=\"https:\/\/www.instagram.com\/reel\/C0aOgcGuGR6\/?utm_source=ig_embed&amp;utm_campaign=loading\" target=\"_blank\" rel=\"noopener\">Una publicaci\u00f3n compartida por Maximiliano Wesner (@maximilianowesner)<\/a><\/p>\n<\/div>\n<\/blockquote>\n<p><script async src=\"\/\/www.instagram.com\/embed.js\"><\/script><\/p>\n","protected":false},"excerpt":{"rendered":"<p>El intendente electo estuvo en la Fiesta del Chorip\u00e1n Serrano en Sierras Bayas y puso en valor las fiestas populares.<\/p>\n","protected":false},"author":4,"featured_media":99880,"comment_status":"closed","ping_status":"closed","sticky":false,"template":"","format":"standard","meta":{"_jetpack_memberships_contains_paid_content":false,"footnotes":""},"categories":[4,1],"tags":[],"class_list":["post-103372","post","type-post","status-publish","format-standard","has-post-thumbnail","hentry","category-politica","category-portada"],"jetpack_featured_media_url":"https:\/\/i0.wp.com\/cdnoticias.com\/wp-content\/uploads\/2023\/10\/wesner-eleccion4-scaled.jpg?fit=2560%2C1424&ssl=1","jetpack_sharing_enabled":true,"_links":{"self":[{"href":"https:\/\/cdnoticias.com\/index.php\/wp-json\/wp\/v2\/posts\/103372","targetHints":{"allow":["GET"]}}],"collection":[{"href":"https:\/\/cdnoticias.com\/index.php\/wp-json\/wp\/v2\/posts"}],"about":[{"href":"https:\/\/cdnoticias.com\/index.php\/wp-json\/wp\/v2\/types\/post"}],"author":[{"embeddable":true,"href":"https:\/\/cdnoticias.com\/index.php\/wp-json\/wp\/v2\/users\/4"}],"replies":[{"embeddable":true,"href":"https:\/\/cdnoticias.com\/index.php\/wp-json\/wp\/v2\/comments?post=103372"}],"version-history":[{"count":0,"href":"https:\/\/cdnoticias.com\/index.php\/wp-json\/wp\/v2\/posts\/103372\/revisions"}],"wp:featuredmedia":[{"embeddable":true,"href":"https:\/\/cdnoticias.com\/index.php\/wp-json\/wp\/v2\/media\/99880"}],"wp:attachment":[{"href":"https:\/\/cdnoticias.com\/index.php\/wp-json\/wp\/v2\/media?parent=103372"}],"wp:term":[{"taxonomy":"category","embeddable":true,"href":"https:\/\/cdnoticias.com\/index.php\/wp-json\/wp\/v2\/categories?post=103372"},{"taxonomy":"post_tag","embeddable":true,"href":"https:\/\/cdnoticias.com\/index.php\/wp-json\/wp\/v2\/tags?post=103372"}],"curies":[{"name":"wp","href":"https:\/\/api.w.org\/{rel}","templated":true}]}}