{"id":103361,"date":"2023-12-03T21:49:55","date_gmt":"2023-12-04T00:49:55","guid":{"rendered":"https:\/\/cdnoticias.com\/?p=103361"},"modified":"2023-12-04T08:56:48","modified_gmt":"2023-12-04T11:56:48","slug":"con-importante-asistencia-sierras-bayas-tuvo-la-fiesta-del-choripan-serrano","status":"publish","type":"post","link":"https:\/\/cdnoticias.com\/index.php\/2023\/12\/03\/con-importante-asistencia-sierras-bayas-tuvo-la-fiesta-del-choripan-serrano\/","title":{"rendered":"Con importante asistencia, Sierras Bayas tuvo la Fiesta del Chorip\u00e1n Serrano"},"content":{"rendered":"<p>Las actividades se concentraron en la bicisenda \u201cJavier Ouda\u201d. Las ventas se destinaron a la organizaci\u00f3n de la pr\u00f3xima Fiesta de Reyes Magos de 2024.<!--more--><\/p>\n<hr \/>\n<p><strong>Este domingo<\/strong> se llev\u00f3 adelante una<strong> nueva edici\u00f3n de la Fiesta del Chorip\u00e1n Serrano en Sierras Bayas<\/strong>, con el objetivo de recaudar fondos para la Fiesta de Reyes del 5 de enero de 2024.<\/p>\n<p>Con <strong>importante asistencia de vecinos de la localidad y de localidades vecinas<\/strong>, las actividades se concentraron en la bicisenda \u201cJavier Ouda\u201d.<\/p>\n<p><img data-recalc-dims=\"1\" loading=\"lazy\" decoding=\"async\" class=\"size-full wp-image-103363 aligncenter\" src=\"https:\/\/i0.wp.com\/cdnoticias.com\/wp-content\/uploads\/2023\/12\/sierras-bayas-fiesta-del-choripan-01.jpg?resize=800%2C445&#038;ssl=1\" alt=\"\" width=\"800\" height=\"445\" srcset=\"https:\/\/i0.wp.com\/cdnoticias.com\/wp-content\/uploads\/2023\/12\/sierras-bayas-fiesta-del-choripan-01.jpg?w=1000&amp;ssl=1 1000w, https:\/\/i0.wp.com\/cdnoticias.com\/wp-content\/uploads\/2023\/12\/sierras-bayas-fiesta-del-choripan-01.jpg?resize=300%2C167&amp;ssl=1 300w, https:\/\/i0.wp.com\/cdnoticias.com\/wp-content\/uploads\/2023\/12\/sierras-bayas-fiesta-del-choripan-01.jpg?resize=768%2C427&amp;ssl=1 768w, https:\/\/i0.wp.com\/cdnoticias.com\/wp-content\/uploads\/2023\/12\/sierras-bayas-fiesta-del-choripan-01.jpg?resize=800%2C445&amp;ssl=1 800w\" sizes=\"auto, (max-width: 800px) 100vw, 800px\" \/><\/p>\n<p><img data-recalc-dims=\"1\" loading=\"lazy\" decoding=\"async\" class=\"alignnone size-full wp-image-103364\" src=\"https:\/\/i0.wp.com\/cdnoticias.com\/wp-content\/uploads\/2023\/12\/sierras-bayas-fiesta-del-choripan-02.jpg?resize=800%2C445&#038;ssl=1\" alt=\"\" width=\"800\" height=\"445\" srcset=\"https:\/\/i0.wp.com\/cdnoticias.com\/wp-content\/uploads\/2023\/12\/sierras-bayas-fiesta-del-choripan-02.jpg?w=1000&amp;ssl=1 1000w, https:\/\/i0.wp.com\/cdnoticias.com\/wp-content\/uploads\/2023\/12\/sierras-bayas-fiesta-del-choripan-02.jpg?resize=300%2C167&amp;ssl=1 300w, https:\/\/i0.wp.com\/cdnoticias.com\/wp-content\/uploads\/2023\/12\/sierras-bayas-fiesta-del-choripan-02.jpg?resize=768%2C427&amp;ssl=1 768w, https:\/\/i0.wp.com\/cdnoticias.com\/wp-content\/uploads\/2023\/12\/sierras-bayas-fiesta-del-choripan-02.jpg?resize=800%2C445&amp;ssl=1 800w\" sizes=\"auto, (max-width: 800px) 100vw, 800px\" \/><\/p>\n<p>Se <strong>vendieron choripanes<\/strong>, que fue la atracci\u00f3n central, y adem\u00e1s se montaron puestos de artesanos y emprendedores. La apertura oficial fue a las 12.30 con el inicio de las ventas.<\/p>\n<p>Una de las propuestas de la tarde fue la <strong>\u201cCarrera del Chorip\u00e1n\u201d<\/strong> que convoc\u00f3 a los m\u00e1s j\u00f3venes.<\/p>\n<p>Hubo <strong>numerosos espect\u00e1culos y cierre con baile popular<\/strong>. Actuaron Juan Banega, Humo Serrano, Paragolpe, Jerem\u00edas Solis, el taller de folklore de Sierras Bayas, Los Chuma, Zumba con Kari, Proyecto Cumbia, Gonzalo Salicio y Lima Lim\u00f3n.<\/p>\n<p><img data-recalc-dims=\"1\" loading=\"lazy\" decoding=\"async\" class=\"alignnone size-full wp-image-103365\" src=\"https:\/\/i0.wp.com\/cdnoticias.com\/wp-content\/uploads\/2023\/12\/sierras-bayas-fiesta-del-choripan-03.jpg?resize=800%2C445&#038;ssl=1\" alt=\"\" width=\"800\" height=\"445\" srcset=\"https:\/\/i0.wp.com\/cdnoticias.com\/wp-content\/uploads\/2023\/12\/sierras-bayas-fiesta-del-choripan-03.jpg?w=1000&amp;ssl=1 1000w, https:\/\/i0.wp.com\/cdnoticias.com\/wp-content\/uploads\/2023\/12\/sierras-bayas-fiesta-del-choripan-03.jpg?resize=300%2C167&amp;ssl=1 300w, https:\/\/i0.wp.com\/cdnoticias.com\/wp-content\/uploads\/2023\/12\/sierras-bayas-fiesta-del-choripan-03.jpg?resize=768%2C427&amp;ssl=1 768w, https:\/\/i0.wp.com\/cdnoticias.com\/wp-content\/uploads\/2023\/12\/sierras-bayas-fiesta-del-choripan-03.jpg?resize=800%2C445&amp;ssl=1 800w\" sizes=\"auto, (max-width: 800px) 100vw, 800px\" \/><\/p>\n<p><img data-recalc-dims=\"1\" loading=\"lazy\" decoding=\"async\" class=\"alignnone size-full wp-image-103366\" src=\"https:\/\/i0.wp.com\/cdnoticias.com\/wp-content\/uploads\/2023\/12\/sierras-bayas-fiesta-del-choripan-04.jpg?resize=800%2C445&#038;ssl=1\" alt=\"\" width=\"800\" height=\"445\" srcset=\"https:\/\/i0.wp.com\/cdnoticias.com\/wp-content\/uploads\/2023\/12\/sierras-bayas-fiesta-del-choripan-04.jpg?w=1000&amp;ssl=1 1000w, https:\/\/i0.wp.com\/cdnoticias.com\/wp-content\/uploads\/2023\/12\/sierras-bayas-fiesta-del-choripan-04.jpg?resize=300%2C167&amp;ssl=1 300w, https:\/\/i0.wp.com\/cdnoticias.com\/wp-content\/uploads\/2023\/12\/sierras-bayas-fiesta-del-choripan-04.jpg?resize=768%2C427&amp;ssl=1 768w, https:\/\/i0.wp.com\/cdnoticias.com\/wp-content\/uploads\/2023\/12\/sierras-bayas-fiesta-del-choripan-04.jpg?resize=800%2C445&amp;ssl=1 800w\" sizes=\"auto, (max-width: 800px) 100vw, 800px\" \/><\/p>\n","protected":false},"excerpt":{"rendered":"<p>Las actividades se concentraron en la bicisenda \u201cJavier Ouda\u201d. Las ventas se destinaron a la organizaci\u00f3n de la pr\u00f3xima Fiesta<\/p>\n","protected":false},"author":4,"featured_media":103362,"comment_status":"closed","ping_status":"closed","sticky":false,"template":"","format":"standard","meta":{"_jetpack_memberships_contains_paid_content":false,"footnotes":""},"categories":[5,1],"tags":[],"class_list":["post-103361","post","type-post","status-publish","format-standard","has-post-thumbnail","hentry","category-informacion-general","category-portada"],"jetpack_featured_media_url":"https:\/\/i0.wp.com\/cdnoticias.com\/wp-content\/uploads\/2023\/12\/sierras-bayas-fiesta-del-choripan-00.jpg?fit=1000%2C556&ssl=1","jetpack_sharing_enabled":true,"_links":{"self":[{"href":"https:\/\/cdnoticias.com\/index.php\/wp-json\/wp\/v2\/posts\/103361","targetHints":{"allow":["GET"]}}],"collection":[{"href":"https:\/\/cdnoticias.com\/index.php\/wp-json\/wp\/v2\/posts"}],"about":[{"href":"https:\/\/cdnoticias.com\/index.php\/wp-json\/wp\/v2\/types\/post"}],"author":[{"embeddable":true,"href":"https:\/\/cdnoticias.com\/index.php\/wp-json\/wp\/v2\/users\/4"}],"replies":[{"embeddable":true,"href":"https:\/\/cdnoticias.com\/index.php\/wp-json\/wp\/v2\/comments?post=103361"}],"version-history":[{"count":0,"href":"https:\/\/cdnoticias.com\/index.php\/wp-json\/wp\/v2\/posts\/103361\/revisions"}],"wp:featuredmedia":[{"embeddable":true,"href":"https:\/\/cdnoticias.com\/index.php\/wp-json\/wp\/v2\/media\/103362"}],"wp:attachment":[{"href":"https:\/\/cdnoticias.com\/index.php\/wp-json\/wp\/v2\/media?parent=103361"}],"wp:term":[{"taxonomy":"category","embeddable":true,"href":"https:\/\/cdnoticias.com\/index.php\/wp-json\/wp\/v2\/categories?post=103361"},{"taxonomy":"post_tag","embeddable":true,"href":"https:\/\/cdnoticias.com\/index.php\/wp-json\/wp\/v2\/tags?post=103361"}],"curies":[{"name":"wp","href":"https:\/\/api.w.org\/{rel}","templated":true}]}}