{"id":103351,"date":"2023-12-03T19:20:37","date_gmt":"2023-12-03T22:20:37","guid":{"rendered":"https:\/\/cdnoticias.com\/?p=103351"},"modified":"2023-12-03T21:51:18","modified_gmt":"2023-12-04T00:51:18","slug":"axel-kicillof-reactivo-el-reclamo-por-la-coparticipacion-provincial","status":"publish","type":"post","link":"https:\/\/cdnoticias.com\/index.php\/2023\/12\/03\/axel-kicillof-reactivo-el-reclamo-por-la-coparticipacion-provincial\/","title":{"rendered":"Axel Kicillof reactiv\u00f3 el reclamo por la coparticipaci\u00f3n provincial"},"content":{"rendered":"<p>\u201cLa provincia es la que menos gasto y empleados tiene\u201d asegur\u00f3 una semana antes de que asuma Milei. Tambi\u00e9n mostr\u00f3 n\u00fameros para defender el nivel de gasto y el tama\u00f1o del Estado provincial.<!--more--><\/p>\n<hr \/>\n<p><strong>El gobernador bonaerense, Axel Kicillof, reactiv\u00f3 este domingo el reclamo por la coparticipaci\u00f3n que recibe la provincia de Buenos Aires<\/strong>, una semana exacta antes de que asuma la presidencia Javier Milei, al tiempo que <strong>defendi\u00f3 el nivel de empleo p\u00fablico y de gasto del distrito<\/strong>, dos \u00edtems en los cuales el nuevo mandatario realizar\u00eda un fuerte ajuste a nivel nacional que, adem\u00e1s tratar\u00eda de inducir en las provincias.<\/p>\n<p>&nbsp;<\/p>\n<blockquote><p>\u201cLa provincia de Buenos Aires es la m\u00e1s perjudicada en materia de coparticipaci\u00f3n, aporta cerca del 40% de los fondos y recibe apenas el 22%\u201d, dijo Kicillof en un mensaje difundido a trav\u00e9s de sus redes sociales. Tambi\u00e9n asegur\u00f3 que \u201cen proporci\u00f3n a la cantidad de habitantes que tiene\u201d \u2013unos 17,5 millones seg\u00fan el \u00faltimo censo- Buenos Aires es la provincia \u201cque menos gasta y que menos empleados p\u00fablicos tiene\u201d.<\/p><\/blockquote>\n<p>&nbsp;<\/p>\n<p>Las declaraciones de Kicillof apuntan a uno de los nudos del <strong>debate que se instal\u00f3 fuerte desde la elecci\u00f3n de Milei: el de los gastos del Estado<\/strong>, que el presiente electo planea recortar fuerte como parte de un programa genera de la econom\u00eda cuyo contenido concreto se conocer\u00e1 el domingo cuando d\u00e9 sus primeros dos discursos como presidente en funciones y, luego, cuando env\u00ede una serie de reformas para ser debatidas en el Congreso en sesiones extraordinarias.<\/p>\n<p>&nbsp;<\/p>\n<blockquote class=\"twitter-tweet\">\n<p lang=\"es\" dir=\"ltr\">La provincia de Buenos Aires es la m\u00e1s perjudicada en materia de coparticipaci\u00f3n: aporta cerca del 40% de los fondos y recibe apenas un 22%. <\/p>\n<p>En proporci\u00f3n a la cantidad de habitantes, somos la jurisdicci\u00f3n que menos gasta y que menos empleados p\u00fablicos tiene.<\/p>\n<p>Vamos a seguir\u2026 <a href=\"https:\/\/t.co\/kivB0h5JpG\">pic.twitter.com\/kivB0h5JpG<\/a><\/p>\n<p>&mdash; Axel Kicillof (@Kicillofok) <a href=\"https:\/\/twitter.com\/Kicillofok\/status\/1731314194337673364?ref_src=twsrc%5Etfw\">December 3, 2023<\/a><\/p><\/blockquote>\n<p> <script async src=\"https:\/\/platform.twitter.com\/widgets.js\" charset=\"utf-8\"><\/script><\/p>\n<p>&nbsp;<\/p>\n<p>En ese marco, Kicillof advirti\u00f3 que continuar\u00e1 peleando por los recursos de la provincia porque \u201cson fundamentales para afrontar todo lo que falta para que las y los bonaerenses vivan mejor\u201d. De esa manera, <strong>neg\u00f3 que la provincia deba ajustar su aparato de Estado<\/strong> y, al mismo tiempo, record\u00f3 que Buenos Aires est\u00e1 perjudicada por los seis puntos de coparticipaci\u00f3n que perdi\u00f3 a fines de los a\u00f1os 80, ingresos que no pudo recuperar en la misma proporci\u00f3n pese a fondos espec\u00edficos y pactos posteriores.<\/p>\n<p>&nbsp;<\/p>\n<p>El pronunciamiento del Gobernador Kicillof se da luego de que<strong> el propio Milei criticara el r\u00e9gimen de coparticipaci\u00f3n<\/strong>, pero no ya en su distribuci\u00f3n relativa sino<strong> de modo conceptual<\/strong>: el ahora presidente proclamado propuso en su momento directamente eliminarlo, aunque luego <strong>reconoci\u00f3 que eso es pr\u00e1cticamente imposible en la pr\u00e1ctica<\/strong>. Es que se trata de una ley que, tras la reforma de 1994, necesita el apoyo de todas las legislaturas provinciales para modificarse.<\/p>\n<p>&nbsp;<\/p>\n<blockquote><p>Pero en ese contexto, la cuesti\u00f3n de los recursos preocupa en la provincia: Buenos Aires recibe una serie de fondos no autom\u00e1ticos con los que viene compensando las deficiencias de la coparticipaci\u00f3n, que podr\u00edan ser recortados por Milei. De eso hablaron, justamente, el futuro ministro del Interior, Guillermo Francos, y el Gobernador, que fue reelecto e iniciar\u00e1 el lunes 11 su segundo mandato, en la reuni\u00f3n que sostuvieron, sin que hasta ahora se conozcan acuerdos o compromisos concretos al respecto.<\/p><\/blockquote>\n<p>&nbsp;<\/p>\n<p>Por otra parte, los gobernadores, <strong>tanto del actual oficialismo como de Juntos por el Cambio y de partidos provinciales, vienen reclamando algunas acciones para asegurar el financiamiento<\/strong> de sus distritos a futuro. En ese plano, critican el impacto de la <a href=\"https:\/\/cdnoticias.com\/index.php\/2023\/09\/20\/diputados-dio-media-sancion-al-proyecto-que-quita-el-impuesto-a-las-ganancias\/\" target=\"_blank\" rel=\"noopener\">eliminaci\u00f3n de la cuarta categor\u00eda del Impuesto a las Ganancias<\/a> establecida por el saliente ministro de Econom\u00eda, Sergio Massa, durante su campa\u00f1a presidencial, y buscan que se haga coparticipable el impuesto al Cheque (D\u00e9bitos y Cr\u00e9ditos Bancarios), adem\u00e1s de la mantenci\u00f3n hasta 2050 de un fondo fiduciario espec\u00edfico para el desarrollo de las provincias que vence este a\u00f1o.<\/p>\n<p>&nbsp;<\/p>\n<p>Fuente: Agencia DIB<\/p>\n","protected":false},"excerpt":{"rendered":"<p>\u201cLa provincia es la que menos gasto y empleados tiene\u201d asegur\u00f3 una semana antes de que asuma Milei. Tambi\u00e9n mostr\u00f3<\/p>\n","protected":false},"author":4,"featured_media":103353,"comment_status":"closed","ping_status":"closed","sticky":false,"template":"","format":"standard","meta":{"_jetpack_memberships_contains_paid_content":false,"footnotes":""},"categories":[6,1],"tags":[],"class_list":["post-103351","post","type-post","status-publish","format-standard","has-post-thumbnail","hentry","category-nacionales","category-portada"],"jetpack_featured_media_url":"https:\/\/i0.wp.com\/cdnoticias.com\/wp-content\/uploads\/2023\/12\/Milei-Kicillof.jpg?fit=1024%2C650&ssl=1","jetpack_sharing_enabled":true,"_links":{"self":[{"href":"https:\/\/cdnoticias.com\/index.php\/wp-json\/wp\/v2\/posts\/103351","targetHints":{"allow":["GET"]}}],"collection":[{"href":"https:\/\/cdnoticias.com\/index.php\/wp-json\/wp\/v2\/posts"}],"about":[{"href":"https:\/\/cdnoticias.com\/index.php\/wp-json\/wp\/v2\/types\/post"}],"author":[{"embeddable":true,"href":"https:\/\/cdnoticias.com\/index.php\/wp-json\/wp\/v2\/users\/4"}],"replies":[{"embeddable":true,"href":"https:\/\/cdnoticias.com\/index.php\/wp-json\/wp\/v2\/comments?post=103351"}],"version-history":[{"count":0,"href":"https:\/\/cdnoticias.com\/index.php\/wp-json\/wp\/v2\/posts\/103351\/revisions"}],"wp:featuredmedia":[{"embeddable":true,"href":"https:\/\/cdnoticias.com\/index.php\/wp-json\/wp\/v2\/media\/103353"}],"wp:attachment":[{"href":"https:\/\/cdnoticias.com\/index.php\/wp-json\/wp\/v2\/media?parent=103351"}],"wp:term":[{"taxonomy":"category","embeddable":true,"href":"https:\/\/cdnoticias.com\/index.php\/wp-json\/wp\/v2\/categories?post=103351"},{"taxonomy":"post_tag","embeddable":true,"href":"https:\/\/cdnoticias.com\/index.php\/wp-json\/wp\/v2\/tags?post=103351"}],"curies":[{"name":"wp","href":"https:\/\/api.w.org\/{rel}","templated":true}]}}