{"id":103340,"date":"2023-12-03T09:30:00","date_gmt":"2023-12-03T12:30:00","guid":{"rendered":"https:\/\/cdnoticias.com\/?p=103340"},"modified":"2023-12-03T19:21:50","modified_gmt":"2023-12-03T22:21:50","slug":"bomberos-voluntarios-tiene-nuevo-jefe-en-el-destacamento-no-1-de-loma-negra","status":"publish","type":"post","link":"https:\/\/cdnoticias.com\/index.php\/2023\/12\/03\/bomberos-voluntarios-tiene-nuevo-jefe-en-el-destacamento-no-1-de-loma-negra\/","title":{"rendered":"Bomberos Voluntarios tiene nuevo Jefe en el Destacamento N\u00ba 1 de Loma Negra"},"content":{"rendered":"\n<p>A partir de este viernes 1 de diciembre el nuevo Jefe de Destacamento es el Oficial Auxiliar Sergio Alaman. Del evento particip\u00f3 la jefatura y todo el personal de Loma Negra.<\/p>\n\n\n\n<hr class=\"wp-block-separator aligncenter has-alpha-channel-opacity\"\/>\n\n\n\n<p>Este viernes 1 de diciembre autoridades, jefatura y todo el personal de Loma Negra se acercaron a las instalaciones para participar del <strong>cambio de jefes en este destacamento.<\/strong><\/p>\n\n\n\n<p><\/p>\n\n\n\n<p>Hasta el mes pasado, el encargado del Destacamento 1 fue el Comandante Mayor Javier Dominguez, quien debido a su labor en la Federaci\u00f3n de Asociaciones de Bomberos Voluntarios de la Provincia de Buenos Aires, no cuenta con el tiempo suficiente para hacerse cargo de las actividades del destacamento.<\/p>\n\n\n\n<p><\/p>\n\n\n\n<p>Es por este motivo, que el Comandante Mayor junto a El Comandante General Ra\u00fal Ferreira tomaron la determinaci\u00f3n de elegir a otra persona para esta responsabilidad.<\/p>\n\n\n\n<p><\/p>\n\n\n\n<figure class=\"wp-block-image aligncenter size-full\"><img data-recalc-dims=\"1\" loading=\"lazy\" decoding=\"async\" width=\"800\" height=\"450\" src=\"https:\/\/i0.wp.com\/cdnoticias.com\/wp-content\/uploads\/2023\/12\/bomberos-voluntarios-nuevo-jefe-loma-negra-1.jpg?resize=800%2C450&#038;ssl=1\" alt=\"\" class=\"wp-image-103342\" srcset=\"https:\/\/i0.wp.com\/cdnoticias.com\/wp-content\/uploads\/2023\/12\/bomberos-voluntarios-nuevo-jefe-loma-negra-1.jpg?w=1000&amp;ssl=1 1000w, https:\/\/i0.wp.com\/cdnoticias.com\/wp-content\/uploads\/2023\/12\/bomberos-voluntarios-nuevo-jefe-loma-negra-1.jpg?resize=300%2C169&amp;ssl=1 300w, https:\/\/i0.wp.com\/cdnoticias.com\/wp-content\/uploads\/2023\/12\/bomberos-voluntarios-nuevo-jefe-loma-negra-1.jpg?resize=768%2C432&amp;ssl=1 768w\" sizes=\"auto, (max-width: 800px) 100vw, 800px\" \/><\/figure>\n\n\n\n<p><\/p>\n\n\n\n<p>Luego de ser evaluadas las opciones, y tener en cuenta el amplio recorrido y experiencia, <strong>se decidi\u00f3 que el Oficial Auxiliar Sergio Alaman fuera el nuevo jefe de Destacamento.<\/strong><\/p>\n\n\n\n<p><\/p>\n\n\n\n<p>Asimismo, el Comandante Gral. Ra\u00fal Ferreira, el Segundo Jefe del Cuerpo Marcelo Menchaca y todo el personal del Destacamento agradecieron la labor y compromiso de Dominguez y le dieron una c\u00e1lida bienvenida al nuevo Jefe.<\/p>\n\n\n\n<p><\/p>\n\n\n\n<p>Tambi\u00e9n se aprovech\u00f3 la ocasi\u00f3n para hacer un <strong>repaso de las actividades realizadas en el a\u00f1o <\/strong>y los <strong>nuevos proyectos que involucran al destacamento,<\/strong> como es el caso de las nuevas instalaciones en Loma Negra.<\/p>\n","protected":false},"excerpt":{"rendered":"<p>A partir de este viernes 1 de diciembre el nuevo Jefe de Destacamento es el Oficial Auxiliar Sergio Alaman. Del<\/p>\n","protected":false},"author":6,"featured_media":103343,"comment_status":"closed","ping_status":"closed","sticky":false,"template":"","format":"standard","meta":{"_jetpack_memberships_contains_paid_content":false,"footnotes":""},"categories":[5,1],"tags":[],"class_list":["post-103340","post","type-post","status-publish","format-standard","has-post-thumbnail","hentry","category-informacion-general","category-portada"],"jetpack_featured_media_url":"https:\/\/i0.wp.com\/cdnoticias.com\/wp-content\/uploads\/2023\/12\/bomberos-voluntarios-nuevo-jefe-loma-negra-2.jpg?fit=1000%2C562&ssl=1","jetpack_sharing_enabled":true,"_links":{"self":[{"href":"https:\/\/cdnoticias.com\/index.php\/wp-json\/wp\/v2\/posts\/103340","targetHints":{"allow":["GET"]}}],"collection":[{"href":"https:\/\/cdnoticias.com\/index.php\/wp-json\/wp\/v2\/posts"}],"about":[{"href":"https:\/\/cdnoticias.com\/index.php\/wp-json\/wp\/v2\/types\/post"}],"author":[{"embeddable":true,"href":"https:\/\/cdnoticias.com\/index.php\/wp-json\/wp\/v2\/users\/6"}],"replies":[{"embeddable":true,"href":"https:\/\/cdnoticias.com\/index.php\/wp-json\/wp\/v2\/comments?post=103340"}],"version-history":[{"count":0,"href":"https:\/\/cdnoticias.com\/index.php\/wp-json\/wp\/v2\/posts\/103340\/revisions"}],"wp:featuredmedia":[{"embeddable":true,"href":"https:\/\/cdnoticias.com\/index.php\/wp-json\/wp\/v2\/media\/103343"}],"wp:attachment":[{"href":"https:\/\/cdnoticias.com\/index.php\/wp-json\/wp\/v2\/media?parent=103340"}],"wp:term":[{"taxonomy":"category","embeddable":true,"href":"https:\/\/cdnoticias.com\/index.php\/wp-json\/wp\/v2\/categories?post=103340"},{"taxonomy":"post_tag","embeddable":true,"href":"https:\/\/cdnoticias.com\/index.php\/wp-json\/wp\/v2\/tags?post=103340"}],"curies":[{"name":"wp","href":"https:\/\/api.w.org\/{rel}","templated":true}]}}