{"id":103308,"date":"2023-12-03T10:30:00","date_gmt":"2023-12-03T13:30:00","guid":{"rendered":"https:\/\/cdnoticias.com\/?p=103308"},"modified":"2023-12-03T10:30:02","modified_gmt":"2023-12-03T13:30:02","slug":"finalizo-el-ciclo-de-charlas-y-conferencias-2023-de-coopelectric","status":"publish","type":"post","link":"https:\/\/cdnoticias.com\/index.php\/2023\/12\/03\/finalizo-el-ciclo-de-charlas-y-conferencias-2023-de-coopelectric\/","title":{"rendered":"Finaliz\u00f3 el \u201cCiclo de charlas y conferencias 2023\u201d de Coopelectric"},"content":{"rendered":"\n<p>Fue ante un gran marco de p\u00fablico con la charla \u201c\u201cConversando con la Pyme. Liderar en tiempos de incertidumbre\u201d, dictada por la coach organizacional Mercedes Chazarreta Saavedra.<\/p>\n\n\n\n<hr class=\"wp-block-separator aligncenter has-alpha-channel-opacity\"\/>\n\n\n\n<p>Ante un <strong>gran marco de p\u00fablico<\/strong> y con la tem\u00e1tica <strong><em>\u201cConversando con la Pyme. Liderar en tiempos de incertidumbre\u201d<\/em><\/strong>, dictada por la coach organizacional Mercedes Chazarreta Saavedra,<strong> Coopelectric finaliz\u00f3 su \u201cCiclo de charlas y conferencias 2023<\/strong>\u201d organizado en \u00e9sta oportunidad de manera conjunta con la Uni\u00f3n Industrial y el Parque Industrial de Olavarr\u00eda.<\/p>\n\n\n\n<p><\/p>\n\n\n\n<p>Durante el encuentro, al que asistieron representantes del Consejo de Administraci\u00f3n, sector industrial de la ciudad y p\u00fablico en general, la disertante plante\u00f3 una conversaci\u00f3n din\u00e1mica con la Pyme, en la que destac\u00f3 el proceso de transformaci\u00f3n por el que est\u00e1n a travesando las diferentes organizaciones y abord\u00f3 la resiliencia de la empresa, la creaci\u00f3n de escenarios emocionales positivos, confianza del cliente interno y externo, la aceleraci\u00f3n de la transformaci\u00f3n digital y la importancia de preparase para cambios operativos estructurales.<\/p>\n\n\n\n<p><\/p>\n\n\n\n<p>Para ello apel\u00f3 a la reacci\u00f3n emocional del auditorio recurriendo a historias personales, laborales, an\u00e9cdotas y ejemplos inspiradores.<\/p>\n\n\n\n<p><\/p>\n\n\n\n<figure class=\"wp-block-image aligncenter size-large\"><img data-recalc-dims=\"1\" loading=\"lazy\" decoding=\"async\" width=\"800\" height=\"600\" src=\"https:\/\/i0.wp.com\/cdnoticias.com\/wp-content\/uploads\/2023\/12\/Charla-Mercedes-3.jpeg?resize=800%2C600&#038;ssl=1\" alt=\"\" class=\"wp-image-103311\" srcset=\"https:\/\/i0.wp.com\/cdnoticias.com\/wp-content\/uploads\/2023\/12\/Charla-Mercedes-3.jpeg?resize=1024%2C768&amp;ssl=1 1024w, https:\/\/i0.wp.com\/cdnoticias.com\/wp-content\/uploads\/2023\/12\/Charla-Mercedes-3.jpeg?resize=300%2C225&amp;ssl=1 300w, https:\/\/i0.wp.com\/cdnoticias.com\/wp-content\/uploads\/2023\/12\/Charla-Mercedes-3.jpeg?resize=768%2C576&amp;ssl=1 768w, https:\/\/i0.wp.com\/cdnoticias.com\/wp-content\/uploads\/2023\/12\/Charla-Mercedes-3.jpeg?resize=1536%2C1152&amp;ssl=1 1536w, https:\/\/i0.wp.com\/cdnoticias.com\/wp-content\/uploads\/2023\/12\/Charla-Mercedes-3.jpeg?w=1600&amp;ssl=1 1600w\" sizes=\"auto, (max-width: 800px) 100vw, 800px\" \/><\/figure>\n\n\n\n<p><\/p>\n\n\n\n<p>El objetivo consisti\u00f3 en <strong>orientar al p\u00fablico hacia la reflexi\u00f3n y la acci\u00f3n<\/strong>, motiv\u00e1ndolo a modificar aspectos y perseguir metas, para de \u00e9sta manera superar obst\u00e1culos, reinventarse y prosperar en tiempos dif\u00edciles frente a la disrupci\u00f3n que se vive en el mundo: lo aprendido en el pasado parece poco efectivo y por ello es necesario aplicar f\u00f3rmulas diferentes.<\/p>\n\n\n\n<p><\/p>\n\n\n\n<p>Para finalizar el encuentro, <strong>el Presidente del Consejo de Administraci\u00f3n Dr. Cruz Arouxet,<\/strong> adem\u00e1s de otorgarle un presente, brind\u00f3 palabras de agradecimiento a Mercedes Chazarreta subrayando su labor y el aporte realizado a \u00e9ste ciclo que se desarroll\u00f3 durante todo el a\u00f1o de manera libre y gratuita.<\/p>\n\n\n\n<blockquote class=\"wp-block-quote is-layout-flow wp-block-quote-is-layout-flow\">\n<p>Somos una cooperativa de capital social y estos espacios sirven para conocer a los asociados que son los verdaderos due\u00f1os de la entidad; reiterar que las puertas est\u00e1n abiertas para escucharlos, atender sus demandas y tambi\u00e9n sus cr\u00edticas porque es la forma de crecer\u201d sostuvo.<\/p>\n<\/blockquote>\n\n\n\n<p><\/p>\n\n\n\n<figure class=\"wp-block-image aligncenter size-large\"><img data-recalc-dims=\"1\" loading=\"lazy\" decoding=\"async\" width=\"800\" height=\"600\" src=\"https:\/\/i0.wp.com\/cdnoticias.com\/wp-content\/uploads\/2023\/12\/Charla-Mercedes-7.jpeg?resize=800%2C600&#038;ssl=1\" alt=\"\" class=\"wp-image-103312\" srcset=\"https:\/\/i0.wp.com\/cdnoticias.com\/wp-content\/uploads\/2023\/12\/Charla-Mercedes-7.jpeg?resize=1024%2C768&amp;ssl=1 1024w, https:\/\/i0.wp.com\/cdnoticias.com\/wp-content\/uploads\/2023\/12\/Charla-Mercedes-7.jpeg?resize=300%2C225&amp;ssl=1 300w, https:\/\/i0.wp.com\/cdnoticias.com\/wp-content\/uploads\/2023\/12\/Charla-Mercedes-7.jpeg?resize=768%2C576&amp;ssl=1 768w, https:\/\/i0.wp.com\/cdnoticias.com\/wp-content\/uploads\/2023\/12\/Charla-Mercedes-7.jpeg?resize=1536%2C1152&amp;ssl=1 1536w, https:\/\/i0.wp.com\/cdnoticias.com\/wp-content\/uploads\/2023\/12\/Charla-Mercedes-7.jpeg?w=1600&amp;ssl=1 1600w\" sizes=\"auto, (max-width: 800px) 100vw, 800px\" \/><\/figure>\n\n\n\n<p><strong><em>\u201cSi crece la cooperativa, crece la comunidad y entre todos, como se mencion\u00f3 en la charla, somos capaces de mejorar y cambiar el mundo\u201d<\/em><\/strong> cerr\u00f3 Arouxet.<\/p>\n","protected":false},"excerpt":{"rendered":"<p>Fue ante un gran marco de p\u00fablico con la charla \u201c\u201cConversando con la Pyme. Liderar en tiempos de incertidumbre\u201d, dictada<\/p>\n","protected":false},"author":6,"featured_media":103310,"comment_status":"closed","ping_status":"closed","sticky":false,"template":"","format":"standard","meta":{"_jetpack_memberships_contains_paid_content":false,"footnotes":""},"categories":[5,1],"tags":[],"class_list":["post-103308","post","type-post","status-publish","format-standard","has-post-thumbnail","hentry","category-informacion-general","category-portada"],"jetpack_featured_media_url":"https:\/\/i0.wp.com\/cdnoticias.com\/wp-content\/uploads\/2023\/12\/Charla-Mercedes-1.jpeg?fit=1600%2C1200&ssl=1","jetpack_sharing_enabled":true,"_links":{"self":[{"href":"https:\/\/cdnoticias.com\/index.php\/wp-json\/wp\/v2\/posts\/103308","targetHints":{"allow":["GET"]}}],"collection":[{"href":"https:\/\/cdnoticias.com\/index.php\/wp-json\/wp\/v2\/posts"}],"about":[{"href":"https:\/\/cdnoticias.com\/index.php\/wp-json\/wp\/v2\/types\/post"}],"author":[{"embeddable":true,"href":"https:\/\/cdnoticias.com\/index.php\/wp-json\/wp\/v2\/users\/6"}],"replies":[{"embeddable":true,"href":"https:\/\/cdnoticias.com\/index.php\/wp-json\/wp\/v2\/comments?post=103308"}],"version-history":[{"count":0,"href":"https:\/\/cdnoticias.com\/index.php\/wp-json\/wp\/v2\/posts\/103308\/revisions"}],"wp:featuredmedia":[{"embeddable":true,"href":"https:\/\/cdnoticias.com\/index.php\/wp-json\/wp\/v2\/media\/103310"}],"wp:attachment":[{"href":"https:\/\/cdnoticias.com\/index.php\/wp-json\/wp\/v2\/media?parent=103308"}],"wp:term":[{"taxonomy":"category","embeddable":true,"href":"https:\/\/cdnoticias.com\/index.php\/wp-json\/wp\/v2\/categories?post=103308"},{"taxonomy":"post_tag","embeddable":true,"href":"https:\/\/cdnoticias.com\/index.php\/wp-json\/wp\/v2\/tags?post=103308"}],"curies":[{"name":"wp","href":"https:\/\/api.w.org\/{rel}","templated":true}]}}