{"id":103297,"date":"2023-12-02T14:50:32","date_gmt":"2023-12-02T17:50:32","guid":{"rendered":"https:\/\/cdnoticias.com\/?p=103297"},"modified":"2023-12-02T14:50:35","modified_gmt":"2023-12-02T17:50:35","slug":"ultima-instruccion-del-ano-en-el-cuartel-de-bomberos-voluntarios-de-olavarria","status":"publish","type":"post","link":"https:\/\/cdnoticias.com\/index.php\/2023\/12\/02\/ultima-instruccion-del-ano-en-el-cuartel-de-bomberos-voluntarios-de-olavarria\/","title":{"rendered":"\u00daltima Instrucci\u00f3n del a\u00f1o en el cuartel de Bomberos Voluntarios de Olavarr\u00eda"},"content":{"rendered":"<p>Se llev\u00f3 a cabo durante este jueves. Todo el personal del Cuerpo Activo y Jefatura particip\u00f3 de este encuentro.<!--more--><\/p>\n<hr \/>\n<p>Durante la tarde de este jueves 30 de noviembre se llev\u00f3 a cabo la <strong>\u00faltima instrucci\u00f3n del a\u00f1o en las instalaciones del Cuartel Central<\/strong>.<\/p>\n<p>Las <strong>capacitaciones de cada jueves hab\u00edan comenzado en el mes de abril<\/strong>, extendi\u00e9ndose hasta el \u00faltimo d\u00eda del mes de noviembre. <strong>Todo el personal del Cuerpo Activo<\/strong> particip\u00f3 de estas instrucciones durante el a\u00f1o, que tienen como fin <strong>instruir a las y los bomberos para perfeccionar el accionar<\/strong> en las salidas y servicios.<\/p>\n<p>En este caso, <strong>el Comandante Mayor Segundo Jefe del cuerpo Marcelo Menchaca<\/strong> instruy\u00f3 a las y los presentes respecto a materiales, herramientas y utilidad de una de las \u00faltimas unidades recientemente incorporadas al parque automotor del cuartel.<\/p>\n<p>Una vez finalizada la instrucci\u00f3n, el <strong>Comandante General y Jefe de Cuerpo Ra\u00fal Ferreira<\/strong> tom\u00f3 la palabra. Hizo un repaso por todas las actividades realizadas en estos meses y felicit\u00f3 a todo el personal por este exitoso a\u00f1o de trabajo.<\/p>\n<p><img data-recalc-dims=\"1\" loading=\"lazy\" decoding=\"async\" class=\"alignnone size-full wp-image-103300\" src=\"https:\/\/i0.wp.com\/cdnoticias.com\/wp-content\/uploads\/2023\/12\/bomberos-instruccion-01.jpg?resize=800%2C445&#038;ssl=1\" alt=\"\" width=\"800\" height=\"445\" srcset=\"https:\/\/i0.wp.com\/cdnoticias.com\/wp-content\/uploads\/2023\/12\/bomberos-instruccion-01.jpg?w=800&amp;ssl=1 800w, https:\/\/i0.wp.com\/cdnoticias.com\/wp-content\/uploads\/2023\/12\/bomberos-instruccion-01.jpg?resize=300%2C167&amp;ssl=1 300w, https:\/\/i0.wp.com\/cdnoticias.com\/wp-content\/uploads\/2023\/12\/bomberos-instruccion-01.jpg?resize=768%2C427&amp;ssl=1 768w\" sizes=\"auto, (max-width: 800px) 100vw, 800px\" \/><\/p>\n<blockquote><p>Destac\u00f3 tambi\u00e9n que el cuartel de Olavarr\u00eda haya sido tomado como ejemplo a seguir por parte de la Federaci\u00f3n de Asociaciones de Bomberos Voluntarios de la Provincia de Buenos Aires.<\/p><\/blockquote>\n<p>El Comandante Marcelo Menchaca habl\u00f3 para<strong> instar a las y los bomberos a seguir form\u00e1ndose y perfeccionando su vocaci\u00f3n<\/strong>. Tambi\u00e9n hizo \u00e9nfasis en los importantes logros que el cuartel de Olavarr\u00eda consigui\u00f3 en este 2023.<\/p>\n<p>\u201cDesde la Asociaci\u00f3n de Bomberos Voluntarios de Olavarr\u00eda estamos muy contentos no solo por todos los objetivos gratamente cumplidos durante este 2023, sino tambi\u00e9n por<em> contar con un grupo de gente que contin\u00faa siendo sin\u00f3nimo de responsabilidad, compromiso y amor por esta vocaci\u00f3n<\/em>\u201d indic\u00f3 la instituci\u00f3n.<\/p>\n","protected":false},"excerpt":{"rendered":"<p>Se llev\u00f3 a cabo durante este jueves. Todo el personal del Cuerpo Activo y Jefatura particip\u00f3 de este encuentro.<\/p>\n","protected":false},"author":4,"featured_media":103299,"comment_status":"closed","ping_status":"closed","sticky":false,"template":"","format":"standard","meta":{"_jetpack_memberships_contains_paid_content":false,"footnotes":""},"categories":[5,1],"tags":[],"class_list":["post-103297","post","type-post","status-publish","format-standard","has-post-thumbnail","hentry","category-informacion-general","category-portada"],"jetpack_featured_media_url":"https:\/\/i0.wp.com\/cdnoticias.com\/wp-content\/uploads\/2023\/12\/bomberos-instruccion-00.jpg?fit=800%2C445&ssl=1","jetpack_sharing_enabled":true,"_links":{"self":[{"href":"https:\/\/cdnoticias.com\/index.php\/wp-json\/wp\/v2\/posts\/103297","targetHints":{"allow":["GET"]}}],"collection":[{"href":"https:\/\/cdnoticias.com\/index.php\/wp-json\/wp\/v2\/posts"}],"about":[{"href":"https:\/\/cdnoticias.com\/index.php\/wp-json\/wp\/v2\/types\/post"}],"author":[{"embeddable":true,"href":"https:\/\/cdnoticias.com\/index.php\/wp-json\/wp\/v2\/users\/4"}],"replies":[{"embeddable":true,"href":"https:\/\/cdnoticias.com\/index.php\/wp-json\/wp\/v2\/comments?post=103297"}],"version-history":[{"count":0,"href":"https:\/\/cdnoticias.com\/index.php\/wp-json\/wp\/v2\/posts\/103297\/revisions"}],"wp:featuredmedia":[{"embeddable":true,"href":"https:\/\/cdnoticias.com\/index.php\/wp-json\/wp\/v2\/media\/103299"}],"wp:attachment":[{"href":"https:\/\/cdnoticias.com\/index.php\/wp-json\/wp\/v2\/media?parent=103297"}],"wp:term":[{"taxonomy":"category","embeddable":true,"href":"https:\/\/cdnoticias.com\/index.php\/wp-json\/wp\/v2\/categories?post=103297"},{"taxonomy":"post_tag","embeddable":true,"href":"https:\/\/cdnoticias.com\/index.php\/wp-json\/wp\/v2\/tags?post=103297"}],"curies":[{"name":"wp","href":"https:\/\/api.w.org\/{rel}","templated":true}]}}