{"id":10329,"date":"2020-12-31T11:44:07","date_gmt":"2020-12-31T14:44:07","guid":{"rendered":"http:\/\/www.centraldenoticias.com.ar\/?p=10329"},"modified":"2020-12-31T11:44:07","modified_gmt":"2020-12-31T14:44:07","slug":"pedido-de-ayuda-tras-un-incendio-un-hombre-perdio-todo","status":"publish","type":"post","link":"https:\/\/cdnoticias.com\/index.php\/2020\/12\/31\/pedido-de-ayuda-tras-un-incendio-un-hombre-perdio-todo\/","title":{"rendered":"Pedido de ayuda tras un incendio: un hombre perdi\u00f3 todo"},"content":{"rendered":"<p>El siniestro ocurri\u00f3 este jueves en una vivienda. El propietario es un reconocido \u00e1rbitro, Alberto Aizcorbe. Desde \u201cColonias y Cerros\u201d lanzaron una campa\u00f1a solidaria.<!--more--><\/p>\n<hr \/>\n<p>Hacia las 2 de la madrugada de este jueves se declar\u00f3 <strong>un incendio que dej\u00f3 p\u00e9rdidas totales en una vivienda de Pringles y Mitre<\/strong>. Su propietario, Alberto Aizcorbe, no se encontraba en el lugar. <strong>Ante los da\u00f1os, lanzaron una campa\u00f1a solidaria.<\/strong><\/p>\n<p>Se inform\u00f3 desde Bomberos que intervinieron en el siniestro las unidades 16 y 9 al mando del oficial Miguel Paghella para contener las llamas. Trabajaron entre las 2.10 y las 3.45.<\/p>\n<p><img data-recalc-dims=\"1\" loading=\"lazy\" decoding=\"async\" class=\"aligncenter wp-image-10330 size-full\" src=\"https:\/\/i0.wp.com\/cdnoticias.com\/wp-content\/uploads\/2020\/12\/incendio-alberto-aizcorbe-01.jpg?resize=800%2C600&#038;ssl=1\" alt=\"\" width=\"800\" height=\"600\" srcset=\"https:\/\/i0.wp.com\/cdnoticias.com\/wp-content\/uploads\/2020\/12\/incendio-alberto-aizcorbe-01.jpg?w=800&amp;ssl=1 800w, https:\/\/i0.wp.com\/cdnoticias.com\/wp-content\/uploads\/2020\/12\/incendio-alberto-aizcorbe-01.jpg?resize=300%2C225&amp;ssl=1 300w, https:\/\/i0.wp.com\/cdnoticias.com\/wp-content\/uploads\/2020\/12\/incendio-alberto-aizcorbe-01.jpg?resize=768%2C576&amp;ssl=1 768w\" sizes=\"auto, (max-width: 800px) 100vw, 800px\" \/><\/p>\n<p>Aizcorbe estaba en su trabajo, con lo que al arribar las llamas ya hab\u00edan arrasado con todos sus bienes.<\/p>\n<blockquote><p>La v\u00edctima es un reconocido \u00e1rbitro de f\u00fatbol con lo que desde \u201cColonias y Cerros\u201d se lanz\u00f3 un pedido de colaboraci\u00f3n a la comunidad para entregar donaciones de ropa y calzado n\u00famero 42, en principio. Adem\u00e1s, plantearon la intenci\u00f3n de ayudarlo a reconstruir su casa.<\/p><\/blockquote>\n<p>Quienes puedan colaborar puede acercarse a <strong>Amparo Castro 1678<\/strong>, comunicarse al <strong>2284 213971<\/strong> \u00f3 a trav\u00e9s de las <strong>redes sociales de \u201cColonias y Cerros\u201d<\/strong>.<\/p>\n","protected":false},"excerpt":{"rendered":"<p>El siniestro ocurri\u00f3 este jueves en una vivienda. El propietario es un reconocido \u00e1rbitro, Alberto Aizcorbe. Desde \u201cColonias y Cerros\u201d<\/p>\n","protected":false},"author":4,"featured_media":10331,"comment_status":"closed","ping_status":"closed","sticky":false,"template":"","format":"standard","meta":{"_jetpack_memberships_contains_paid_content":false,"footnotes":""},"categories":[5,1],"tags":[],"class_list":["post-10329","post","type-post","status-publish","format-standard","has-post-thumbnail","hentry","category-informacion-general","category-portada"],"jetpack_featured_media_url":"https:\/\/i0.wp.com\/cdnoticias.com\/wp-content\/uploads\/2020\/12\/incendio-alberto-aizcorbe02.jpg?fit=720%2C402&ssl=1","jetpack_sharing_enabled":true,"_links":{"self":[{"href":"https:\/\/cdnoticias.com\/index.php\/wp-json\/wp\/v2\/posts\/10329","targetHints":{"allow":["GET"]}}],"collection":[{"href":"https:\/\/cdnoticias.com\/index.php\/wp-json\/wp\/v2\/posts"}],"about":[{"href":"https:\/\/cdnoticias.com\/index.php\/wp-json\/wp\/v2\/types\/post"}],"author":[{"embeddable":true,"href":"https:\/\/cdnoticias.com\/index.php\/wp-json\/wp\/v2\/users\/4"}],"replies":[{"embeddable":true,"href":"https:\/\/cdnoticias.com\/index.php\/wp-json\/wp\/v2\/comments?post=10329"}],"version-history":[{"count":0,"href":"https:\/\/cdnoticias.com\/index.php\/wp-json\/wp\/v2\/posts\/10329\/revisions"}],"wp:featuredmedia":[{"embeddable":true,"href":"https:\/\/cdnoticias.com\/index.php\/wp-json\/wp\/v2\/media\/10331"}],"wp:attachment":[{"href":"https:\/\/cdnoticias.com\/index.php\/wp-json\/wp\/v2\/media?parent=10329"}],"wp:term":[{"taxonomy":"category","embeddable":true,"href":"https:\/\/cdnoticias.com\/index.php\/wp-json\/wp\/v2\/categories?post=10329"},{"taxonomy":"post_tag","embeddable":true,"href":"https:\/\/cdnoticias.com\/index.php\/wp-json\/wp\/v2\/tags?post=10329"}],"curies":[{"name":"wp","href":"https:\/\/api.w.org\/{rel}","templated":true}]}}