{"id":103289,"date":"2023-12-02T15:28:36","date_gmt":"2023-12-02T18:28:36","guid":{"rendered":"https:\/\/cdnoticias.com\/?p=103289"},"modified":"2023-12-02T15:28:38","modified_gmt":"2023-12-02T18:28:38","slug":"secuestro-de-una-moto-por-irregularidades-en-sierras-bayas","status":"publish","type":"post","link":"https:\/\/cdnoticias.com\/index.php\/2023\/12\/02\/secuestro-de-una-moto-por-irregularidades-en-sierras-bayas\/","title":{"rendered":"Secuestro de una moto por irregularidades en Sierras Bayas"},"content":{"rendered":"<p>Personal de Polic\u00eda Local dio con el veh\u00edculo en un operativo de interceptaci\u00f3n. La moto no ten\u00eda patente y presentaba n\u00fameros de motor y chasis adulterados.<!--more--><\/p>\n<hr \/>\n<p>Este s\u00e1bado fue <strong>secuestrada una moto en Sierras Bayas<\/strong> y su <strong>conductor qued\u00f3 demorado<\/strong>.<\/p>\n<p>Intervino personal de <strong>Polic\u00eda Local<\/strong> que llev\u00f3 adelante un operativo de interceptaci\u00f3n vehicular en <strong>avenida Centenario y Smirnoff<\/strong>.<\/p>\n<p>Se detall\u00f3 que en ese lugar se detect\u00f3 que <strong>una moto marca KTM DUKE 390 cc presentaba n\u00fameros de motor y chasis adulterados<\/strong>. El veh\u00edculo <strong>no llevaba placa de dominio<\/strong>. Se dispuso el secuestro y, junto al conductor, fue trasladado a sede de la Subcomisar\u00eda de Sierras Bayas.<\/p>\n<p>Se iniciaron actuaciones por<strong> \u201cinfracci\u00f3n al art\u00edculo 289 y por encubrimiento\u201d<\/strong> con intervenci\u00f3n de la UFI N\u00b0 4 de Olavarr\u00eda.<\/p>\n","protected":false},"excerpt":{"rendered":"<p>Personal de Polic\u00eda Local dio con el veh\u00edculo en un operativo de interceptaci\u00f3n. La moto no ten\u00eda patente y presentaba<\/p>\n","protected":false},"author":4,"featured_media":103291,"comment_status":"closed","ping_status":"closed","sticky":false,"template":"","format":"standard","meta":{"_jetpack_memberships_contains_paid_content":false,"footnotes":""},"categories":[14,1],"tags":[],"class_list":["post-103289","post","type-post","status-publish","format-standard","has-post-thumbnail","hentry","category-policiales","category-portada"],"jetpack_featured_media_url":"https:\/\/i0.wp.com\/cdnoticias.com\/wp-content\/uploads\/2023\/12\/moto-secuestrada-sierras-bayas-00.jpg?fit=800%2C445&ssl=1","jetpack_sharing_enabled":true,"_links":{"self":[{"href":"https:\/\/cdnoticias.com\/index.php\/wp-json\/wp\/v2\/posts\/103289","targetHints":{"allow":["GET"]}}],"collection":[{"href":"https:\/\/cdnoticias.com\/index.php\/wp-json\/wp\/v2\/posts"}],"about":[{"href":"https:\/\/cdnoticias.com\/index.php\/wp-json\/wp\/v2\/types\/post"}],"author":[{"embeddable":true,"href":"https:\/\/cdnoticias.com\/index.php\/wp-json\/wp\/v2\/users\/4"}],"replies":[{"embeddable":true,"href":"https:\/\/cdnoticias.com\/index.php\/wp-json\/wp\/v2\/comments?post=103289"}],"version-history":[{"count":0,"href":"https:\/\/cdnoticias.com\/index.php\/wp-json\/wp\/v2\/posts\/103289\/revisions"}],"wp:featuredmedia":[{"embeddable":true,"href":"https:\/\/cdnoticias.com\/index.php\/wp-json\/wp\/v2\/media\/103291"}],"wp:attachment":[{"href":"https:\/\/cdnoticias.com\/index.php\/wp-json\/wp\/v2\/media?parent=103289"}],"wp:term":[{"taxonomy":"category","embeddable":true,"href":"https:\/\/cdnoticias.com\/index.php\/wp-json\/wp\/v2\/categories?post=103289"},{"taxonomy":"post_tag","embeddable":true,"href":"https:\/\/cdnoticias.com\/index.php\/wp-json\/wp\/v2\/tags?post=103289"}],"curies":[{"name":"wp","href":"https:\/\/api.w.org\/{rel}","templated":true}]}}