{"id":103278,"date":"2023-12-02T10:54:54","date_gmt":"2023-12-02T13:54:54","guid":{"rendered":"https:\/\/cdnoticias.com\/?p=103278"},"modified":"2023-12-02T18:30:52","modified_gmt":"2023-12-02T21:30:52","slug":"un-herido-en-un-choque-la-moto-termino-secuestrado","status":"publish","type":"post","link":"https:\/\/cdnoticias.com\/index.php\/2023\/12\/02\/un-herido-en-un-choque-la-moto-termino-secuestrado\/","title":{"rendered":"Un herido en un choque: la moto termin\u00f3 secuestrada"},"content":{"rendered":"<p>El siniestro vial se registr\u00f3 este s\u00e1bado en Fassina y Chacabuco. Una moto Honda Tornado impact\u00f3 contra un auto Chevrolet Prisma. La moto ten\u00eda pedido de secuestro.<!--more--><\/p>\n<hr \/>\n<p>Un <strong>siniestro vial<\/strong> se registr\u00f3 en las primeras horas de <strong>este s\u00e1bado<\/strong> en el cruce de <strong>Fassina y Chacabuco<\/strong> donde <strong>un hombre result\u00f3 herido<\/strong>.<\/p>\n<p>&nbsp;<\/p>\n<p>Impactaron una <strong>moto Honda Tornado 250 cc<\/strong>, que transitaba por Fassina, con un <strong>auto Chevrolet Prisma<\/strong>, que circulaba por Chacabuco.<\/p>\n<p>&nbsp;<\/p>\n<blockquote><p>El conductor de la moto, un joven de 25 a\u00f1os, fue trasladado al Hospital Municipal donde recibi\u00f3 atenci\u00f3n m\u00e9dica. Result\u00f3 con fracturas de mu\u00f1eca y antebrazo izquierdos.<\/p><\/blockquote>\n<p>&nbsp;<\/p>\n<p><img data-recalc-dims=\"1\" loading=\"lazy\" decoding=\"async\" class=\"alignnone size-full wp-image-103280\" src=\"https:\/\/i0.wp.com\/cdnoticias.com\/wp-content\/uploads\/2023\/12\/choque-fassina-y-chacabuco-1.jpg?resize=800%2C445&#038;ssl=1\" alt=\"\" width=\"800\" height=\"445\" srcset=\"https:\/\/i0.wp.com\/cdnoticias.com\/wp-content\/uploads\/2023\/12\/choque-fassina-y-chacabuco-1.jpg?w=800&amp;ssl=1 800w, https:\/\/i0.wp.com\/cdnoticias.com\/wp-content\/uploads\/2023\/12\/choque-fassina-y-chacabuco-1.jpg?resize=300%2C167&amp;ssl=1 300w, https:\/\/i0.wp.com\/cdnoticias.com\/wp-content\/uploads\/2023\/12\/choque-fassina-y-chacabuco-1.jpg?resize=768%2C427&amp;ssl=1 768w\" sizes=\"auto, (max-width: 800px) 100vw, 800px\" \/><\/p>\n<p>&nbsp;<\/p>\n<p>Intervinieron personal del<strong> Comando de Patrullas (CPO)<\/strong> y <strong>Polic\u00eda Cient\u00edfica<\/strong>. Se estableci\u00f3 que<strong> la moto presentaba un pedido de secuestro activo<\/strong>. De esa manera, el veh\u00edculo fue secuestrado y el conductor fue acusado de encubrimiento.<\/p>\n<p>&nbsp;<\/p>\n<p>Se dio intervenci\u00f3n a la Comisar\u00eda Primera y la UFI N\u00ba 4. Las actuaciones se caratularon<strong> \u201clesiones culposas\u201d y \u201cencubrimiento\u201d<\/strong>.<\/p>\n<p>&nbsp;<\/p>\n","protected":false},"excerpt":{"rendered":"<p>El siniestro vial se registr\u00f3 este s\u00e1bado en Fassina y Chacabuco. Una moto Honda Tornado impact\u00f3 contra un auto Chevrolet<\/p>\n","protected":false},"author":4,"featured_media":103279,"comment_status":"closed","ping_status":"closed","sticky":false,"template":"","format":"standard","meta":{"_jetpack_memberships_contains_paid_content":false,"footnotes":""},"categories":[14,1],"tags":[],"class_list":["post-103278","post","type-post","status-publish","format-standard","has-post-thumbnail","hentry","category-policiales","category-portada"],"jetpack_featured_media_url":"https:\/\/i0.wp.com\/cdnoticias.com\/wp-content\/uploads\/2023\/12\/choque-fassina-y-chacabuco-0.jpg?fit=800%2C445&ssl=1","jetpack_sharing_enabled":true,"_links":{"self":[{"href":"https:\/\/cdnoticias.com\/index.php\/wp-json\/wp\/v2\/posts\/103278","targetHints":{"allow":["GET"]}}],"collection":[{"href":"https:\/\/cdnoticias.com\/index.php\/wp-json\/wp\/v2\/posts"}],"about":[{"href":"https:\/\/cdnoticias.com\/index.php\/wp-json\/wp\/v2\/types\/post"}],"author":[{"embeddable":true,"href":"https:\/\/cdnoticias.com\/index.php\/wp-json\/wp\/v2\/users\/4"}],"replies":[{"embeddable":true,"href":"https:\/\/cdnoticias.com\/index.php\/wp-json\/wp\/v2\/comments?post=103278"}],"version-history":[{"count":0,"href":"https:\/\/cdnoticias.com\/index.php\/wp-json\/wp\/v2\/posts\/103278\/revisions"}],"wp:featuredmedia":[{"embeddable":true,"href":"https:\/\/cdnoticias.com\/index.php\/wp-json\/wp\/v2\/media\/103279"}],"wp:attachment":[{"href":"https:\/\/cdnoticias.com\/index.php\/wp-json\/wp\/v2\/media?parent=103278"}],"wp:term":[{"taxonomy":"category","embeddable":true,"href":"https:\/\/cdnoticias.com\/index.php\/wp-json\/wp\/v2\/categories?post=103278"},{"taxonomy":"post_tag","embeddable":true,"href":"https:\/\/cdnoticias.com\/index.php\/wp-json\/wp\/v2\/tags?post=103278"}],"curies":[{"name":"wp","href":"https:\/\/api.w.org\/{rel}","templated":true}]}}