{"id":103265,"date":"2023-12-01T20:58:29","date_gmt":"2023-12-01T23:58:29","guid":{"rendered":"https:\/\/cdnoticias.com\/?p=103265"},"modified":"2023-12-02T11:05:18","modified_gmt":"2023-12-02T14:05:18","slug":"pensar-el-futuro-colectivo-se-entregaron-los-destacados-central-2023","status":"publish","type":"post","link":"https:\/\/cdnoticias.com\/index.php\/2023\/12\/01\/pensar-el-futuro-colectivo-se-entregaron-los-destacados-central-2023\/","title":{"rendered":"Pensar el futuro colectivo: se entregaron los Destacados Central 2023"},"content":{"rendered":"\n<p>Con proyectos, propuestas, trayectoria y mucho por contar, las cinco agrupaciones recibieron una distinci\u00f3n que resalt\u00f3 su historia y su a\u00f1o.<\/p>\n\n\n\n<hr class=\"wp-block-separator aligncenter has-alpha-channel-opacity\"\/>\n\n\n\n<p><strong>Pensar en el medio ambiente, en la inclusi\u00f3n de g\u00e9nero, en el arte como pol\u00edtica, en el acceso a la vivienda y los derechos de los trabajadores y la inclusi\u00f3n deportiva. <\/strong>Un sindicato con 120 a\u00f1os de trayectoria, un grupo de teatro que cumple 10, una agrupaci\u00f3n que surgi\u00f3 en los \u00faltimos dos a\u00f1os.<strong> Durante esta semana se entregaron los Destacados Central 2023, una distinci\u00f3n a lo colectivo en Olavarr\u00eda, no s\u00f3lo por el pasado y presente, sino tambi\u00e9n el futuro.<\/strong><\/p>\n\n\n\n<p>La <strong>Asociaci\u00f3n Civil Criar con Alas<\/strong>,<a href=\"https:\/\/cdnoticias.com\/index.php\/2023\/11\/27\/acompanar-infancias-libres-es-criar-con-alas\/\" target=\"_blank\" rel=\"noreferrer noopener\"> una agrupaci\u00f3n que acompa\u00f1a a las ni\u00f1eces trans, las redes de contenci\u00f3n, de protecci\u00f3n y de militancia con otras instituciones por una ESI accesible para todos, todas y todxs.<\/a><\/p>\n\n\n\n<p>Coty Probanza e integrantes del grupo recibieron la distinci\u00f3n por su trabajo comunitario y la militancia en los cambios de paradigmas pensados con inclusi\u00f3n y por una sociedad mejor.<\/p>\n\n\n\n<figure class=\"wp-block-image size-large\"><img data-recalc-dims=\"1\" loading=\"lazy\" decoding=\"async\" width=\"800\" height=\"450\" src=\"https:\/\/i0.wp.com\/cdnoticias.com\/wp-content\/uploads\/2023\/12\/alas-distincion2.jpg?resize=800%2C450&#038;ssl=1\" alt=\"\" class=\"wp-image-103266\" srcset=\"https:\/\/i0.wp.com\/cdnoticias.com\/wp-content\/uploads\/2023\/12\/alas-distincion2-scaled.jpg?resize=1024%2C576&amp;ssl=1 1024w, https:\/\/i0.wp.com\/cdnoticias.com\/wp-content\/uploads\/2023\/12\/alas-distincion2-scaled.jpg?resize=300%2C169&amp;ssl=1 300w, https:\/\/i0.wp.com\/cdnoticias.com\/wp-content\/uploads\/2023\/12\/alas-distincion2-scaled.jpg?resize=768%2C432&amp;ssl=1 768w, https:\/\/i0.wp.com\/cdnoticias.com\/wp-content\/uploads\/2023\/12\/alas-distincion2-scaled.jpg?resize=1536%2C864&amp;ssl=1 1536w, https:\/\/i0.wp.com\/cdnoticias.com\/wp-content\/uploads\/2023\/12\/alas-distincion2-scaled.jpg?resize=2048%2C1152&amp;ssl=1 2048w, https:\/\/i0.wp.com\/cdnoticias.com\/wp-content\/uploads\/2023\/12\/alas-distincion2-scaled.jpg?w=1600&amp;ssl=1 1600w, https:\/\/i0.wp.com\/cdnoticias.com\/wp-content\/uploads\/2023\/12\/alas-distincion2-scaled.jpg?w=2400&amp;ssl=1 2400w\" sizes=\"auto, (max-width: 800px) 100vw, 800px\" \/><\/figure>\n\n\n\n<p>Tambi\u00e9n el Medio Ambiente forma parte de las \u201cnuevas problem\u00e1ticas\u201d de estos tiempos. Desde<strong> Remada Verde Olavarr\u00eda <\/strong>lo entendieron a la perfecci\u00f3n y <a href=\"https:\/\/cdnoticias.com\/index.php\/2023\/11\/27\/remada-verde-una-propuesta-diferente-que-crea-conciencia\/\" target=\"_blank\" rel=\"noreferrer noopener\">su militancia por un Arroyo Tapalqu\u00e9 accesible, seguro, limpio y que le d\u00e9 la oportunidad de miles de olavarrienses de disfrutar el espejo de agua por excelencia de la ciudad.<\/a><\/p>\n\n\n\n<p>Un grupo de personas que comenz\u00f3 como una actividad m\u00e1s y se convirti\u00f3 en una militancia de cientos durante los fines de semana. La red solidaria de colaboraciones voluntarias, el rol educativo para ni\u00f1os, ni\u00f1as y adolescentes y el pedido de pol\u00edticas p\u00fablicas.<\/p>\n\n\n\n<figure class=\"wp-block-image size-large\"><img data-recalc-dims=\"1\" loading=\"lazy\" decoding=\"async\" width=\"800\" height=\"450\" src=\"https:\/\/i0.wp.com\/cdnoticias.com\/wp-content\/uploads\/2023\/12\/verde-distincion1.jpg?resize=800%2C450&#038;ssl=1\" alt=\"\" class=\"wp-image-103270\" srcset=\"https:\/\/i0.wp.com\/cdnoticias.com\/wp-content\/uploads\/2023\/12\/verde-distincion1-scaled.jpg?resize=1024%2C576&amp;ssl=1 1024w, https:\/\/i0.wp.com\/cdnoticias.com\/wp-content\/uploads\/2023\/12\/verde-distincion1-scaled.jpg?resize=300%2C169&amp;ssl=1 300w, https:\/\/i0.wp.com\/cdnoticias.com\/wp-content\/uploads\/2023\/12\/verde-distincion1-scaled.jpg?resize=768%2C432&amp;ssl=1 768w, https:\/\/i0.wp.com\/cdnoticias.com\/wp-content\/uploads\/2023\/12\/verde-distincion1-scaled.jpg?resize=1536%2C864&amp;ssl=1 1536w, https:\/\/i0.wp.com\/cdnoticias.com\/wp-content\/uploads\/2023\/12\/verde-distincion1-scaled.jpg?resize=2048%2C1152&amp;ssl=1 2048w, https:\/\/i0.wp.com\/cdnoticias.com\/wp-content\/uploads\/2023\/12\/verde-distincion1-scaled.jpg?w=1600&amp;ssl=1 1600w, https:\/\/i0.wp.com\/cdnoticias.com\/wp-content\/uploads\/2023\/12\/verde-distincion1-scaled.jpg?w=2400&amp;ssl=1 2400w\" sizes=\"auto, (max-width: 800px) 100vw, 800px\" \/><\/figure>\n\n\n\n<p>El <strong>Centro de Empleados de Comercio de Olavarr\u00eda (CECO) cumpli\u00f3 120 a\u00f1os y forma parte de la historia viva de Olavarr\u00eda. <\/strong>No s\u00f3lo en la defensa f\u00e9rrea de los trabajadores sino tambi\u00e9n con un acompa\u00f1amiento al crecimiento de la ciudad y<a href=\"https:\/\/cdnoticias.com\/index.php\/2023\/11\/27\/ceco-120-anos-de-vida-activa-dentro-de-olavarria\/\" target=\"_blank\" rel=\"noreferrer noopener\"> con hitos como la creaci\u00f3n del Barrio CECO y lo que sucede en la actualidad: el avance de una obra de 100 viviendas en conjunto con la Provincia, en lo que ser\u00e1 el Barrio CECO III.<\/a><\/p>\n\n\n\n<p><em>\u201cUn deseo para el tiempo que viene es que nos dejen trabajar en libertad. No van a poder eliminar las instituciones argentinas. No se puede eliminar las cooperativas, los sindicatos, porque despu\u00e9s tienen carta abierta para hacer lo que quieren con los trabajadores y los trabajadores no tienen d\u00f3nde ir\u201d <\/em>dej\u00f3 en claro Miguel Santell\u00e1n, a la hora de recibir la Distinci\u00f3n de Central.<\/p>\n\n\n\n<figure class=\"wp-block-image size-large\"><img data-recalc-dims=\"1\" loading=\"lazy\" decoding=\"async\" width=\"800\" height=\"627\" src=\"https:\/\/i0.wp.com\/cdnoticias.com\/wp-content\/uploads\/2023\/12\/ceco-distincion1.jpg?resize=800%2C627&#038;ssl=1\" alt=\"\" class=\"wp-image-103267\" srcset=\"https:\/\/i0.wp.com\/cdnoticias.com\/wp-content\/uploads\/2023\/12\/ceco-distincion1.jpg?resize=1024%2C803&amp;ssl=1 1024w, https:\/\/i0.wp.com\/cdnoticias.com\/wp-content\/uploads\/2023\/12\/ceco-distincion1.jpg?resize=300%2C235&amp;ssl=1 300w, https:\/\/i0.wp.com\/cdnoticias.com\/wp-content\/uploads\/2023\/12\/ceco-distincion1.jpg?resize=768%2C602&amp;ssl=1 768w, https:\/\/i0.wp.com\/cdnoticias.com\/wp-content\/uploads\/2023\/12\/ceco-distincion1.jpg?w=1200&amp;ssl=1 1200w\" sizes=\"auto, (max-width: 800px) 100vw, 800px\" \/><\/figure>\n\n\n\n<p><a href=\"https:\/\/cdnoticias.com\/index.php\/2023\/11\/27\/cafe-concert-lalta-gama-el-compromiso-politico-de-hacer-reir\/\" target=\"_blank\" rel=\"noreferrer noopener\">Hacer humor con lo que te atraviesa. Con lo cotidiano. Con lo que creemos o con lo que vivimos.<\/a> As\u00ed, <strong>Caf\u00e9 Concert L\u2019Alta Gama cumple 10 a\u00f1os con la misma formaci\u00f3n, su alejamiento \u2013transitorio- de El Provincial y el sue\u00f1o del Polo Cultural que pueda funcionar de sede para su espect\u00e1culo art\u00edstico.<\/strong><\/p>\n\n\n\n<p><em>\u201cNosotros nos permitimos pensar que las palabras hacen y proponen un di\u00e1logo que no subestima a nuestro p\u00fablico. El humor que hacemos tiene que ver con poder quedarnos con esa cosita chiquitita que sucedi\u00f3, ponerlo sobre lupa y contar la historia desde ese lugar. Y que pueden ser contadas de otra manera, que no son solamente las cosas que se dice en la tribuna, en el peri\u00f3dico, o en la conferencia de prensa. Tambi\u00e9n se cuenta la realidad de un pa\u00eds desde la se\u00f1ora que mira por la ventana\u201d.<\/em><\/p>\n\n\n\n<figure class=\"wp-block-image size-large\"><img data-recalc-dims=\"1\" loading=\"lazy\" decoding=\"async\" width=\"800\" height=\"450\" src=\"https:\/\/i0.wp.com\/cdnoticias.com\/wp-content\/uploads\/2023\/12\/concert-distincion1.jpg?resize=800%2C450&#038;ssl=1\" alt=\"\" class=\"wp-image-103268\" srcset=\"https:\/\/i0.wp.com\/cdnoticias.com\/wp-content\/uploads\/2023\/12\/concert-distincion1-scaled.jpg?resize=1024%2C576&amp;ssl=1 1024w, https:\/\/i0.wp.com\/cdnoticias.com\/wp-content\/uploads\/2023\/12\/concert-distincion1-scaled.jpg?resize=300%2C169&amp;ssl=1 300w, https:\/\/i0.wp.com\/cdnoticias.com\/wp-content\/uploads\/2023\/12\/concert-distincion1-scaled.jpg?resize=768%2C432&amp;ssl=1 768w, https:\/\/i0.wp.com\/cdnoticias.com\/wp-content\/uploads\/2023\/12\/concert-distincion1-scaled.jpg?resize=1536%2C864&amp;ssl=1 1536w, https:\/\/i0.wp.com\/cdnoticias.com\/wp-content\/uploads\/2023\/12\/concert-distincion1-scaled.jpg?resize=2048%2C1152&amp;ssl=1 2048w, https:\/\/i0.wp.com\/cdnoticias.com\/wp-content\/uploads\/2023\/12\/concert-distincion1-scaled.jpg?w=1600&amp;ssl=1 1600w, https:\/\/i0.wp.com\/cdnoticias.com\/wp-content\/uploads\/2023\/12\/concert-distincion1-scaled.jpg?w=2400&amp;ssl=1 2400w\" sizes=\"auto, (max-width: 800px) 100vw, 800px\" \/><\/figure>\n\n\n\n<p><br>El deporte es inclusi\u00f3n. Por donde se lo mire. El rol de los clubes es fundamental (tal es as\u00ed, que la Uni\u00f3n de Clubes recibi\u00f3 la distinci\u00f3n de Central en 2022) pero hay disciplinas que, en silencio, realizan un trabajo fundamental para potenciar esta premisa: <strong>la Uni\u00f3n de Ciclistas de Olavarr\u00eda tuvo un importante 2023, con pleno crecimiento y proyectos, y este a\u00f1o recibi\u00f3 el galard\u00f3n de este medio.<\/strong><\/p>\n\n\n\n<p>Justamente, <a href=\"https:\/\/cdnoticias.com\/index.php\/2023\/11\/27\/somos-un-grupo-con-muchas-ganas-de-llevar-adelante-el-ciclismo-y-de-verlo-crecer\/\" target=\"_blank\" rel=\"noreferrer noopener\">uno de los pasos m\u00e1s grandes fue el de obtener de la Personer\u00eda Jur\u00eddica, que le dio el aval para transformarse en una Asociaci\u00f3n Civil. Esto potenci\u00f3 el trabajo y buscan tener fechas en el calendario de la regi\u00f3n, de pelear por la Pista de Ciclismo propia<\/a> (en un trabajo que tuvo inesperadas noticias en los \u00faltimos d\u00edas) pero que no baja los brazos de una comisi\u00f3n nueva que contin\u00faa sembrando para cosechar logros.<\/p>\n\n\n\n<figure class=\"wp-block-image size-large\"><img data-recalc-dims=\"1\" loading=\"lazy\" decoding=\"async\" width=\"800\" height=\"450\" src=\"https:\/\/i0.wp.com\/cdnoticias.com\/wp-content\/uploads\/2023\/12\/uco-distincion1.jpg?resize=800%2C450&#038;ssl=1\" alt=\"\" class=\"wp-image-103269\" srcset=\"https:\/\/i0.wp.com\/cdnoticias.com\/wp-content\/uploads\/2023\/12\/uco-distincion1-scaled.jpg?resize=1024%2C576&amp;ssl=1 1024w, https:\/\/i0.wp.com\/cdnoticias.com\/wp-content\/uploads\/2023\/12\/uco-distincion1-scaled.jpg?resize=300%2C169&amp;ssl=1 300w, https:\/\/i0.wp.com\/cdnoticias.com\/wp-content\/uploads\/2023\/12\/uco-distincion1-scaled.jpg?resize=768%2C432&amp;ssl=1 768w, https:\/\/i0.wp.com\/cdnoticias.com\/wp-content\/uploads\/2023\/12\/uco-distincion1-scaled.jpg?resize=1536%2C864&amp;ssl=1 1536w, https:\/\/i0.wp.com\/cdnoticias.com\/wp-content\/uploads\/2023\/12\/uco-distincion1-scaled.jpg?resize=2048%2C1152&amp;ssl=1 2048w, https:\/\/i0.wp.com\/cdnoticias.com\/wp-content\/uploads\/2023\/12\/uco-distincion1-scaled.jpg?w=1600&amp;ssl=1 1600w, https:\/\/i0.wp.com\/cdnoticias.com\/wp-content\/uploads\/2023\/12\/uco-distincion1-scaled.jpg?w=2400&amp;ssl=1 2400w\" sizes=\"auto, (max-width: 800px) 100vw, 800px\" \/><\/figure>\n\n\n\n<p><strong>El trabajo institucional en el Partido de Olavarr\u00eda, por momentos, no conoce de l\u00edmites. <\/strong>Es solo mirar entre las decenas de agrupaciones, asociaciones e instituciones que, en mayor o menor medida, tienen un gran objetivo en com\u00fan: que <strong>Olavarr\u00eda siga siendo un faro de desarrollo, crecimiento e inclusi\u00f3n.<\/strong><\/p>\n\n\n\n<p><strong>Hacia all\u00ed apunta Central de Noticias y Central de Deportes. <\/strong>Es por ello que se generaron estas distinciones que se materializan en una figura de p\u00e1jaro que con el correr de los a\u00f1os cambia el material con el que se realizan.<\/p>\n\n\n\n<figure class=\"wp-block-image size-full\"><img data-recalc-dims=\"1\" loading=\"lazy\" decoding=\"async\" width=\"789\" height=\"444\" src=\"https:\/\/i0.wp.com\/cdnoticias.com\/wp-content\/uploads\/2023\/12\/destacados-central-2023-05.jpg?resize=789%2C444&#038;ssl=1\" alt=\"\" class=\"wp-image-103271\" srcset=\"https:\/\/i0.wp.com\/cdnoticias.com\/wp-content\/uploads\/2023\/12\/destacados-central-2023-05.jpg?w=789&amp;ssl=1 789w, https:\/\/i0.wp.com\/cdnoticias.com\/wp-content\/uploads\/2023\/12\/destacados-central-2023-05.jpg?resize=300%2C169&amp;ssl=1 300w, https:\/\/i0.wp.com\/cdnoticias.com\/wp-content\/uploads\/2023\/12\/destacados-central-2023-05.jpg?resize=768%2C432&amp;ssl=1 768w\" sizes=\"auto, (max-width: 789px) 100vw, 789px\" \/><\/figure>\n\n\n\n<p>Este a\u00f1o,<strong> los premios fueron elaborados por Cuate 3D, un emprendimiento local que se dedica al dise\u00f1o e impresi\u00f3n y pensados e intervenidos por Natalia Schumacher, artista pl\u00e1stica, dise\u00f1adora gr\u00e1fica y docente.<\/strong><\/p>\n\n\n\n<p>Con el estilo personal y on\u00edrico que la caracteriza, <strong>Natalia Schumacher refleja en estas obras el v\u00ednculo con la naturaleza, la experimentaci\u00f3n, la preservaci\u00f3n de la alegr\u00eda y un universo potente que se traslada a la acci\u00f3n.<\/strong><\/p>\n\n\n\n<figure class=\"wp-block-image size-full\"><img data-recalc-dims=\"1\" loading=\"lazy\" decoding=\"async\" width=\"800\" height=\"450\" src=\"https:\/\/i0.wp.com\/cdnoticias.com\/wp-content\/uploads\/2023\/12\/destacados-central-2023-04.jpg?resize=800%2C450&#038;ssl=1\" alt=\"\" class=\"wp-image-103272\" srcset=\"https:\/\/i0.wp.com\/cdnoticias.com\/wp-content\/uploads\/2023\/12\/destacados-central-2023-04.jpg?w=800&amp;ssl=1 800w, https:\/\/i0.wp.com\/cdnoticias.com\/wp-content\/uploads\/2023\/12\/destacados-central-2023-04.jpg?resize=300%2C169&amp;ssl=1 300w, https:\/\/i0.wp.com\/cdnoticias.com\/wp-content\/uploads\/2023\/12\/destacados-central-2023-04.jpg?resize=768%2C432&amp;ssl=1 768w\" sizes=\"auto, (max-width: 800px) 100vw, 800px\" \/><\/figure>\n\n\n\n<blockquote class=\"wp-block-quote is-layout-flow wp-block-quote-is-layout-flow\">\n<p>Los p\u00e1jaros representan la capacidad de extender las alas y a su vez, dar cobijo, protecci\u00f3n. En el centro, una gema que contiene la potencia transformadora y la capacidad de impulsar ideas y proyectos.<\/p>\n<\/blockquote>\n\n\n\n<p>Desde el equipo de Central consideramos que los destacados de este a\u00f1o, tienen un rol importante para el desarrollo de la comunidad. <strong>El accionar de cada uno, se proyecta sobre la ciudad e influye en mejorar la vida social, deportiva, art\u00edstica e institucional.<\/strong><\/p>\n\n\n\n<p class=\"has-medium-font-size\"><strong>\u00a1Felicitaciones y a continuar con su trabajo por el bien de Olavarr\u00eda!<\/strong><\/p>\n","protected":false},"excerpt":{"rendered":"<p>Con proyectos, propuestas, trayectoria y mucho por contar, las cinco agrupaciones recibieron una distinci\u00f3n que resalt\u00f3 su historia y su<\/p>\n","protected":false},"author":2,"featured_media":103268,"comment_status":"closed","ping_status":"closed","sticky":false,"template":"","format":"standard","meta":{"_jetpack_memberships_contains_paid_content":false,"footnotes":""},"categories":[26],"tags":[],"class_list":["post-103265","post","type-post","status-publish","format-standard","has-post-thumbnail","hentry","category-destacados-2023"],"jetpack_featured_media_url":"https:\/\/i0.wp.com\/cdnoticias.com\/wp-content\/uploads\/2023\/12\/concert-distincion1-scaled.jpg?fit=2560%2C1440&ssl=1","jetpack_sharing_enabled":true,"_links":{"self":[{"href":"https:\/\/cdnoticias.com\/index.php\/wp-json\/wp\/v2\/posts\/103265","targetHints":{"allow":["GET"]}}],"collection":[{"href":"https:\/\/cdnoticias.com\/index.php\/wp-json\/wp\/v2\/posts"}],"about":[{"href":"https:\/\/cdnoticias.com\/index.php\/wp-json\/wp\/v2\/types\/post"}],"author":[{"embeddable":true,"href":"https:\/\/cdnoticias.com\/index.php\/wp-json\/wp\/v2\/users\/2"}],"replies":[{"embeddable":true,"href":"https:\/\/cdnoticias.com\/index.php\/wp-json\/wp\/v2\/comments?post=103265"}],"version-history":[{"count":0,"href":"https:\/\/cdnoticias.com\/index.php\/wp-json\/wp\/v2\/posts\/103265\/revisions"}],"wp:featuredmedia":[{"embeddable":true,"href":"https:\/\/cdnoticias.com\/index.php\/wp-json\/wp\/v2\/media\/103268"}],"wp:attachment":[{"href":"https:\/\/cdnoticias.com\/index.php\/wp-json\/wp\/v2\/media?parent=103265"}],"wp:term":[{"taxonomy":"category","embeddable":true,"href":"https:\/\/cdnoticias.com\/index.php\/wp-json\/wp\/v2\/categories?post=103265"},{"taxonomy":"post_tag","embeddable":true,"href":"https:\/\/cdnoticias.com\/index.php\/wp-json\/wp\/v2\/tags?post=103265"}],"curies":[{"name":"wp","href":"https:\/\/api.w.org\/{rel}","templated":true}]}}