{"id":103246,"date":"2023-12-01T20:01:12","date_gmt":"2023-12-01T23:01:12","guid":{"rendered":"https:\/\/cdnoticias.com\/?p=103246"},"modified":"2023-12-01T20:01:14","modified_gmt":"2023-12-01T23:01:14","slug":"viernesdeadopciones-se-busca-hogar-para-romero","status":"publish","type":"post","link":"https:\/\/cdnoticias.com\/index.php\/2023\/12\/01\/viernesdeadopciones-se-busca-hogar-para-romero\/","title":{"rendered":"ViernesDeAdopciones: se busca hogar para \u201cRomero\u201d"},"content":{"rendered":"\n<p>Hace m\u00e1s de seis a\u00f1os que se encuentra alojado en el predio de Bromatolog\u00eda. \u201cNo queremos que empiece sus a\u00f1os de adulto mayor dentro del canil, ser\u00eda muy triste verlo envejecer en el predio\u201d expresaron desde el \u00e1rea.<\/p>\n\n\n\n<hr class=\"wp-block-separator aligncenter has-alpha-channel-opacity\"\/>\n\n\n\n<p>En el tradicional <strong>#ViernesDeAdopciones <\/strong>Bromatolog\u00eda da a conocer a <strong>\u00abRomero\u00bb,<\/strong> quien hace <strong>m\u00e1s de seis a\u00f1os que se encuentra alojado en el predio <\/strong>de Bromatolog\u00eda.<\/p>\n\n\n\n<p><\/p>\n\n\n\n<p>\u201cRomero\u201d comparte canil con \u00abRuth\u00bb: son los dos m\u00e1s compa\u00f1eros del predio, andan juntos todo el d\u00eda.<\/p>\n\n\n\n<p><\/p>\n\n\n\n<p><strong><em>\u201c\u00c9l ingres\u00f3 siendo un perro joven con una fractura en una de sus patitas. Hoy realiza una vida completamente normal. Es fan\u00e1tico de meterse en cuanto charquito encuentra\u201d<\/em><\/strong> expresaron desde el \u00e1rea.<\/p>\n\n\n\n<p><\/p>\n\n\n\n<figure class=\"wp-block-image size-full\"><img data-recalc-dims=\"1\" loading=\"lazy\" decoding=\"async\" width=\"800\" height=\"533\" src=\"https:\/\/i0.wp.com\/cdnoticias.com\/wp-content\/uploads\/2023\/12\/romero-1.jpg?resize=800%2C533&#038;ssl=1\" alt=\"\" class=\"wp-image-103248\" srcset=\"https:\/\/i0.wp.com\/cdnoticias.com\/wp-content\/uploads\/2023\/12\/romero-1.jpg?w=1000&amp;ssl=1 1000w, https:\/\/i0.wp.com\/cdnoticias.com\/wp-content\/uploads\/2023\/12\/romero-1.jpg?resize=300%2C200&amp;ssl=1 300w, https:\/\/i0.wp.com\/cdnoticias.com\/wp-content\/uploads\/2023\/12\/romero-1.jpg?resize=768%2C511&amp;ssl=1 768w, https:\/\/i0.wp.com\/cdnoticias.com\/wp-content\/uploads\/2023\/12\/romero-1.jpg?resize=272%2C182&amp;ssl=1 272w\" sizes=\"auto, (max-width: 800px) 100vw, 800px\" \/><\/figure>\n\n\n\n<p><\/p>\n\n\n\n<blockquote class=\"wp-block-quote is-layout-flow wp-block-quote-is-layout-flow\">\n<p>Asimismo, agregaron: \u201cNo queremos que empiece sus a\u00f1os de adulto mayor dentro del canil, ser\u00eda muy triste verlo envejecer en el predio. So\u00f1amos una casa donde puedan compartir un gran patio con su compa\u00f1era de aventuras y juegos\u201d.<\/p>\n<\/blockquote>\n\n\n\n<p><\/p>\n\n\n\n<p>Las personas interesadas en conocerlo pueden acercarse de lunes a viernes al predio de Bromatolog\u00eda. M\u00e1s informaci\u00f3n en las redes sociales Instagram: @adoptameolavarria o Facebook: Centro de Atenci\u00f3n Veterinario Olavarr\u00eda; o de forma telef\u00f3nica de lunes a viernes de 8 a 13 horas al 15579825.<\/p>\n","protected":false},"excerpt":{"rendered":"<p>Hace m\u00e1s de seis a\u00f1os que se encuentra alojado en el predio de Bromatolog\u00eda. \u201cNo queremos que empiece sus a\u00f1os<\/p>\n","protected":false},"author":6,"featured_media":103247,"comment_status":"closed","ping_status":"closed","sticky":false,"template":"","format":"standard","meta":{"_jetpack_memberships_contains_paid_content":false,"footnotes":""},"categories":[5,1],"tags":[],"class_list":["post-103246","post","type-post","status-publish","format-standard","has-post-thumbnail","hentry","category-informacion-general","category-portada"],"jetpack_featured_media_url":"https:\/\/i0.wp.com\/cdnoticias.com\/wp-content\/uploads\/2023\/12\/romero-2.jpg?fit=1000%2C666&ssl=1","jetpack_sharing_enabled":true,"_links":{"self":[{"href":"https:\/\/cdnoticias.com\/index.php\/wp-json\/wp\/v2\/posts\/103246","targetHints":{"allow":["GET"]}}],"collection":[{"href":"https:\/\/cdnoticias.com\/index.php\/wp-json\/wp\/v2\/posts"}],"about":[{"href":"https:\/\/cdnoticias.com\/index.php\/wp-json\/wp\/v2\/types\/post"}],"author":[{"embeddable":true,"href":"https:\/\/cdnoticias.com\/index.php\/wp-json\/wp\/v2\/users\/6"}],"replies":[{"embeddable":true,"href":"https:\/\/cdnoticias.com\/index.php\/wp-json\/wp\/v2\/comments?post=103246"}],"version-history":[{"count":0,"href":"https:\/\/cdnoticias.com\/index.php\/wp-json\/wp\/v2\/posts\/103246\/revisions"}],"wp:featuredmedia":[{"embeddable":true,"href":"https:\/\/cdnoticias.com\/index.php\/wp-json\/wp\/v2\/media\/103247"}],"wp:attachment":[{"href":"https:\/\/cdnoticias.com\/index.php\/wp-json\/wp\/v2\/media?parent=103246"}],"wp:term":[{"taxonomy":"category","embeddable":true,"href":"https:\/\/cdnoticias.com\/index.php\/wp-json\/wp\/v2\/categories?post=103246"},{"taxonomy":"post_tag","embeddable":true,"href":"https:\/\/cdnoticias.com\/index.php\/wp-json\/wp\/v2\/tags?post=103246"}],"curies":[{"name":"wp","href":"https:\/\/api.w.org\/{rel}","templated":true}]}}