{"id":10324,"date":"2020-12-31T10:31:47","date_gmt":"2020-12-31T13:31:47","guid":{"rendered":"http:\/\/www.centraldenoticias.com.ar\/?p=10324"},"modified":"2020-12-31T10:31:47","modified_gmt":"2020-12-31T13:31:47","slug":"la-recoleccion-de-residuos-en-el-ano-nuevo","status":"publish","type":"post","link":"https:\/\/cdnoticias.com\/index.php\/2020\/12\/31\/la-recoleccion-de-residuos-en-el-ano-nuevo\/","title":{"rendered":"La recolecci\u00f3n de residuos en el A\u00f1o Nuevo"},"content":{"rendered":"<p>C\u00f3mo funcionar\u00e1n los servicios de barrido y recolecci\u00f3n de residuos este jueves y viernes.<!--more--><\/p>\n<hr \/>\n<p>Desde la Secretar\u00eda de Mantenimiento y Obras P\u00fablicas se record\u00f3 el cronograma de recolecci\u00f3n de residuos para los d\u00edas 31 de diciembre y 1\u00ba de enero.<\/p>\n<p>La empresa Transportes Malvinas trabajar\u00e1 de la siguiente manera:<\/p>\n<p><strong>-Jueves 31 de diciembre:<\/strong><\/p>\n<p>Barrido manual: servicio normal<\/p>\n<p>Recolecci\u00f3n diurna: servicio normal<\/p>\n<p>Recolecci\u00f3n nocturna: no se realizar\u00e1 servicio.<\/p>\n<p>Barrido mec\u00e1nico: no se realizar\u00e1 servicio.<\/p>\n<p><strong>-Viernes 1\u00ba de enero:<\/strong><\/p>\n<p>Barrido manual: no se realizar\u00e1 servicio.<\/p>\n<p>Recolecci\u00f3n diurna: no se realizar\u00e1 servicio<\/p>\n<p>Recolecci\u00f3n nocturna: servicio normal.<\/p>\n<p>Barrido mec\u00e1nico: servicio normal.<\/p>\n<p>Finalmente desde Transportes Malvinas se solicit\u00f3 \u201cla colaboraci\u00f3n de parte de la comunidad para <strong>hacer entre todos una ciudad m\u00e1s limpia<\/strong>, propiciando el cumplimiento de las reglamentaciones correspondientes y promoviendo una adecuada separaci\u00f3n de residuos, buenas pr\u00e1cticas ambientales y principalmente el cuidado del ambiente en el que vivimos\u201d se inform\u00f3.<\/p>\n<p>Por m\u00e1s informaci\u00f3n comunicarse con el Centro de Atenci\u00f3n al Usuario al 433073 o por mail a <a href=\"mailto:sucolavarria@tmalvinas.com.ar\">sucolavarria@tmalvinas.com.ar<\/a><\/p>\n","protected":false},"excerpt":{"rendered":"<p>C\u00f3mo funcionar\u00e1n los servicios de barrido y recolecci\u00f3n de residuos este jueves y viernes.<\/p>\n","protected":false},"author":4,"featured_media":10326,"comment_status":"closed","ping_status":"closed","sticky":false,"template":"","format":"standard","meta":{"_jetpack_memberships_contains_paid_content":false,"footnotes":""},"categories":[5,1],"tags":[],"class_list":["post-10324","post","type-post","status-publish","format-standard","has-post-thumbnail","hentry","category-informacion-general","category-portada"],"jetpack_featured_media_url":"https:\/\/i0.wp.com\/cdnoticias.com\/wp-content\/uploads\/2020\/12\/Malvinas-basura.jpg?fit=591%2C394&ssl=1","jetpack_sharing_enabled":true,"_links":{"self":[{"href":"https:\/\/cdnoticias.com\/index.php\/wp-json\/wp\/v2\/posts\/10324","targetHints":{"allow":["GET"]}}],"collection":[{"href":"https:\/\/cdnoticias.com\/index.php\/wp-json\/wp\/v2\/posts"}],"about":[{"href":"https:\/\/cdnoticias.com\/index.php\/wp-json\/wp\/v2\/types\/post"}],"author":[{"embeddable":true,"href":"https:\/\/cdnoticias.com\/index.php\/wp-json\/wp\/v2\/users\/4"}],"replies":[{"embeddable":true,"href":"https:\/\/cdnoticias.com\/index.php\/wp-json\/wp\/v2\/comments?post=10324"}],"version-history":[{"count":0,"href":"https:\/\/cdnoticias.com\/index.php\/wp-json\/wp\/v2\/posts\/10324\/revisions"}],"wp:featuredmedia":[{"embeddable":true,"href":"https:\/\/cdnoticias.com\/index.php\/wp-json\/wp\/v2\/media\/10326"}],"wp:attachment":[{"href":"https:\/\/cdnoticias.com\/index.php\/wp-json\/wp\/v2\/media?parent=10324"}],"wp:term":[{"taxonomy":"category","embeddable":true,"href":"https:\/\/cdnoticias.com\/index.php\/wp-json\/wp\/v2\/categories?post=10324"},{"taxonomy":"post_tag","embeddable":true,"href":"https:\/\/cdnoticias.com\/index.php\/wp-json\/wp\/v2\/tags?post=10324"}],"curies":[{"name":"wp","href":"https:\/\/api.w.org\/{rel}","templated":true}]}}