{"id":103235,"date":"2023-12-01T18:13:48","date_gmt":"2023-12-01T21:13:48","guid":{"rendered":"https:\/\/cdnoticias.com\/?p=103235"},"modified":"2023-12-01T18:13:49","modified_gmt":"2023-12-01T21:13:49","slug":"el-ceco-realizo-su-asamblea-anual-aprobaron-por-unanimidad-la-memoria-y-balance-120","status":"publish","type":"post","link":"https:\/\/cdnoticias.com\/index.php\/2023\/12\/01\/el-ceco-realizo-su-asamblea-anual-aprobaron-por-unanimidad-la-memoria-y-balance-120\/","title":{"rendered":"El CECO realiz\u00f3 su asamblea anual: aprobaron por unanimidad la Memoria y Balance 120"},"content":{"rendered":"\n<p>Entre lo m\u00e1s destacado, se ratific\u00f3 el compromiso de terminar con las 100 viviendas del CECO III. \u201cTenemos que estar m\u00e1s juntos que nunca y fortalecernos\u201d dijo Miguel Santell\u00e1n sobre lo que viene.<\/p>\n\n\n\n<hr class=\"wp-block-separator aligncenter has-alpha-channel-opacity\"\/>\n\n\n\n<p>El pasado lunes <strong>el Centro Empleados de Comercio Olavarr\u00eda realiz\u00f3 la asamblea anual para informar a sus afiliados y afiliadas sobre la gesti\u00f3n realizada en la \u201cMemoria y Balance del ejercicio 120\u201d, que fue aprobada por unanimidad.<\/strong><\/p>\n\n\n\n<p>Una gran cantidad de afiliados y afiliadas asistieron al sal\u00f3n de usos m\u00faltiples en el segundo piso de la sede gremial ubicada en Coronel Su\u00e1rez 2752 para tratar el balance del ejercicio que comprende desde el 1\/07\/2022 al 30\/06\/2023. El secretario general Miguel Santell\u00e1n dio por iniciada la asamblea.<em><strong> \u201cEstamos terminando un a\u00f1o que ha sido emotivo para la instituci\u00f3n por su 120 aniversario y una impecable trayectoria en su zona de influencia que componen los partidos de Olavarr\u00eda, Laprida y General La Madrid\u201d <\/strong><\/em>expres\u00f3 Santell\u00e1n.<\/p>\n\n\n\n<figure class=\"wp-block-image size-large\"><img data-recalc-dims=\"1\" loading=\"lazy\" decoding=\"async\" width=\"800\" height=\"520\" src=\"https:\/\/i0.wp.com\/cdnoticias.com\/wp-content\/uploads\/2023\/12\/WhatsApp-Image-2023-12-01-at-12.36.45-1.jpeg?resize=800%2C520&#038;ssl=1\" alt=\"\" class=\"wp-image-103238\" srcset=\"https:\/\/i0.wp.com\/cdnoticias.com\/wp-content\/uploads\/2023\/12\/WhatsApp-Image-2023-12-01-at-12.36.45-1.jpeg?resize=1024%2C666&amp;ssl=1 1024w, https:\/\/i0.wp.com\/cdnoticias.com\/wp-content\/uploads\/2023\/12\/WhatsApp-Image-2023-12-01-at-12.36.45-1.jpeg?resize=300%2C195&amp;ssl=1 300w, https:\/\/i0.wp.com\/cdnoticias.com\/wp-content\/uploads\/2023\/12\/WhatsApp-Image-2023-12-01-at-12.36.45-1.jpeg?resize=768%2C499&amp;ssl=1 768w, https:\/\/i0.wp.com\/cdnoticias.com\/wp-content\/uploads\/2023\/12\/WhatsApp-Image-2023-12-01-at-12.36.45-1.jpeg?w=1200&amp;ssl=1 1200w\" sizes=\"auto, (max-width: 800px) 100vw, 800px\" \/><\/figure>\n\n\n\n<p>Durante la asamblea<strong> se destac\u00f3 el compromiso del sindicato para con sus afiliados y afiliadas en materia habitacional.<\/strong> Se repasaron las obras ya concluidas: Barrio CECO 1, Barrio CECO 2, Torre Alsina, Barrio Independencia y el Barrio CECO de La Madrid y<strong> adem\u00e1s se ratific\u00f3 el compromiso de culminar con las 100 viviendas que se est\u00e1n construyendo en Olavarr\u00eda en el futuro Barrio CECO 3.<\/strong><\/p>\n\n\n\n<p>Otro de los grandes puntos que se destac\u00f3 fue <strong>el aniversario n\u00famero 40 del Jard\u00edn Maternal y de Infantes Ni\u00f1o Feliz <\/strong>y las numerosas actividades que desarroll\u00f3 la instituci\u00f3n educativa con el compromiso de una educaci\u00f3n de calidad para los hijos e hijas de los trabajadores de comercio. Durante el periodo presentado, se puso en marcha el programa de \u201cAcompa\u00f1amiento Educativo\u201d para aquellos hijos e hijas de afiliados y afiliadas que necesitan rendir ex\u00e1menes y reforzar contenidos en los niveles primario y secundario. Se entregaron Kits Escolares y guardapolvos en Olavarr\u00eda, Laprida y La Madrid.&nbsp;<\/p>\n\n\n\n<blockquote class=\"wp-block-quote is-layout-flow wp-block-quote-is-layout-flow\">\n<p>Se detallaron los servicios que brinda el sindicato a sus afiliados y afiliadas como el gimnasio funcional, actividades para jubilados y jubiladas, los talleres del centro cultural infantil, las olimp\u00edadas mercantiles y los beneficios en turismo, entre otros.<\/p>\n<\/blockquote>\n\n\n\n<p>Las distintas secretar\u00edas que integran la comisi\u00f3n directiva del CECO presentaron informes detallados de las actividades realizadas, que fueron someti\u00e9ndose a la votaci\u00f3n de los afiliados.<\/p>\n\n\n\n<p>En cuanto al balance econ\u00f3mico, <strong>la instituci\u00f3n logr\u00f3 un super\u00e1vit con un crecimiento muy significativo en relaci\u00f3n al cierre anterior. Las memorias y el balance econ\u00f3mico fueron aprobados en general y particular por unanimidad.<\/strong><\/p>\n\n\n\n<figure class=\"wp-block-image size-large\"><img data-recalc-dims=\"1\" loading=\"lazy\" decoding=\"async\" width=\"800\" height=\"600\" src=\"https:\/\/i0.wp.com\/cdnoticias.com\/wp-content\/uploads\/2023\/12\/WhatsApp-Image-2023-12-01-at-12.36.26.jpeg?resize=800%2C600&#038;ssl=1\" alt=\"\" class=\"wp-image-103239\" srcset=\"https:\/\/i0.wp.com\/cdnoticias.com\/wp-content\/uploads\/2023\/12\/WhatsApp-Image-2023-12-01-at-12.36.26.jpeg?resize=1024%2C768&amp;ssl=1 1024w, https:\/\/i0.wp.com\/cdnoticias.com\/wp-content\/uploads\/2023\/12\/WhatsApp-Image-2023-12-01-at-12.36.26.jpeg?resize=300%2C225&amp;ssl=1 300w, https:\/\/i0.wp.com\/cdnoticias.com\/wp-content\/uploads\/2023\/12\/WhatsApp-Image-2023-12-01-at-12.36.26.jpeg?resize=768%2C576&amp;ssl=1 768w, https:\/\/i0.wp.com\/cdnoticias.com\/wp-content\/uploads\/2023\/12\/WhatsApp-Image-2023-12-01-at-12.36.26.jpeg?resize=1536%2C1152&amp;ssl=1 1536w, https:\/\/i0.wp.com\/cdnoticias.com\/wp-content\/uploads\/2023\/12\/WhatsApp-Image-2023-12-01-at-12.36.26.jpeg?w=1600&amp;ssl=1 1600w\" sizes=\"auto, (max-width: 800px) 100vw, 800px\" \/><\/figure>\n\n\n\n<p>A modo de cierre, luego de que la asamblea aprobara todas las actuaciones, <strong>Miguel Santell\u00e1n, en sus palabras finales, agradeci\u00f3 a los presentes en particular y a los afiliados y afiliadas en general como as\u00ed tambi\u00e9n a las autoridades gremiales nacionales, y provinciales, al Gobernador Axel Kicillof y a las autoridades locales, en especial al intendente electo Maximiliano Wesner y al Diputado Provincial, Cesar Valicenti.<\/strong><\/p>\n\n\n\n<p>Por otra parte, <strong>inst\u00f3 a los trabajadores a unirse y defender los derechos logrados, vuelven tiempos dif\u00edciles para las y los trabajadores,<\/strong> el cercenamiento de derechos y la limitaci\u00f3n a la actividad sindical solo persigue la eliminaci\u00f3n de las leyes fundamentales y constitucionales que protegen el trabajo Decentes y Salarios dignos.<strong><em> \u201cLes agradezco a todos y sepan que tenemos que estar m\u00e1s juntos que nunca y fortalecernos, porque si no, nuestra debilidad ser\u00e1 fruto para algunos que no quieren saber nada ni con los gremios, ni con ninguna instituci\u00f3n intermedia\u201d<\/em><\/strong> cerr\u00f3 Santell\u00e1n.<\/p>\n","protected":false},"excerpt":{"rendered":"<p>Entre lo m\u00e1s destacado, se ratific\u00f3 el compromiso de terminar con las 100 viviendas del CECO III. \u201cTenemos que estar<\/p>\n","protected":false},"author":2,"featured_media":103237,"comment_status":"closed","ping_status":"closed","sticky":false,"template":"","format":"standard","meta":{"_jetpack_memberships_contains_paid_content":false,"footnotes":""},"categories":[5,1],"tags":[],"class_list":["post-103235","post","type-post","status-publish","format-standard","has-post-thumbnail","hentry","category-informacion-general","category-portada"],"jetpack_featured_media_url":"https:\/\/i0.wp.com\/cdnoticias.com\/wp-content\/uploads\/2023\/12\/WhatsApp-Image-2023-12-01-at-12.36.28-2.jpeg?fit=1600%2C1200&ssl=1","jetpack_sharing_enabled":true,"_links":{"self":[{"href":"https:\/\/cdnoticias.com\/index.php\/wp-json\/wp\/v2\/posts\/103235","targetHints":{"allow":["GET"]}}],"collection":[{"href":"https:\/\/cdnoticias.com\/index.php\/wp-json\/wp\/v2\/posts"}],"about":[{"href":"https:\/\/cdnoticias.com\/index.php\/wp-json\/wp\/v2\/types\/post"}],"author":[{"embeddable":true,"href":"https:\/\/cdnoticias.com\/index.php\/wp-json\/wp\/v2\/users\/2"}],"replies":[{"embeddable":true,"href":"https:\/\/cdnoticias.com\/index.php\/wp-json\/wp\/v2\/comments?post=103235"}],"version-history":[{"count":0,"href":"https:\/\/cdnoticias.com\/index.php\/wp-json\/wp\/v2\/posts\/103235\/revisions"}],"wp:featuredmedia":[{"embeddable":true,"href":"https:\/\/cdnoticias.com\/index.php\/wp-json\/wp\/v2\/media\/103237"}],"wp:attachment":[{"href":"https:\/\/cdnoticias.com\/index.php\/wp-json\/wp\/v2\/media?parent=103235"}],"wp:term":[{"taxonomy":"category","embeddable":true,"href":"https:\/\/cdnoticias.com\/index.php\/wp-json\/wp\/v2\/categories?post=103235"},{"taxonomy":"post_tag","embeddable":true,"href":"https:\/\/cdnoticias.com\/index.php\/wp-json\/wp\/v2\/tags?post=103235"}],"curies":[{"name":"wp","href":"https:\/\/api.w.org\/{rel}","templated":true}]}}