{"id":103214,"date":"2023-12-01T17:56:00","date_gmt":"2023-12-01T20:56:00","guid":{"rendered":"https:\/\/cdnoticias.com\/?p=103214"},"modified":"2023-12-01T18:39:21","modified_gmt":"2023-12-01T21:39:21","slug":"choque-en-ruta-226-hubo-siete-heridos-uno-de-ellos-esta-en-grave-estado","status":"publish","type":"post","link":"https:\/\/cdnoticias.com\/index.php\/2023\/12\/01\/choque-en-ruta-226-hubo-siete-heridos-uno-de-ellos-esta-en-grave-estado\/","title":{"rendered":"Choque en ruta 226: hubo siete heridos, uno de ellos est\u00e1 en grave estado"},"content":{"rendered":"<p>Se trata de un docente de 52 a\u00f1os quien est\u00e1 internado en el Hospital de Bol\u00edvar. Son cinco los j\u00f3venes hospitalizados y dos adultos. La intervenci\u00f3n del Gobernador de La Pampa.<!--more--><\/p>\n<hr \/>\n<p><a href=\"https:\/\/cdnoticias.com\/index.php\/2023\/12\/01\/dos-hombres-fallecieron-tras-un-brutal-accidente-sobre-la-ruta-226-en-olavarria\/\" target=\"_blank\" rel=\"noopener\">Tal como se inform\u00f3, este viernes a las 6:00 horas hubo un <strong>fuerte choque entre una combi y un auto<\/strong><\/a><strong> sobre la ruta nacional 226 en jurisdicci\u00f3n de Olavarr\u00eda<\/strong> donde <strong>dos personas de nuestra ciudad resultaron fallecidas<\/strong>. Si bien inicialmente se hab\u00eda indicado que el resto de las v\u00edctimas -oriundas de La Pampa- sufri\u00f3 lesiones leves, en las \u00faltimas horas se dej\u00f3 saber que<strong> un hombre de 52 a\u00f1os se encuentra en grave estado<\/strong>.<\/p>\n<p>&nbsp;<\/p>\n<p>Los <strong>heridos<\/strong> viajaban en la <strong>combi Mercedes Sprinter<\/strong>. Se trata de <strong>un transporte del Servicio Educativo Secundario Rural Speluzzi<\/strong> quienes iban a realizar un viaje de estudios a la ciudad de Chapadmalal.<\/p>\n<p>&nbsp;<\/p>\n<p>Los <strong>13 ocupantes<\/strong> del rodado fueron <strong>trasladados en ambulancias hasta el Hospital Miguel L. Capredoni<\/strong> de la ciudad de Bol\u00edvar.<\/p>\n<p>&nbsp;<\/p>\n<blockquote><p>El profesor que viajaba en la Mercedes Sprinter a cargo de los alumnos de 4to., 5to. y 6to a\u00f1o del Colegio Speluzzi fue identificado como Sergio Rossino, de 52 a\u00f1os. Es quien est\u00e1 m\u00e1s comprometido en su estado de salud: fue intervenido quir\u00fargicamente y se encuentra alojado en la Unidad de Cuidados Intensivos.<\/p><\/blockquote>\n<p>&nbsp;<\/p>\n<p>En tanto, <strong>Lucas Mart\u00edn S\u00e1nchez, de 38 a\u00f1os<\/strong>, es el <strong>chofer<\/strong> que manejaba la trafic y <strong>sufri\u00f3 fractura de rodilla izquierda<\/strong>.<\/p>\n<p>&nbsp;<\/p>\n<p><img data-recalc-dims=\"1\" loading=\"lazy\" decoding=\"async\" class=\"size-full wp-image-103178 aligncenter\" src=\"https:\/\/i0.wp.com\/cdnoticias.com\/wp-content\/uploads\/2023\/12\/choque-ruta-226-bolivar-03.jpg?resize=800%2C445&#038;ssl=1\" alt=\"\" width=\"800\" height=\"445\" srcset=\"https:\/\/i0.wp.com\/cdnoticias.com\/wp-content\/uploads\/2023\/12\/choque-ruta-226-bolivar-03.jpg?w=1000&amp;ssl=1 1000w, https:\/\/i0.wp.com\/cdnoticias.com\/wp-content\/uploads\/2023\/12\/choque-ruta-226-bolivar-03.jpg?resize=300%2C167&amp;ssl=1 300w, https:\/\/i0.wp.com\/cdnoticias.com\/wp-content\/uploads\/2023\/12\/choque-ruta-226-bolivar-03.jpg?resize=768%2C427&amp;ssl=1 768w, https:\/\/i0.wp.com\/cdnoticias.com\/wp-content\/uploads\/2023\/12\/choque-ruta-226-bolivar-03.jpg?resize=800%2C445&amp;ssl=1 800w\" sizes=\"auto, (max-width: 800px) 100vw, 800px\" \/><\/p>\n<p>&nbsp;<\/p>\n<p>Adem\u00e1s, <strong>cinco alumnos se encuentran internados en observaci\u00f3n<\/strong> con algunas heridas que no revisten gravedad.<\/p>\n<p>&nbsp;<\/p>\n<p>Otros <strong>seis pasajeros<\/strong> que tambi\u00e9n ingresaron al Capredoni, luego de realizarles el chequeo m\u00e9dico <strong>fueron dados de alta<\/strong>.<\/p>\n<p>&nbsp;<\/p>\n<blockquote><p>El gobernador de La Pampa, Sergio Ziliotto, dispuso que un equipo de Salud, Salud Mental y Educaci\u00f3n de la provincia viajara hacia Bol\u00edvar para efectuar las labores de contenci\u00f3n correspondientes tanto al personal como a los estudiantes involucrados en el fat\u00eddico choque.<\/p><\/blockquote>\n<p>&nbsp;<\/p>\n<p>Cabe recordar que<a href=\"https:\/\/cdnoticias.com\/index.php\/2023\/12\/01\/son-olavarrienses-los-fallecidos-en-un-violento-accidente-en-ruta-226\/\" target=\"_blank\" rel=\"noopener\"> producto del impacto los dos hombres que viajaban en el auto VW Vento<\/a> &#8211;<strong>Rub\u00e9n Buscarini (61) y Maximiliano Petehs (38)- ambos radicados en Olavarr\u00eda, fallecieron en el acto<\/strong>.<\/p>\n<p>&nbsp;<\/p>\n<p>Fuente: <em>con informaci\u00f3n de Diario La Ma\u00f1ana<\/em><\/p>\n<p>&nbsp;<\/p>\n","protected":false},"excerpt":{"rendered":"<p>Se trata de un docente de 52 a\u00f1os quien est\u00e1 internado en el Hospital de Bol\u00edvar. Son cinco los j\u00f3venes<\/p>\n","protected":false},"author":4,"featured_media":103177,"comment_status":"closed","ping_status":"closed","sticky":false,"template":"","format":"standard","meta":{"_jetpack_memberships_contains_paid_content":false,"footnotes":""},"categories":[14,1],"tags":[],"class_list":["post-103214","post","type-post","status-publish","format-standard","has-post-thumbnail","hentry","category-policiales","category-portada"],"jetpack_featured_media_url":"https:\/\/i0.wp.com\/cdnoticias.com\/wp-content\/uploads\/2023\/12\/choque-ruta-226-bolivar-02.jpg?fit=1000%2C557&ssl=1","jetpack_sharing_enabled":true,"_links":{"self":[{"href":"https:\/\/cdnoticias.com\/index.php\/wp-json\/wp\/v2\/posts\/103214","targetHints":{"allow":["GET"]}}],"collection":[{"href":"https:\/\/cdnoticias.com\/index.php\/wp-json\/wp\/v2\/posts"}],"about":[{"href":"https:\/\/cdnoticias.com\/index.php\/wp-json\/wp\/v2\/types\/post"}],"author":[{"embeddable":true,"href":"https:\/\/cdnoticias.com\/index.php\/wp-json\/wp\/v2\/users\/4"}],"replies":[{"embeddable":true,"href":"https:\/\/cdnoticias.com\/index.php\/wp-json\/wp\/v2\/comments?post=103214"}],"version-history":[{"count":0,"href":"https:\/\/cdnoticias.com\/index.php\/wp-json\/wp\/v2\/posts\/103214\/revisions"}],"wp:featuredmedia":[{"embeddable":true,"href":"https:\/\/cdnoticias.com\/index.php\/wp-json\/wp\/v2\/media\/103177"}],"wp:attachment":[{"href":"https:\/\/cdnoticias.com\/index.php\/wp-json\/wp\/v2\/media?parent=103214"}],"wp:term":[{"taxonomy":"category","embeddable":true,"href":"https:\/\/cdnoticias.com\/index.php\/wp-json\/wp\/v2\/categories?post=103214"},{"taxonomy":"post_tag","embeddable":true,"href":"https:\/\/cdnoticias.com\/index.php\/wp-json\/wp\/v2\/tags?post=103214"}],"curies":[{"name":"wp","href":"https:\/\/api.w.org\/{rel}","templated":true}]}}