{"id":103202,"date":"2023-12-01T13:01:42","date_gmt":"2023-12-01T16:01:42","guid":{"rendered":"https:\/\/cdnoticias.com\/?p=103202"},"modified":"2023-12-01T20:59:10","modified_gmt":"2023-12-01T23:59:10","slug":"wesner-venimos-a-gestionar-de-manera-sincera-transparente-con-un-fuerte-compromiso","status":"publish","type":"post","link":"https:\/\/cdnoticias.com\/index.php\/2023\/12\/01\/wesner-venimos-a-gestionar-de-manera-sincera-transparente-con-un-fuerte-compromiso\/","title":{"rendered":"Wesner: \u201cVenimos a gestionar de manera sincera, transparente, con un fuerte compromiso\u201d"},"content":{"rendered":"<p>Se despidi\u00f3 de su banca en el HCD: fue aceptada su renuncia a partir del 10 de diciembre. Anunci\u00f3 cambios en el organigrama \u2013\u201c22 direcciones menos\u201d- y dej\u00f3 un mensaje para los trabajadores municipales.<!--more--><\/p>\n<hr \/>\n<p><strong>Este viernes se desarroll\u00f3 una sesi\u00f3n especial del Concejo Deliberante<\/strong> en la que se <strong>acept\u00f3 la renuncia de Maximiliano Wesner<\/strong> <strong>a la banca de concejal<\/strong> por el bloque Uni\u00f3n por la Patria que hab\u00eda asumido en 2021. <strong>Desde el 10 de diciembre dejar\u00e1 formalmente el Legislativo para asumir como intendente.<\/strong><\/p>\n<p>&nbsp;<\/p>\n<p>En el tratamiento del decreto, el intendente electo tom\u00f3 la palabra para dejar<strong> un mensaje de \u201cdespedida\u201d del HCD<\/strong> y tambi\u00e9n <strong>habl\u00f3 de su futura gesti\u00f3n<\/strong> en el Ejecutivo. En ese marco, <strong>anunci\u00f3 cambios en el organigrama \u2013\u201c22 direcciones menos\u201d- y se dirigi\u00f3 a los trabajadores municipales<\/strong>.<\/p>\n<p>&nbsp;<\/p>\n<p>Wesner <strong>repas\u00f3 su trayecto de \u201cdos a\u00f1os de transitar el recinto\u201d<\/strong> y se mostr\u00f3 <em>\u201cagradecido por el trato, la cordialidad, en coincidencia o no hay que destacarlo y m\u00e1s a 40 a\u00f1os del regreso de la democracia\u201d<\/em>. Puntualiz\u00f3 su agradecimiento \u201ca los concejales y concejalas de todos los bloques, a los compa\u00f1eros de mi bloque -a los que nombr\u00f3 individualmente- porque aprend\u00ed de todos y de ellos much\u00edsimo\u201d.<\/p>\n<p>&nbsp;<\/p>\n<blockquote><p>\u201cEs la renuncia como concejal pero abre otra puerta con la responsabilidad que me han dado los vecinos\u201d plante\u00f3 sobre su pr\u00f3ximo paso en la asunci\u00f3n como intendente, acto que tiene fecha para el 12 de diciembre.<\/p><\/blockquote>\n<p>&nbsp;<\/p>\n<p><img data-recalc-dims=\"1\" loading=\"lazy\" decoding=\"async\" class=\"size-full wp-image-103206 aligncenter\" src=\"https:\/\/i0.wp.com\/cdnoticias.com\/wp-content\/uploads\/2023\/12\/HCD-maximiliano-wesner-03.jpg?resize=800%2C445&#038;ssl=1\" alt=\"\" width=\"800\" height=\"445\" srcset=\"https:\/\/i0.wp.com\/cdnoticias.com\/wp-content\/uploads\/2023\/12\/HCD-maximiliano-wesner-03.jpg?w=1000&amp;ssl=1 1000w, https:\/\/i0.wp.com\/cdnoticias.com\/wp-content\/uploads\/2023\/12\/HCD-maximiliano-wesner-03.jpg?resize=300%2C167&amp;ssl=1 300w, https:\/\/i0.wp.com\/cdnoticias.com\/wp-content\/uploads\/2023\/12\/HCD-maximiliano-wesner-03.jpg?resize=768%2C427&amp;ssl=1 768w, https:\/\/i0.wp.com\/cdnoticias.com\/wp-content\/uploads\/2023\/12\/HCD-maximiliano-wesner-03.jpg?resize=800%2C445&amp;ssl=1 800w\" sizes=\"auto, (max-width: 800px) 100vw, 800px\" \/><\/p>\n<p>&nbsp;<\/p>\n<p>A lo largo de su intervenci\u00f3n hizo varias consideraciones acerca del futuro de gesti\u00f3n y de la actualidad del pa\u00eds. <strong>\u201cNos toca afrontar un a\u00f1o 2024 complejo<\/strong>, pero complejo tambi\u00e9n por el punto de partida y por el an\u00e1lisis que vengo haciendo en la transici\u00f3n junto al actual Ejecutivo\u201d. Aludi\u00f3 a <strong>\u201cun d\u00e9ficit en las cuentas y tambi\u00e9n un d\u00e9ficit oculto<\/strong>, me refiero a cuando uno transita en las calles, que se ve reflejado en las oficinas, en el hospital. Un d\u00e9ficit oculto que tambi\u00e9n se pone de relevancia cuando entramos al Teatro municipal. El dinamismo del d\u00e9ficit tiene que ver con lo que no se ve reflejado en los n\u00fameros pero en el transcurso de los a\u00f1os no ha sido atendido\u201d.<\/p>\n<p>&nbsp;<\/p>\n<blockquote><p>Ante ese panorama Maximiliano Wesner defini\u00f3 que su prop\u00f3sito ser\u00e1 \u201ctrabajar con austeridad\u201d, lo que asever\u00f3 que \u201cse ve reflejado en el organigrama que vamos a presentar hoy\u201d. As\u00ed destac\u00f3 que \u201ctotalizan 22 direcciones menos\u201d. \u201cHemos trabajado para que se sostengan los servicios a los vecinos, unificado direcciones, cambiando la conducci\u00f3n de otras\u201d ampli\u00f3 sobre los cambios.<\/p><\/blockquote>\n<p>&nbsp;<\/p>\n<p><strong>\u201cEl punto de partida ya arranca con el trabajo austero que nos tenemos que dar desde la administraci\u00f3n municipal en cuanto al nombramiento y la planta pol\u00edtica\u201d<\/strong> destac\u00f3 m\u00e1s adelante para agregar que lo presentado es<strong> \u201cun organigrama que pone en valor al empleado y la empleada municipal<\/strong> poniendo de relevancia su trayectoria\u201d.<\/p>\n<p>&nbsp;<\/p>\n<p><img data-recalc-dims=\"1\" loading=\"lazy\" decoding=\"async\" class=\"size-full wp-image-103205 aligncenter\" src=\"https:\/\/i0.wp.com\/cdnoticias.com\/wp-content\/uploads\/2023\/12\/HCD-maximiliano-wesner-02.jpg?resize=800%2C446&#038;ssl=1\" alt=\"\" width=\"800\" height=\"446\" srcset=\"https:\/\/i0.wp.com\/cdnoticias.com\/wp-content\/uploads\/2023\/12\/HCD-maximiliano-wesner-02.jpg?w=1000&amp;ssl=1 1000w, https:\/\/i0.wp.com\/cdnoticias.com\/wp-content\/uploads\/2023\/12\/HCD-maximiliano-wesner-02.jpg?resize=300%2C167&amp;ssl=1 300w, https:\/\/i0.wp.com\/cdnoticias.com\/wp-content\/uploads\/2023\/12\/HCD-maximiliano-wesner-02.jpg?resize=768%2C428&amp;ssl=1 768w, https:\/\/i0.wp.com\/cdnoticias.com\/wp-content\/uploads\/2023\/12\/HCD-maximiliano-wesner-02.jpg?resize=800%2C445&amp;ssl=1 800w\" sizes=\"auto, (max-width: 800px) 100vw, 800px\" \/><\/p>\n<p>&nbsp;<\/p>\n<p>A su vez, a\u00f1adi\u00f3 su intenci\u00f3n de <strong>\u201clevar tranquilidad al resto de los empleados que no van a ser funcionarios<\/strong>, pero tambi\u00e9n vamos a poner en valor el trabajo de tantos a\u00f1os. Ellos abrazan la funci\u00f3n, el trabajo y la dedicaci\u00f3n, y dicen con orgullo ser empleados municipales\u201d.<\/p>\n<p>&nbsp;<\/p>\n<blockquote><p>\u201cNos preocupan los anuncios a nivel nacional respecto de la obra p\u00fablica. En un partido minero por excelencia y donde tenemos tantas pymes vinculadas a la construcci\u00f3n va a ser dif\u00edcil, un a\u00f1o muy complicado y complejo. Pero ah\u00ed estaremos, bien cercanos a quienes el mercado excluye y aleja y a quienes tienen mayores necesidades\u201d declar\u00f3.<\/p><\/blockquote>\n<p>&nbsp;<\/p>\n<p>Respecto de los futuros funcionarios, de quienes no dio nombres, Wesner asegur\u00f3:<strong> \u201cquiero decir y dejar aclarado que el cuerpo de funcionarios no va a venir a buscar una planta municipal, ni estabilidad laboral,<\/strong> sino que van a pasar por la funci\u00f3n p\u00fablica. Ac\u00e1 nadie viene a perseguir un objetivo individual. Nos convoca la transformaci\u00f3n diaria, la que queremos para tantos vecinas y vecinas, el bienestar general\u201d. \u201cVenimos a gestionar de manera sincera, transparente, con un fuerte compromiso\u201d sum\u00f3 a la definici\u00f3n.<\/p>\n<p>&nbsp;<\/p>\n<p><strong>\u201cVoy a estar a disposici\u00f3n para trabajar de manera consensuada y articulada\u201d<\/strong> cerr\u00f3 su intervenci\u00f3n y fue aplaudido por los presentes en el recinto, concejales y mayores contribuyentes.<\/p>\n<p>&nbsp;<\/p>\n<p><img data-recalc-dims=\"1\" loading=\"lazy\" decoding=\"async\" class=\"size-full wp-image-103203 aligncenter\" src=\"https:\/\/i0.wp.com\/cdnoticias.com\/wp-content\/uploads\/2023\/12\/HCD-maximiliano-wesner-00.jpg?resize=800%2C446&#038;ssl=1\" alt=\"\" width=\"800\" height=\"446\" srcset=\"https:\/\/i0.wp.com\/cdnoticias.com\/wp-content\/uploads\/2023\/12\/HCD-maximiliano-wesner-00.jpg?w=1000&amp;ssl=1 1000w, https:\/\/i0.wp.com\/cdnoticias.com\/wp-content\/uploads\/2023\/12\/HCD-maximiliano-wesner-00.jpg?resize=300%2C167&amp;ssl=1 300w, https:\/\/i0.wp.com\/cdnoticias.com\/wp-content\/uploads\/2023\/12\/HCD-maximiliano-wesner-00.jpg?resize=768%2C428&amp;ssl=1 768w, https:\/\/i0.wp.com\/cdnoticias.com\/wp-content\/uploads\/2023\/12\/HCD-maximiliano-wesner-00.jpg?resize=800%2C445&amp;ssl=1 800w\" sizes=\"auto, (max-width: 800px) 100vw, 800px\" \/><\/p>\n<p>&nbsp;<\/p>\n<h2>\u201cQue cumpla\u201d<\/h2>\n<p>&nbsp;<\/p>\n<p>A continuaci\u00f3n pidi\u00f3 la palabra <strong>Celeste Arouxet (Ahora Olavarr\u00eda)<\/strong> quien cuestion\u00f3 que <strong>\u201cparece ya un discurso de asunci\u00f3n de intendente\u201d<\/strong> y apunt\u00f3 al eje del \u201cd\u00e9ficit oculto\u201d para se\u00f1alar que se trata de un aspecto \u201cconocido\u201d, \u201ccuando hicimos la plataforma sab\u00edamos que estaba el d\u00e9ficit\u201d dijo.<\/p>\n<p>&nbsp;<\/p>\n<blockquote><p>Acerca de la proyecci\u00f3n a nivel nacional, Arouxet retruc\u00f3 \u201cla plataforma de Wesner abajo no dec\u00eda `sujeto a que gane Massa\u00b4\u201d. Y avanz\u00f3 \u201ctenes que tener el conocimiento de la situaci\u00f3n financiera del Municipio. Nuestra plataforma no era marquetinera. La del concejal Wesner s\u00ed\u201d.<\/p><\/blockquote>\n<p>&nbsp;<\/p>\n<p><img data-recalc-dims=\"1\" loading=\"lazy\" decoding=\"async\" class=\"size-full wp-image-83578 aligncenter\" src=\"https:\/\/i0.wp.com\/cdnoticias.com\/wp-content\/uploads\/2023\/04\/HCD-celeste-arouxet-1.jpg?resize=800%2C445&#038;ssl=1\" alt=\"\" width=\"800\" height=\"445\" srcset=\"https:\/\/i0.wp.com\/cdnoticias.com\/wp-content\/uploads\/2023\/04\/HCD-celeste-arouxet-1.jpg?w=800&amp;ssl=1 800w, https:\/\/i0.wp.com\/cdnoticias.com\/wp-content\/uploads\/2023\/04\/HCD-celeste-arouxet-1.jpg?resize=300%2C167&amp;ssl=1 300w, https:\/\/i0.wp.com\/cdnoticias.com\/wp-content\/uploads\/2023\/04\/HCD-celeste-arouxet-1.jpg?resize=768%2C427&amp;ssl=1 768w\" sizes=\"auto, (max-width: 800px) 100vw, 800px\" \/><\/p>\n<p>&nbsp;<\/p>\n<p>Tambi\u00e9n proyect\u00f3<strong> \u201cno va a ser culpa de Galli ni de la gesti\u00f3n de Milei\u201d<\/strong> para definir, nuevamente, el rol que asumir\u00e1 en bloque que encabeza:<strong> \u201cque cumpla a los votantes de ellos<\/strong> porque esa gente vot\u00f3 una plataforma, vot\u00f3 promesas. Lo que nos dejaron los otros ya lo sab\u00edamos. Que no se vuelvan a poner excusas\u201d.<\/p>\n<p>&nbsp;<\/p>\n<p><strong>Juan S\u00e1nchez (Uni\u00f3n por la Patria)<\/strong> se sum\u00f3 a las intervenciones para criticar a Arouxet: <strong>\u201cacaba de inaugurar una forma de hacer oposici\u00f3n. La pre-oposici\u00f3n.<\/strong> La oposici\u00f3n previa. Estamos un poco ansiosos. Hay que dejar que las cosas transcurran\u201d plante\u00f3.<\/p>\n<p>&nbsp;<\/p>\n<p><img data-recalc-dims=\"1\" loading=\"lazy\" decoding=\"async\" class=\"size-full wp-image-73429 aligncenter\" src=\"https:\/\/i0.wp.com\/cdnoticias.com\/wp-content\/uploads\/2022\/12\/HCD-juan-sanchez.jpg?resize=800%2C446&#038;ssl=1\" alt=\"\" width=\"800\" height=\"446\" srcset=\"https:\/\/i0.wp.com\/cdnoticias.com\/wp-content\/uploads\/2022\/12\/HCD-juan-sanchez.jpg?w=800&amp;ssl=1 800w, https:\/\/i0.wp.com\/cdnoticias.com\/wp-content\/uploads\/2022\/12\/HCD-juan-sanchez.jpg?resize=300%2C167&amp;ssl=1 300w, https:\/\/i0.wp.com\/cdnoticias.com\/wp-content\/uploads\/2022\/12\/HCD-juan-sanchez.jpg?resize=768%2C428&amp;ssl=1 768w\" sizes=\"auto, (max-width: 800px) 100vw, 800px\" \/><\/p>\n<p>&nbsp;<\/p>\n","protected":false},"excerpt":{"rendered":"<p>Se despidi\u00f3 de su banca en el HCD: fue aceptada su renuncia a partir del 10 de diciembre. Anunci\u00f3 cambios<\/p>\n","protected":false},"author":4,"featured_media":103204,"comment_status":"closed","ping_status":"closed","sticky":false,"template":"","format":"standard","meta":{"_jetpack_memberships_contains_paid_content":false,"footnotes":""},"categories":[4,1],"tags":[],"class_list":["post-103202","post","type-post","status-publish","format-standard","has-post-thumbnail","hentry","category-politica","category-portada"],"jetpack_featured_media_url":"https:\/\/i0.wp.com\/cdnoticias.com\/wp-content\/uploads\/2023\/12\/HCD-maximiliano-wesner-01.jpg?fit=1000%2C556&ssl=1","jetpack_sharing_enabled":true,"_links":{"self":[{"href":"https:\/\/cdnoticias.com\/index.php\/wp-json\/wp\/v2\/posts\/103202","targetHints":{"allow":["GET"]}}],"collection":[{"href":"https:\/\/cdnoticias.com\/index.php\/wp-json\/wp\/v2\/posts"}],"about":[{"href":"https:\/\/cdnoticias.com\/index.php\/wp-json\/wp\/v2\/types\/post"}],"author":[{"embeddable":true,"href":"https:\/\/cdnoticias.com\/index.php\/wp-json\/wp\/v2\/users\/4"}],"replies":[{"embeddable":true,"href":"https:\/\/cdnoticias.com\/index.php\/wp-json\/wp\/v2\/comments?post=103202"}],"version-history":[{"count":0,"href":"https:\/\/cdnoticias.com\/index.php\/wp-json\/wp\/v2\/posts\/103202\/revisions"}],"wp:featuredmedia":[{"embeddable":true,"href":"https:\/\/cdnoticias.com\/index.php\/wp-json\/wp\/v2\/media\/103204"}],"wp:attachment":[{"href":"https:\/\/cdnoticias.com\/index.php\/wp-json\/wp\/v2\/media?parent=103202"}],"wp:term":[{"taxonomy":"category","embeddable":true,"href":"https:\/\/cdnoticias.com\/index.php\/wp-json\/wp\/v2\/categories?post=103202"},{"taxonomy":"post_tag","embeddable":true,"href":"https:\/\/cdnoticias.com\/index.php\/wp-json\/wp\/v2\/tags?post=103202"}],"curies":[{"name":"wp","href":"https:\/\/api.w.org\/{rel}","templated":true}]}}