{"id":103163,"date":"2023-11-30T21:03:59","date_gmt":"2023-12-01T00:03:59","guid":{"rendered":"https:\/\/cdnoticias.com\/?p=103163"},"modified":"2023-12-01T08:41:07","modified_gmt":"2023-12-01T11:41:07","slug":"detuvieron-a-un-hombre-por-un-intento-de-homicidio-registrado-el-ultimo-miercoles","status":"publish","type":"post","link":"https:\/\/cdnoticias.com\/index.php\/2023\/11\/30\/detuvieron-a-un-hombre-por-un-intento-de-homicidio-registrado-el-ultimo-miercoles\/","title":{"rendered":"Detuvieron a un hombre por un intento de homicidio registrado el \u00faltimo mi\u00e9rcoles"},"content":{"rendered":"\n<p>El hecho se produjo en General Paz y Pourtal\u00e9. El imputado de 31 a\u00f1os qued\u00f3 detenido tras un allanamiento en Ituzaing\u00f3 al 1300 durante este jueves.<\/p>\n\n\n\n<hr class=\"wp-block-separator aligncenter has-alpha-channel-opacity\"\/>\n\n\n\n<p>Este jueves, <strong>un hombre de 31 a\u00f1os qued\u00f3 detenido por personal de Comisar\u00eda Primera luego de que intentara matar a otro hombre en un hecho registrado en la madrugada del mi\u00e9rcoles en General Paz y Pourtal\u00e9.<\/strong><\/p>\n\n\n\n<p>Seg\u00fan se inform\u00f3, tras el hecho <strong>(del cual un hombre de 42 result\u00f3 herido y se recupera en el Hospital Municipal) <\/strong>la Justicia dictamin\u00f3 tres allanamientos, siendo uno de ellas positivo, en un domicilio en<strong> Ituzaing\u00f3 al 1300.<\/strong><\/p>\n\n\n\n<p>Del operativo particip\u00f3, adem\u00e1s del Gabinete de Investigaci\u00f3n de la Comisar\u00eda Primera, Grupo GAD, Comando de Patrulla Rural y Polic\u00eda Local.<\/p>\n\n\n\n<p>Finalmente,<strong> el imputado identificado como Sebasti\u00e1n Edgardo Quevedo Garro de 31 a\u00f1os fue detenido y trasladado a la sede policial donde fue informado de notificaci\u00f3n de causa y qued\u00f3 a disposici\u00f3n del fiscal Iturralde, quien subroga la UFI N\u00b010.<\/strong><\/p>\n\n\n\n<p>A causa est\u00e1 caratulada como <strong><em>\u201cHomicidio simple en grado de tentativa\u201d.<\/em><\/strong><\/p>\n","protected":false},"excerpt":{"rendered":"<p>El hecho se produjo en General Paz y Pourtal\u00e9. El imputado de 31 a\u00f1os qued\u00f3 detenido tras un allanamiento en<\/p>\n","protected":false},"author":2,"featured_media":103164,"comment_status":"closed","ping_status":"closed","sticky":false,"template":"","format":"standard","meta":{"_jetpack_memberships_contains_paid_content":false,"footnotes":""},"categories":[14,1],"tags":[],"class_list":["post-103163","post","type-post","status-publish","format-standard","has-post-thumbnail","hentry","category-policiales","category-portada"],"jetpack_featured_media_url":"https:\/\/i0.wp.com\/cdnoticias.com\/wp-content\/uploads\/2023\/11\/WhatsApp-Image-2023-11-30-at-20.53.47.jpeg?fit=900%2C551&ssl=1","jetpack_sharing_enabled":true,"_links":{"self":[{"href":"https:\/\/cdnoticias.com\/index.php\/wp-json\/wp\/v2\/posts\/103163","targetHints":{"allow":["GET"]}}],"collection":[{"href":"https:\/\/cdnoticias.com\/index.php\/wp-json\/wp\/v2\/posts"}],"about":[{"href":"https:\/\/cdnoticias.com\/index.php\/wp-json\/wp\/v2\/types\/post"}],"author":[{"embeddable":true,"href":"https:\/\/cdnoticias.com\/index.php\/wp-json\/wp\/v2\/users\/2"}],"replies":[{"embeddable":true,"href":"https:\/\/cdnoticias.com\/index.php\/wp-json\/wp\/v2\/comments?post=103163"}],"version-history":[{"count":0,"href":"https:\/\/cdnoticias.com\/index.php\/wp-json\/wp\/v2\/posts\/103163\/revisions"}],"wp:featuredmedia":[{"embeddable":true,"href":"https:\/\/cdnoticias.com\/index.php\/wp-json\/wp\/v2\/media\/103164"}],"wp:attachment":[{"href":"https:\/\/cdnoticias.com\/index.php\/wp-json\/wp\/v2\/media?parent=103163"}],"wp:term":[{"taxonomy":"category","embeddable":true,"href":"https:\/\/cdnoticias.com\/index.php\/wp-json\/wp\/v2\/categories?post=103163"},{"taxonomy":"post_tag","embeddable":true,"href":"https:\/\/cdnoticias.com\/index.php\/wp-json\/wp\/v2\/tags?post=103163"}],"curies":[{"name":"wp","href":"https:\/\/api.w.org\/{rel}","templated":true}]}}