{"id":103145,"date":"2023-11-30T19:56:35","date_gmt":"2023-11-30T22:56:35","guid":{"rendered":"https:\/\/cdnoticias.com\/?p=103145"},"modified":"2023-11-30T19:56:36","modified_gmt":"2023-11-30T22:56:36","slug":"alertan-por-la-falta-de-insumos-medicos-para-los-tratamientos-de-dialisis","status":"publish","type":"post","link":"https:\/\/cdnoticias.com\/index.php\/2023\/11\/30\/alertan-por-la-falta-de-insumos-medicos-para-los-tratamientos-de-dialisis\/","title":{"rendered":"Alertan por la falta de insumos m\u00e9dicos para los tratamientos de di\u00e1lisis"},"content":{"rendered":"\n<p>Las asociaciones m\u00e9dicas del sector advierten por la escasez de jeringas, cat\u00e9ters, l\u00edquidos peritoneales, sales y otros elementos clave.<\/p>\n\n\n\n<hr class=\"wp-block-separator aligncenter has-alpha-channel-opacity\"\/>\n\n\n\n<p>Seis sociedades m\u00e9dicas elevaron una nueva carta al Gobierno preocupadas por la <strong>falta de implementos desde b\u00e1sicos a complejos para trabajar en forma diaria en los tratamientos de di\u00e1lisis.<\/strong><\/p>\n\n\n\n<p><\/p>\n\n\n\n<p>En ese marco, la<strong> Confederaci\u00f3n de Asociaciones de Di\u00e1lisis de la Rep\u00fablica Argentina <\/strong>(CADRA), <strong>alert\u00f3 que se est\u00e1n agotando las reservas disponibles de insumos importados, sales y cloruros<\/strong> entre otros, indispensables para la preparaci\u00f3n de los concentrados con los que se efect\u00faan las sesiones de di\u00e1lisis, como as\u00ed tambi\u00e9n<strong> jeringas, cateters, l\u00edquidos peritoneales,<\/strong> etc.<\/p>\n\n\n\n<p><\/p>\n\n\n\n<p>Los reclamos motivaron una reuni\u00f3n clave que ocurri\u00f3 a principios de noviembre con representantes del Ministerio de Salud de la Naci\u00f3n y la Secretar\u00eda de Comercio, en la que se decidi\u00f3 implementar el <strong>famoso \u201csem\u00e1foro\u201d <\/strong>donde las sociedades m\u00e9dicas <strong>alertar\u00edan con diferentes colores, la falta de stock de insumos m\u00e9dicos para las pr\u00e1cticas diarias <\/strong>a fin de \u201cidentificarlos administrativamente\u201d mediante el se\u00f1alamiento del producto determinado y precio del mismo para autorizar su importaci\u00f3n.<\/p>\n\n\n\n<p><\/p>\n\n\n\n<p>No obstante, seg\u00fan afirman desde CADRA, al d\u00eda de hoy <strong>no es posible comunicarse con autoridades de la cartera sanitaria.<\/strong> Cabe se\u00f1alar que la di\u00e1lisis es una forma de soporte vital mediante el cual se extraen toxinas y el exceso de agua de la sangre y que se utiliza como terapia renal sustitutiva tras la p\u00e9rdida de la funci\u00f3n renal en personas con fallo renal.<\/p>\n\n\n\n<p><\/p>\n\n\n\n<p>Hace cuatro meses, CADRA expres\u00f3 su preocupaci\u00f3n mediante un comunicado, ante la posibilidad de no poder contar en tiempo y forma con los insumos qu\u00e9, para su actividad, son esenciales.<\/p>\n\n\n\n<p><\/p>\n\n\n\n<blockquote class=\"wp-block-quote is-layout-flow wp-block-quote-is-layout-flow\">\n<p>\u201cDe continuar esta grave crisis econ\u00f3mica que nos afecta directamente; en breve, los casi 300 centros de di\u00e1lisis privados diseminados en toda la geograf\u00eda nacional, no estar\u00edan en condiciones de continuar brindando las prestaciones a sus casi 30 mil pacientes de di\u00e1lisis\u201d, asegur\u00f3 la entidad en un comunicado.<\/p>\n<\/blockquote>\n\n\n\n<p><\/p>\n\n\n\n<p>\u201cNo se trata de una amenaza, simplemente es un dato de la realidad. Lamentablemente, las \u00faltimas medidas oficiales prometen agravar el escenario. Los insumos m\u00e9dicos se venden en cuentagotas porque aumentan semanalmente y los proveedores desconocen los precios del mismo producto siete d\u00edas despu\u00e9s\u201d, agregaron.<\/p>\n\n\n\n<p><\/p>\n\n\n\n<p>Los directivos de CADRA pidieron a las autoridades gubernamentales que tomen cartas en el asunto y dejen sin efecto las medidas que atentan contra la importaci\u00f3n de insumos m\u00e9dicos.<\/p>\n\n\n\n<p><\/p>\n\n\n\n<p><strong><em>\u201cConstituye una traba insalvable, no s\u00f3lo para quienes ejercemos la nefrolog\u00eda en el pa\u00eds sino, fundamental y prioritariamente, para los pacientes de di\u00e1lisis que necesitan un tratamiento seguro, responsable y eficiente para tener una mejor calidad de vida\u201d<\/em><\/strong>, cerraron en el comunicado.<\/p>\n\n\n\n<p><\/p>\n\n\n\n<p><em>Fuente: DIB<\/em><\/p>\n","protected":false},"excerpt":{"rendered":"<p>Las asociaciones m\u00e9dicas del sector advierten por la escasez de jeringas, cat\u00e9ters, l\u00edquidos peritoneales, sales y otros elementos clave. Seis<\/p>\n","protected":false},"author":6,"featured_media":103150,"comment_status":"closed","ping_status":"closed","sticky":false,"template":"","format":"standard","meta":{"_jetpack_memberships_contains_paid_content":false,"footnotes":""},"categories":[6,1],"tags":[],"class_list":["post-103145","post","type-post","status-publish","format-standard","has-post-thumbnail","hentry","category-nacionales","category-portada"],"jetpack_featured_media_url":"https:\/\/i0.wp.com\/cdnoticias.com\/wp-content\/uploads\/2023\/11\/faltante-insumos-dialisis.jpg?fit=696%2C486&ssl=1","jetpack_sharing_enabled":true,"_links":{"self":[{"href":"https:\/\/cdnoticias.com\/index.php\/wp-json\/wp\/v2\/posts\/103145","targetHints":{"allow":["GET"]}}],"collection":[{"href":"https:\/\/cdnoticias.com\/index.php\/wp-json\/wp\/v2\/posts"}],"about":[{"href":"https:\/\/cdnoticias.com\/index.php\/wp-json\/wp\/v2\/types\/post"}],"author":[{"embeddable":true,"href":"https:\/\/cdnoticias.com\/index.php\/wp-json\/wp\/v2\/users\/6"}],"replies":[{"embeddable":true,"href":"https:\/\/cdnoticias.com\/index.php\/wp-json\/wp\/v2\/comments?post=103145"}],"version-history":[{"count":0,"href":"https:\/\/cdnoticias.com\/index.php\/wp-json\/wp\/v2\/posts\/103145\/revisions"}],"wp:featuredmedia":[{"embeddable":true,"href":"https:\/\/cdnoticias.com\/index.php\/wp-json\/wp\/v2\/media\/103150"}],"wp:attachment":[{"href":"https:\/\/cdnoticias.com\/index.php\/wp-json\/wp\/v2\/media?parent=103145"}],"wp:term":[{"taxonomy":"category","embeddable":true,"href":"https:\/\/cdnoticias.com\/index.php\/wp-json\/wp\/v2\/categories?post=103145"},{"taxonomy":"post_tag","embeddable":true,"href":"https:\/\/cdnoticias.com\/index.php\/wp-json\/wp\/v2\/tags?post=103145"}],"curies":[{"name":"wp","href":"https:\/\/api.w.org\/{rel}","templated":true}]}}