{"id":103142,"date":"2023-11-30T19:26:28","date_gmt":"2023-11-30T22:26:28","guid":{"rendered":"https:\/\/cdnoticias.com\/?p=103142"},"modified":"2023-11-30T19:26:29","modified_gmt":"2023-11-30T22:26:29","slug":"vtv-en-vacaciones-se-podra-circular-con-el-turno-si-es-anterior-al-vencimiento","status":"publish","type":"post","link":"https:\/\/cdnoticias.com\/index.php\/2023\/11\/30\/vtv-en-vacaciones-se-podra-circular-con-el-turno-si-es-anterior-al-vencimiento\/","title":{"rendered":"VTV en vacaciones: se podr\u00e1 circular con el turno si es anterior al vencimiento"},"content":{"rendered":"\n<p>La medida regir\u00e1 hasta el primero de marzo. Adem\u00e1s, alertaron sobre una modalidad de estafa.<\/p>\n\n\n\n<hr class=\"wp-block-separator aligncenter has-alpha-channel-opacity\"\/>\n\n\n\n<p>El ministerio de Transporte bonaerense habilit\u00f3 la posibilidad de <strong>circular solo con el turno de la Verificaci\u00f3n T\u00e9cnica Vehicular, aunque no se haya hecho la misma, siempre que la reserva sea anterior al vencimiento del control anterior.<\/strong><\/p>\n\n\n\n<p><\/p>\n\n\n\n<p>La medida, oficializada este jueves,<strong> regir\u00e1 desde hoy hasta el pr\u00f3ximo 31 de marzo<\/strong>. Es decir, durante el grueso de la temporada de verano, un mes despu\u00e9s de la fecha prevista para el retorno de las clases en la provincia.<\/p>\n\n\n\n<p><\/p>\n\n\n\n<blockquote class=\"wp-block-quote is-layout-flow wp-block-quote-is-layout-flow\">\n<p>En concreto, los conductores y conductoras podr\u00e1n circular con la credencial vencida siempre y cuando tengan consigo el turno para realizar el tr\u00e1mite de renovaci\u00f3n.<\/p>\n<\/blockquote>\n\n\n\n<p><\/p>\n\n\n\n<p>Esta medida atiende a la<strong> gran demanda existente para la renovaci\u00f3n de la VTV<\/strong> y tiene la finalidad de reordenar los plazos y normalizar el sistema de atenci\u00f3n en las plantas verificadoras de la provincia de Buenos Aires.<\/p>\n\n\n\n<p><\/p>\n\n\n\n<p>Por \u00faltimo, y ante las reiteradas<strong> denuncias por estafas a la hora de reservar turnos para realizar la VTV<\/strong>, el Ministerio de Transporte de la Provincia de Buenos Aires enfatiz\u00f3 que <strong>en ning\u00fan momento del tr\u00e1mite se solicitan datos bancarios ni el pago por adelantado.<\/strong><\/p>\n\n\n\n<p><em>Fuente: DIB <\/em><\/p>\n","protected":false},"excerpt":{"rendered":"<p>La medida regir\u00e1 hasta el primero de marzo. Adem\u00e1s, alertaron sobre una modalidad de estafa. El ministerio de Transporte bonaerense<\/p>\n","protected":false},"author":6,"featured_media":22476,"comment_status":"closed","ping_status":"closed","sticky":false,"template":"","format":"standard","meta":{"_jetpack_memberships_contains_paid_content":false,"footnotes":""},"categories":[6,1],"tags":[],"class_list":["post-103142","post","type-post","status-publish","format-standard","has-post-thumbnail","hentry","category-nacionales","category-portada"],"jetpack_featured_media_url":"https:\/\/i0.wp.com\/cdnoticias.com\/wp-content\/uploads\/2021\/05\/VTV.jpg?fit=800%2C445&ssl=1","jetpack_sharing_enabled":true,"_links":{"self":[{"href":"https:\/\/cdnoticias.com\/index.php\/wp-json\/wp\/v2\/posts\/103142","targetHints":{"allow":["GET"]}}],"collection":[{"href":"https:\/\/cdnoticias.com\/index.php\/wp-json\/wp\/v2\/posts"}],"about":[{"href":"https:\/\/cdnoticias.com\/index.php\/wp-json\/wp\/v2\/types\/post"}],"author":[{"embeddable":true,"href":"https:\/\/cdnoticias.com\/index.php\/wp-json\/wp\/v2\/users\/6"}],"replies":[{"embeddable":true,"href":"https:\/\/cdnoticias.com\/index.php\/wp-json\/wp\/v2\/comments?post=103142"}],"version-history":[{"count":0,"href":"https:\/\/cdnoticias.com\/index.php\/wp-json\/wp\/v2\/posts\/103142\/revisions"}],"wp:featuredmedia":[{"embeddable":true,"href":"https:\/\/cdnoticias.com\/index.php\/wp-json\/wp\/v2\/media\/22476"}],"wp:attachment":[{"href":"https:\/\/cdnoticias.com\/index.php\/wp-json\/wp\/v2\/media?parent=103142"}],"wp:term":[{"taxonomy":"category","embeddable":true,"href":"https:\/\/cdnoticias.com\/index.php\/wp-json\/wp\/v2\/categories?post=103142"},{"taxonomy":"post_tag","embeddable":true,"href":"https:\/\/cdnoticias.com\/index.php\/wp-json\/wp\/v2\/tags?post=103142"}],"curies":[{"name":"wp","href":"https:\/\/api.w.org\/{rel}","templated":true}]}}