{"id":10314,"date":"2020-12-30T20:53:48","date_gmt":"2020-12-30T23:53:48","guid":{"rendered":"http:\/\/www.centraldenoticias.com.ar\/?p=10314"},"modified":"2020-12-31T08:29:19","modified_gmt":"2020-12-31T11:29:19","slug":"tenia-prision-domiciliaria-y-robo-en-una-estacion-de-servicios","status":"publish","type":"post","link":"https:\/\/cdnoticias.com\/index.php\/2020\/12\/30\/tenia-prision-domiciliaria-y-robo-en-una-estacion-de-servicios\/","title":{"rendered":"Ten\u00eda prisi\u00f3n domiciliaria y rob\u00f3 en una estaci\u00f3n de servicios"},"content":{"rendered":"<p>Fue capturado por agentes de la comisar\u00eda Segunda y el Comando de Patrullas. Notificado el Tribunal correspondiente se decidi\u00f3 revocarle ese beneficio.<\/p>\n<p><!--more--><\/p>\n<hr \/>\n<p>En la jornada de este mi\u00e9rcoles un hombre de 38 a\u00f1os fue interceptado en 9 de Julio al 4800, todo en el marco del <strong>robo a una estaci\u00f3n de servicio ubicada a pocos metros de all\u00ed, m\u00e1s precisamente sobre el cruce de las avenidas Pringles y De los Trabajadores.<\/strong><\/p>\n<p>&nbsp;<\/p>\n<p>Seg\u00fan se hab\u00eda logrado establecer, un desconocido hab\u00eda irrumpido en el lugar y logrado escapar con dinero en efectivo. <strong>Las averiguaciones en el lugar de los hechos habr\u00edan sido claves para lograr la identificaci\u00f3n y posterior captura.<\/strong><\/p>\n<p>&nbsp;<\/p>\n<p>Tras ser interceptado fue remitido a la sede la comisar\u00eda Segunda, en la continuidad de las cuestiones procesales y tareas de rigor. En ese marco fue que <strong>se logr\u00f3 establecer que el hombre se encontraba bajo un r\u00e9gimen de prisi\u00f3n domiciliaria, beneficio que momentos despu\u00e9s le fue revocado desde el Tribunal Oral en lo Criminal N\u00b0 1 de Azul, que entiende una causa precedente que se le sigue<\/strong>.<\/p>\n<p>&nbsp;<\/p>\n<p>De acuerdo con lo que se a\u00f1adi\u00f3, y si bien por estas horas permanece alojado en la seccional policial ubicada en el barrio Luj\u00e1n, en las pr\u00f3ximas horas ser\u00e1 trasladado a una sede carcelaria. Los hechos de este mi\u00e9rcoles fueron encuadrados como<strong> \u201crobo in fraganti delito\u201d y \u201cdesobedencia\u201d, todo en concurso real de acciones y con la intervenci\u00f3n de la fiscal\u00eda local en turno, la N\u00b0 10 de la doctora Viviana Beyt\u00eda.<\/strong><\/p>\n<p>&nbsp;<\/p>\n","protected":false},"excerpt":{"rendered":"<p>Fue capturado por agentes de la comisar\u00eda Segunda y el Comando de Patrullas. Notificado el Tribunal correspondiente se decidi\u00f3 revocarle<\/p>\n","protected":false},"author":3,"featured_media":10320,"comment_status":"closed","ping_status":"closed","sticky":false,"template":"","format":"standard","meta":{"_jetpack_memberships_contains_paid_content":false,"footnotes":""},"categories":[14,1],"tags":[],"class_list":["post-10314","post","type-post","status-publish","format-standard","has-post-thumbnail","hentry","category-policiales","category-portada"],"jetpack_featured_media_url":"https:\/\/i0.wp.com\/cdnoticias.com\/wp-content\/uploads\/2020\/12\/domiciliaria.jpg?fit=930%2C550&ssl=1","jetpack_sharing_enabled":true,"_links":{"self":[{"href":"https:\/\/cdnoticias.com\/index.php\/wp-json\/wp\/v2\/posts\/10314","targetHints":{"allow":["GET"]}}],"collection":[{"href":"https:\/\/cdnoticias.com\/index.php\/wp-json\/wp\/v2\/posts"}],"about":[{"href":"https:\/\/cdnoticias.com\/index.php\/wp-json\/wp\/v2\/types\/post"}],"author":[{"embeddable":true,"href":"https:\/\/cdnoticias.com\/index.php\/wp-json\/wp\/v2\/users\/3"}],"replies":[{"embeddable":true,"href":"https:\/\/cdnoticias.com\/index.php\/wp-json\/wp\/v2\/comments?post=10314"}],"version-history":[{"count":0,"href":"https:\/\/cdnoticias.com\/index.php\/wp-json\/wp\/v2\/posts\/10314\/revisions"}],"wp:featuredmedia":[{"embeddable":true,"href":"https:\/\/cdnoticias.com\/index.php\/wp-json\/wp\/v2\/media\/10320"}],"wp:attachment":[{"href":"https:\/\/cdnoticias.com\/index.php\/wp-json\/wp\/v2\/media?parent=10314"}],"wp:term":[{"taxonomy":"category","embeddable":true,"href":"https:\/\/cdnoticias.com\/index.php\/wp-json\/wp\/v2\/categories?post=10314"},{"taxonomy":"post_tag","embeddable":true,"href":"https:\/\/cdnoticias.com\/index.php\/wp-json\/wp\/v2\/tags?post=10314"}],"curies":[{"name":"wp","href":"https:\/\/api.w.org\/{rel}","templated":true}]}}