{"id":103136,"date":"2023-12-01T11:07:42","date_gmt":"2023-12-01T14:07:42","guid":{"rendered":"https:\/\/cdnoticias.com\/?p=103136"},"modified":"2023-12-01T12:47:37","modified_gmt":"2023-12-01T15:47:37","slug":"nuevo-organigrama-cinco-secretarias-y-salud-sera-un-consejo-administrativo","status":"publish","type":"post","link":"https:\/\/cdnoticias.com\/index.php\/2023\/12\/01\/nuevo-organigrama-cinco-secretarias-y-salud-sera-un-consejo-administrativo\/","title":{"rendered":"Nuevo organigrama: cinco secretar\u00edas y salud ser\u00e1 un \u201cConsejo Administrativo\u201d"},"content":{"rendered":"<p>Lo aprob\u00f3 el Concejo Deliberante este viernes en sesi\u00f3n extraordinaria. C\u00f3mo funcionar\u00e1 el esquema municipal desde el 12 de diciembre.<!--more--><\/p>\n<hr \/>\n<p>De cara al inicio de la pr\u00f3xima gesti\u00f3n del Ejecutivo a cargo de Maximiliano Wesner el Concejo Deliberante aprob\u00f3 este viernes en la asamblea extraordinaria la ordenanza 5.297\/23.<\/p>\n<p>&nbsp;<\/p>\n<p>Consiste en <strong>el nuevo organigrama municipal<\/strong> y se observan <strong>algunas diferencias respecto del funcionamiento actual<\/strong>.<\/p>\n<p>&nbsp;<\/p>\n<p><strong>El cambio principal es en la cantidad de secretar\u00edas<\/strong> y, en ese marco, para el<strong> \u00e1rea de salud<\/strong> se planific\u00f3 la modificaci\u00f3n m\u00e1s importante.<\/p>\n<p>&nbsp;<\/p>\n<blockquote><p>Habr\u00e1 cinco secretar\u00edas cuyos titulares compondr\u00e1n el gabinete del Intendente: de Jefatura de Gabinete, de Desarrollo de la Comunidad, de Econom\u00eda y Hacienda; de Obras P\u00fablicas, Infraestructura y Servicios P\u00fablicos y de Desarrollo Econ\u00f3mico y Productivo.<\/p><\/blockquote>\n<p>&nbsp;<\/p>\n<p>Actualmente, <strong>Salud<\/strong> es una secretar\u00eda, pero ya no lo ser\u00e1 en la pr\u00f3xima gesti\u00f3n local. El \u00e1rea ser\u00e1 parte de un<strong> Consejo Administrativo de la Salud compuesto por cuatro Subsecretar\u00edas<\/strong>, las cuales estar\u00e1n todas a cargo del Intendente.<\/p>\n<p>&nbsp;<\/p>\n<p>Las <strong>Subsecretar\u00edas<\/strong> ser\u00e1n: <strong>de Direcci\u00f3n M\u00e9dica, de Atenci\u00f3n Primaria de la Salud, de Administraci\u00f3n y de Recursos Humanos y Planificaci\u00f3n<\/strong>.<\/p>\n<p>&nbsp;<\/p>\n<p>Por otro lado, habr\u00e1 <strong>otra subsecretar\u00eda<\/strong> que tambi\u00e9n depender\u00e1 en forma directa del Intendente: <strong>de Protecci\u00f3n Ciudadana<\/strong>. En este caso, el funcionamiento que se prev\u00e9 es similar al que ya se da actualmente en el Municipio con la Subsecretar\u00eda de Seguridad.<\/p>\n<p>&nbsp;<\/p>\n<p>En tanto, en palabras del propio Wesner en el inicio de la actividad Legislativa de este viernes, indic\u00f3 que en el nuevo organigrama se observa <strong>la reducci\u00f3n de 22 direcciones que actualmente componen el Ejecutivo.<\/strong><\/p>\n<p>&nbsp;<\/p>\n<p>Cabe se\u00f1alar adem\u00e1s que <strong>la puesta en marcha de esta ordenanza requerir\u00e1 la reforma del Presupuesto 2024<\/strong>, <a href=\"https:\/\/cdnoticias.com\/index.php\/2023\/11\/30\/presupuesto-2024-se-proyectan-gastos-por-40-000-millones\/\" target=\"_blank\" rel=\"noopener\">presentado este jueves por el intendente Ezequiel Galli<\/a>. De esta manera, se prev\u00e9 que antes de que llegue a sesi\u00f3n, <strong>el proyecto de ordenanza tambi\u00e9n ser\u00e1 modificado por Maximiliano Wesner ya en gesti\u00f3n<\/strong>.<\/p>\n<p>&nbsp;<\/p>\n","protected":false},"excerpt":{"rendered":"<p>Lo aprob\u00f3 el Concejo Deliberante este viernes en sesi\u00f3n extraordinaria. C\u00f3mo funcionar\u00e1 el esquema municipal desde el 12 de diciembre.<\/p>\n","protected":false},"author":4,"featured_media":50372,"comment_status":"closed","ping_status":"closed","sticky":false,"template":"","format":"standard","meta":{"_jetpack_memberships_contains_paid_content":false,"footnotes":""},"categories":[4,1],"tags":[],"class_list":["post-103136","post","type-post","status-publish","format-standard","has-post-thumbnail","hentry","category-politica","category-portada"],"jetpack_featured_media_url":"https:\/\/i0.wp.com\/cdnoticias.com\/wp-content\/uploads\/2022\/03\/Palacio-Municipal-San-Martin-drone-Olavarria-Municipalidad.jpg?fit=800%2C445&ssl=1","jetpack_sharing_enabled":true,"_links":{"self":[{"href":"https:\/\/cdnoticias.com\/index.php\/wp-json\/wp\/v2\/posts\/103136","targetHints":{"allow":["GET"]}}],"collection":[{"href":"https:\/\/cdnoticias.com\/index.php\/wp-json\/wp\/v2\/posts"}],"about":[{"href":"https:\/\/cdnoticias.com\/index.php\/wp-json\/wp\/v2\/types\/post"}],"author":[{"embeddable":true,"href":"https:\/\/cdnoticias.com\/index.php\/wp-json\/wp\/v2\/users\/4"}],"replies":[{"embeddable":true,"href":"https:\/\/cdnoticias.com\/index.php\/wp-json\/wp\/v2\/comments?post=103136"}],"version-history":[{"count":0,"href":"https:\/\/cdnoticias.com\/index.php\/wp-json\/wp\/v2\/posts\/103136\/revisions"}],"wp:featuredmedia":[{"embeddable":true,"href":"https:\/\/cdnoticias.com\/index.php\/wp-json\/wp\/v2\/media\/50372"}],"wp:attachment":[{"href":"https:\/\/cdnoticias.com\/index.php\/wp-json\/wp\/v2\/media?parent=103136"}],"wp:term":[{"taxonomy":"category","embeddable":true,"href":"https:\/\/cdnoticias.com\/index.php\/wp-json\/wp\/v2\/categories?post=103136"},{"taxonomy":"post_tag","embeddable":true,"href":"https:\/\/cdnoticias.com\/index.php\/wp-json\/wp\/v2\/tags?post=103136"}],"curies":[{"name":"wp","href":"https:\/\/api.w.org\/{rel}","templated":true}]}}