{"id":103108,"date":"2023-11-30T11:46:25","date_gmt":"2023-11-30T14:46:25","guid":{"rendered":"https:\/\/cdnoticias.com\/?p=103108"},"modified":"2023-11-30T11:46:28","modified_gmt":"2023-11-30T14:46:28","slug":"trabajadores-de-la-economia-popular-concretaron-una-jornada-historica-de-votacion","status":"publish","type":"post","link":"https:\/\/cdnoticias.com\/index.php\/2023\/11\/30\/trabajadores-de-la-economia-popular-concretaron-una-jornada-historica-de-votacion\/","title":{"rendered":"Trabajadores de la Econom\u00eda Popular concretaron una jornada hist\u00f3rica de votaci\u00f3n"},"content":{"rendered":"<p>Se llev\u00f3 a cabo el mi\u00e9rcoles en dos sedes: La Yumba y el Cors\u00f3dromo. Presentaron una lista de unidad y Alejandro Gramajo asumir\u00e1 como secretario general de la UTEP.<!--more--><\/p>\n<hr \/>\n<p>El 29 de noviembre se llevaron a cabo las primeras elecciones nacionales de la <strong>Uni\u00f3n de Trabajadores de la Econom\u00eda Popular (UTEP).<\/strong><\/p>\n<p>Las organizaciones locales que integran la<strong> UTEP (Movimiento de Trabajadores Excluidos, Federaci\u00f3n Rural, Nuestramerica y Movimiento Evita Olavarr\u00eda)<\/strong> contaron con m\u00e1s de 400 afiliados y afiliadas en condiciones de participar en los comicios gremiales.<\/p>\n<p>Fueron dos sedes las designadas para llevar adelante la votaci\u00f3n: <strong>el Espacio Cultural La Yumba, ubicado en \u00c1lvaro Barros 3800 y el Cors\u00f3dromo en Guisasola 2935.<\/strong><br \/>\n<div class=\"tiled-gallery type-rectangular tiled-gallery-unresized\" data-original-width=\"800\" data-carousel-extra='null' itemscope itemtype=\"http:\/\/schema.org\/ImageGallery\" > <div class=\"gallery-row\" style=\"width: 800px; height: 227px;\" data-original-width=\"800\" data-original-height=\"227\" > <div class=\"gallery-group images-1\" style=\"width: 400px; height: 227px;\" data-original-width=\"400\" data-original-height=\"227\" > <div class=\"tiled-gallery-item tiled-gallery-item-large\" itemprop=\"associatedMedia\" itemscope itemtype=\"http:\/\/schema.org\/ImageObject\"> <a href=\"https:\/\/cdnoticias.com\/index.php\/2023\/11\/30\/trabajadores-de-la-economia-popular-concretaron-una-jornada-historica-de-votacion\/utep-elecciones-02\/\" border=\"0\" itemprop=\"url\"> <meta itemprop=\"width\" content=\"396\"> <meta itemprop=\"height\" content=\"223\"> <img decoding=\"async\" class=\"\" data-attachment-id=\"103112\" data-orig-file=\"https:\/\/cdnoticias.com\/wp-content\/uploads\/2023\/11\/UTEP-elecciones-02.jpg\" data-orig-size=\"800,450\" data-comments-opened=\"\" data-image-meta=\"{&quot;aperture&quot;:&quot;0&quot;,&quot;credit&quot;:&quot;&quot;,&quot;camera&quot;:&quot;&quot;,&quot;caption&quot;:&quot;&quot;,&quot;created_timestamp&quot;:&quot;0&quot;,&quot;copyright&quot;:&quot;&quot;,&quot;focal_length&quot;:&quot;0&quot;,&quot;iso&quot;:&quot;0&quot;,&quot;shutter_speed&quot;:&quot;0&quot;,&quot;title&quot;:&quot;&quot;,&quot;orientation&quot;:&quot;1&quot;}\" data-image-title=\"UTEP-elecciones-02\" data-image-description=\"\" data-medium-file=\"https:\/\/i0.wp.com\/cdnoticias.com\/wp-content\/uploads\/2023\/11\/UTEP-elecciones-02.jpg?fit=300%2C169&#038;ssl=1\" data-large-file=\"https:\/\/i0.wp.com\/cdnoticias.com\/wp-content\/uploads\/2023\/11\/UTEP-elecciones-02.jpg?fit=800%2C450&#038;ssl=1\" src=\"https:\/\/i0.wp.com\/cdnoticias.com\/wp-content\/uploads\/2023\/11\/UTEP-elecciones-02.jpg?w=396&#038;h=223&#038;ssl=1\" srcset=\"https:\/\/i0.wp.com\/cdnoticias.com\/wp-content\/uploads\/2023\/11\/UTEP-elecciones-02.jpg?w=800&amp;ssl=1 800w, https:\/\/i0.wp.com\/cdnoticias.com\/wp-content\/uploads\/2023\/11\/UTEP-elecciones-02.jpg?resize=300%2C169&amp;ssl=1 300w, https:\/\/i0.wp.com\/cdnoticias.com\/wp-content\/uploads\/2023\/11\/UTEP-elecciones-02.jpg?resize=768%2C432&amp;ssl=1 768w\" width=\"396\" height=\"223\" loading=\"lazy\" data-original-width=\"396\" data-original-height=\"223\" itemprop=\"http:\/\/schema.org\/image\" title=\"UTEP-elecciones-02\" alt=\"UTEP-elecciones-02\" style=\"width: 396px; height: 223px;\" \/> <\/a> <\/div> <\/div> <!-- close group --> <div class=\"gallery-group images-1\" style=\"width: 400px; height: 227px;\" data-original-width=\"400\" data-original-height=\"227\" > <div class=\"tiled-gallery-item tiled-gallery-item-large\" itemprop=\"associatedMedia\" itemscope itemtype=\"http:\/\/schema.org\/ImageObject\"> <a href=\"https:\/\/cdnoticias.com\/index.php\/2023\/11\/30\/trabajadores-de-la-economia-popular-concretaron-una-jornada-historica-de-votacion\/utep-elecciones-03\/\" border=\"0\" itemprop=\"url\"> <meta itemprop=\"width\" content=\"396\"> <meta itemprop=\"height\" content=\"223\"> <img decoding=\"async\" class=\"\" data-attachment-id=\"103111\" data-orig-file=\"https:\/\/cdnoticias.com\/wp-content\/uploads\/2023\/11\/UTEP-elecciones-03.jpg\" data-orig-size=\"800,450\" data-comments-opened=\"\" data-image-meta=\"{&quot;aperture&quot;:&quot;0&quot;,&quot;credit&quot;:&quot;&quot;,&quot;camera&quot;:&quot;&quot;,&quot;caption&quot;:&quot;&quot;,&quot;created_timestamp&quot;:&quot;0&quot;,&quot;copyright&quot;:&quot;&quot;,&quot;focal_length&quot;:&quot;0&quot;,&quot;iso&quot;:&quot;0&quot;,&quot;shutter_speed&quot;:&quot;0&quot;,&quot;title&quot;:&quot;&quot;,&quot;orientation&quot;:&quot;1&quot;}\" data-image-title=\"UTEP-elecciones-03\" data-image-description=\"\" data-medium-file=\"https:\/\/i0.wp.com\/cdnoticias.com\/wp-content\/uploads\/2023\/11\/UTEP-elecciones-03.jpg?fit=300%2C169&#038;ssl=1\" data-large-file=\"https:\/\/i0.wp.com\/cdnoticias.com\/wp-content\/uploads\/2023\/11\/UTEP-elecciones-03.jpg?fit=800%2C450&#038;ssl=1\" src=\"https:\/\/i0.wp.com\/cdnoticias.com\/wp-content\/uploads\/2023\/11\/UTEP-elecciones-03.jpg?w=396&#038;h=223&#038;ssl=1\" srcset=\"https:\/\/i0.wp.com\/cdnoticias.com\/wp-content\/uploads\/2023\/11\/UTEP-elecciones-03.jpg?w=800&amp;ssl=1 800w, https:\/\/i0.wp.com\/cdnoticias.com\/wp-content\/uploads\/2023\/11\/UTEP-elecciones-03.jpg?resize=300%2C169&amp;ssl=1 300w, https:\/\/i0.wp.com\/cdnoticias.com\/wp-content\/uploads\/2023\/11\/UTEP-elecciones-03.jpg?resize=768%2C432&amp;ssl=1 768w\" width=\"396\" height=\"223\" loading=\"lazy\" data-original-width=\"396\" data-original-height=\"223\" itemprop=\"http:\/\/schema.org\/image\" title=\"UTEP-elecciones-03\" alt=\"UTEP-elecciones-03\" style=\"width: 396px; height: 223px;\" \/> <\/a> <\/div> <\/div> <!-- close group --> <\/div> <!-- close row --> <div class=\"gallery-row\" style=\"width: 800px; height: 227px;\" data-original-width=\"800\" data-original-height=\"227\" > <div class=\"gallery-group images-1\" style=\"width: 400px; height: 227px;\" data-original-width=\"400\" data-original-height=\"227\" > <div class=\"tiled-gallery-item tiled-gallery-item-large\" itemprop=\"associatedMedia\" itemscope itemtype=\"http:\/\/schema.org\/ImageObject\"> <a href=\"https:\/\/cdnoticias.com\/index.php\/2023\/11\/30\/trabajadores-de-la-economia-popular-concretaron-una-jornada-historica-de-votacion\/utep-elecciones-04\/\" border=\"0\" itemprop=\"url\"> <meta itemprop=\"width\" content=\"396\"> <meta itemprop=\"height\" content=\"223\"> <img decoding=\"async\" class=\"\" data-attachment-id=\"103110\" data-orig-file=\"https:\/\/cdnoticias.com\/wp-content\/uploads\/2023\/11\/UTEP-elecciones-04.jpg\" data-orig-size=\"800,450\" data-comments-opened=\"\" data-image-meta=\"{&quot;aperture&quot;:&quot;0&quot;,&quot;credit&quot;:&quot;&quot;,&quot;camera&quot;:&quot;&quot;,&quot;caption&quot;:&quot;&quot;,&quot;created_timestamp&quot;:&quot;0&quot;,&quot;copyright&quot;:&quot;&quot;,&quot;focal_length&quot;:&quot;0&quot;,&quot;iso&quot;:&quot;0&quot;,&quot;shutter_speed&quot;:&quot;0&quot;,&quot;title&quot;:&quot;&quot;,&quot;orientation&quot;:&quot;1&quot;}\" data-image-title=\"UTEP-elecciones-04\" data-image-description=\"\" data-medium-file=\"https:\/\/i0.wp.com\/cdnoticias.com\/wp-content\/uploads\/2023\/11\/UTEP-elecciones-04.jpg?fit=300%2C169&#038;ssl=1\" data-large-file=\"https:\/\/i0.wp.com\/cdnoticias.com\/wp-content\/uploads\/2023\/11\/UTEP-elecciones-04.jpg?fit=800%2C450&#038;ssl=1\" src=\"https:\/\/i0.wp.com\/cdnoticias.com\/wp-content\/uploads\/2023\/11\/UTEP-elecciones-04.jpg?w=396&#038;h=223&#038;ssl=1\" srcset=\"https:\/\/i0.wp.com\/cdnoticias.com\/wp-content\/uploads\/2023\/11\/UTEP-elecciones-04.jpg?w=800&amp;ssl=1 800w, https:\/\/i0.wp.com\/cdnoticias.com\/wp-content\/uploads\/2023\/11\/UTEP-elecciones-04.jpg?resize=300%2C169&amp;ssl=1 300w, https:\/\/i0.wp.com\/cdnoticias.com\/wp-content\/uploads\/2023\/11\/UTEP-elecciones-04.jpg?resize=768%2C432&amp;ssl=1 768w\" width=\"396\" height=\"223\" loading=\"lazy\" data-original-width=\"396\" data-original-height=\"223\" itemprop=\"http:\/\/schema.org\/image\" title=\"UTEP-elecciones-04\" alt=\"UTEP-elecciones-04\" style=\"width: 396px; height: 223px;\" \/> <\/a> <\/div> <\/div> <!-- close group --> <div class=\"gallery-group images-1\" style=\"width: 400px; height: 227px;\" data-original-width=\"400\" data-original-height=\"227\" > <div class=\"tiled-gallery-item tiled-gallery-item-large\" itemprop=\"associatedMedia\" itemscope itemtype=\"http:\/\/schema.org\/ImageObject\"> <a href=\"https:\/\/cdnoticias.com\/index.php\/2023\/11\/30\/trabajadores-de-la-economia-popular-concretaron-una-jornada-historica-de-votacion\/utep-elecciones-05\/\" border=\"0\" itemprop=\"url\"> <meta itemprop=\"width\" content=\"396\"> <meta itemprop=\"height\" content=\"223\"> <img decoding=\"async\" class=\"\" data-attachment-id=\"103109\" data-orig-file=\"https:\/\/cdnoticias.com\/wp-content\/uploads\/2023\/11\/UTEP-elecciones-05.jpg\" data-orig-size=\"800,450\" data-comments-opened=\"\" data-image-meta=\"{&quot;aperture&quot;:&quot;0&quot;,&quot;credit&quot;:&quot;&quot;,&quot;camera&quot;:&quot;&quot;,&quot;caption&quot;:&quot;&quot;,&quot;created_timestamp&quot;:&quot;0&quot;,&quot;copyright&quot;:&quot;&quot;,&quot;focal_length&quot;:&quot;0&quot;,&quot;iso&quot;:&quot;0&quot;,&quot;shutter_speed&quot;:&quot;0&quot;,&quot;title&quot;:&quot;&quot;,&quot;orientation&quot;:&quot;1&quot;}\" data-image-title=\"UTEP-elecciones-05\" data-image-description=\"\" data-medium-file=\"https:\/\/i0.wp.com\/cdnoticias.com\/wp-content\/uploads\/2023\/11\/UTEP-elecciones-05.jpg?fit=300%2C169&#038;ssl=1\" data-large-file=\"https:\/\/i0.wp.com\/cdnoticias.com\/wp-content\/uploads\/2023\/11\/UTEP-elecciones-05.jpg?fit=800%2C450&#038;ssl=1\" src=\"https:\/\/i0.wp.com\/cdnoticias.com\/wp-content\/uploads\/2023\/11\/UTEP-elecciones-05.jpg?w=396&#038;h=223&#038;ssl=1\" srcset=\"https:\/\/i0.wp.com\/cdnoticias.com\/wp-content\/uploads\/2023\/11\/UTEP-elecciones-05.jpg?w=800&amp;ssl=1 800w, https:\/\/i0.wp.com\/cdnoticias.com\/wp-content\/uploads\/2023\/11\/UTEP-elecciones-05.jpg?resize=300%2C169&amp;ssl=1 300w, https:\/\/i0.wp.com\/cdnoticias.com\/wp-content\/uploads\/2023\/11\/UTEP-elecciones-05.jpg?resize=768%2C432&amp;ssl=1 768w\" width=\"396\" height=\"223\" loading=\"lazy\" data-original-width=\"396\" data-original-height=\"223\" itemprop=\"http:\/\/schema.org\/image\" title=\"UTEP-elecciones-05\" alt=\"UTEP-elecciones-05\" style=\"width: 396px; height: 223px;\" \/> <\/a> <\/div> <\/div> <!-- close group --> <\/div> <!-- close row --> <\/div><\/p>\n<p>Cabe destacar que las agrupaciones que conforman la UTEP acordaron unificar esfuerzos para presentar una lista de unidad. <strong>Alejandro Gramajo (referente del Movimiento Evita) asumir\u00e1 el secretariado general en reemplazo de Esteban Castro.<\/strong><\/p>\n<p>Los integrantes locales expresaron que &#8220;el proceso de las primeras elecciones en UTEP consolida la herramienta gremial que supimos construir para <strong>defender nuestros derechos y planificar la econom\u00eda popular<\/strong> que queremos y deseamos para el pueblo. Una econom\u00eda popular, profundamente social y verdaderamente solidaria que camine junto al pueblo trabajador&#8221;.<\/p>\n<p>Al mismo tiempo, se\u00f1alaron la importancia del gremio en la ciudad como una herramienta organizativa proactiva, participativa y democr\u00e1tica.<\/p>\n","protected":false},"excerpt":{"rendered":"<p>Se llev\u00f3 a cabo el mi\u00e9rcoles en dos sedes: La Yumba y el Cors\u00f3dromo. Presentaron una lista de unidad y<\/p>\n","protected":false},"author":2,"featured_media":103113,"comment_status":"closed","ping_status":"closed","sticky":false,"template":"","format":"standard","meta":{"_jetpack_memberships_contains_paid_content":false,"footnotes":""},"categories":[5,1],"tags":[],"class_list":["post-103108","post","type-post","status-publish","format-standard","has-post-thumbnail","hentry","category-informacion-general","category-portada"],"jetpack_featured_media_url":"https:\/\/i0.wp.com\/cdnoticias.com\/wp-content\/uploads\/2023\/11\/UTEP-elecciones-01.jpg?fit=800%2C450&ssl=1","jetpack_sharing_enabled":true,"_links":{"self":[{"href":"https:\/\/cdnoticias.com\/index.php\/wp-json\/wp\/v2\/posts\/103108","targetHints":{"allow":["GET"]}}],"collection":[{"href":"https:\/\/cdnoticias.com\/index.php\/wp-json\/wp\/v2\/posts"}],"about":[{"href":"https:\/\/cdnoticias.com\/index.php\/wp-json\/wp\/v2\/types\/post"}],"author":[{"embeddable":true,"href":"https:\/\/cdnoticias.com\/index.php\/wp-json\/wp\/v2\/users\/2"}],"replies":[{"embeddable":true,"href":"https:\/\/cdnoticias.com\/index.php\/wp-json\/wp\/v2\/comments?post=103108"}],"version-history":[{"count":0,"href":"https:\/\/cdnoticias.com\/index.php\/wp-json\/wp\/v2\/posts\/103108\/revisions"}],"wp:featuredmedia":[{"embeddable":true,"href":"https:\/\/cdnoticias.com\/index.php\/wp-json\/wp\/v2\/media\/103113"}],"wp:attachment":[{"href":"https:\/\/cdnoticias.com\/index.php\/wp-json\/wp\/v2\/media?parent=103108"}],"wp:term":[{"taxonomy":"category","embeddable":true,"href":"https:\/\/cdnoticias.com\/index.php\/wp-json\/wp\/v2\/categories?post=103108"},{"taxonomy":"post_tag","embeddable":true,"href":"https:\/\/cdnoticias.com\/index.php\/wp-json\/wp\/v2\/tags?post=103108"}],"curies":[{"name":"wp","href":"https:\/\/api.w.org\/{rel}","templated":true}]}}