{"id":103093,"date":"2023-12-01T09:20:10","date_gmt":"2023-12-01T12:20:10","guid":{"rendered":"https:\/\/cdnoticias.com\/?p=103093"},"modified":"2023-12-01T09:20:11","modified_gmt":"2023-12-01T12:20:11","slug":"declararon-la-emergencia-sanitaria-por-encefalomielitis-equina-en-todo-el-pais","status":"publish","type":"post","link":"https:\/\/cdnoticias.com\/index.php\/2023\/12\/01\/declararon-la-emergencia-sanitaria-por-encefalomielitis-equina-en-todo-el-pais\/","title":{"rendered":"Declararon la emergencia sanitaria por encefalomielitis equina en todo el pa\u00eds"},"content":{"rendered":"<p>Las autoridades confirmaron el contagio de un equino en C\u00f3rdoba, mientras que otros 11 se encuentran bajo investigaci\u00f3n.<!--more--><\/p>\n<hr \/>\n<p>El Gobierno decret\u00f3 la emergencia sanitaria nacional por encefalomielitis equina luego de que el Servicio Nacional de Sanidad y Calidad Agroalimentaria (Senasa) confirmara la existencia de un<strong> nuevo brote en C\u00f3rdoba<\/strong>. La zoonosis se trata de una <strong>afecci\u00f3n considerada como ex\u00f3tica<\/strong> que fue detectada en el territorio por \u00faltima vez en 1988 y que <strong>puede trasladarse a humanos.<\/strong><\/p>\n<p>Es<strong> transmitida por mosquitos<\/strong> anteriormente infectados por aves que propagar\u00edan el virus a trav\u00e9s de sus picaduras a los equinos y seres humanos. El per\u00edodo de incubaci\u00f3n var\u00eda entre los 5 y 14 d\u00edas desde que el ser fuera infectado.<\/p>\n<p>La aparici\u00f3n de la <strong>Encefalomielitis Equina del Oeste (EEO)<\/strong> fue confirmada por el Instituto Vanella de la Universidad Nacional de C\u00f3rdoba durante la jornada del mi\u00e9rcoles, luego de que el caso estudiado en la localidad de San Francisco, ubicada en el este de la provincia, resultara positivo. En paralelo, informaron que<strong> hay otros 11 ejemplares bajo an\u00e1lisis<\/strong> a ra\u00edz de la muerte de seis caballos que fueron reportadas en los \u00faltimos d\u00edas.<\/p>\n<blockquote><p>Por medio de una publicaci\u00f3n en el Bolet\u00edn Oficial, las autoridades anunciaron que se pondr\u00e1n en marcha <strong>medidas sanitarias inmediatas, extraordinarias, excepcionales y de contenci\u00f3n<\/strong> para evitar la propagaci\u00f3n de la enfermedad, entre ellas, ratificaron la restricci\u00f3n de concentraci\u00f3n y movimiento de equinos.<\/p><\/blockquote>\n<p>Conforme a evitar que la ciudadan\u00eda entre en p\u00e1nico, el organismo sanitario aclar\u00f3 que el hecho de que haya sido denominado como brote no significaba que hubiera m\u00e1s de un animal infectado.<strong> \u201cSi se hicieron ocho pruebas y uno dio positivo, es un brote porque son de la misma unidad productiva\u201d<\/strong>, expresaron al informar que los reportes de equinos que tendr\u00edan sintomatolog\u00eda nerviosa correspondiente al virus fueron recibidas desde las provincias de C\u00f3rdoba, Corrientes, Entre R\u00edos y Santa Fe.<\/p>\n<h2>S\u00edntomas y prevenci\u00f3n<\/h2>\n<p>Los s\u00edntomas que podr\u00edan indicar la presencia de la afecci\u00f3n se suelen agrupar dentro de un cuadro neurol\u00f3gico, en el que el animal o la persona infectada pudiera sufrir de <strong>deambulaciones, hiperexcitaci\u00f3n, depresi\u00f3n, hipertermia (fiebre), ataxia (falta de coordinaci\u00f3n en los movimientos), dec\u00fabito (ca\u00edda de costado) y mortandad, en el caso de los establecimientos que acumularan equinos.<\/strong><\/p>\n<p>En cuanto a la tasa de letalidad de la Encefalomielitis Equina del Oeste, Senasa manifest\u00f3 que esta var\u00eda entre el 20 y el 30 por ciento, lo cual ser\u00eda un \u00edndice menor en comparaci\u00f3n a la variante Encefalomielitis Equina del Este (EEE) que podr\u00eda llegar hasta el 90 por ciento. No obstante,<strong> no descartaron la posibilidad de que quedaran secuelas en los seres que hayan transitado la enfermedad.<\/strong><\/p>\n<p>Por otro lado, las autoridades publicaron una serie de recomendaciones para prevenir la propagaci\u00f3n de la enfermedad, entre las cuales destacaron el <strong>uso de repelentes en el ambiente, en las personas y en los animales.<\/strong> Adem\u00e1s, se\u00f1alaron la importancia de vacunar a los equinos en contra de la afecci\u00f3n, ya que el Senasa estar\u00eda en proceso de coordinar una campa\u00f1a de vacunaci\u00f3n contra el EEO.<\/p>\n<p>En el caso de alg\u00fan equino o una persona presentara s\u00edntomas compatibles con la enfermedad y tuviera sospechas al respecto, solicitaron notificar el caso de manera inmediata. Las v\u00edas de contacto disponibles ser\u00e1n la l\u00ednea de WhatsApp 1157005704, a trav\u00e9s de la aplicaci\u00f3n para dispositivos m\u00f3viles llamada \u201cNotificaciones Senasa\u201d, por medio del correo electr\u00f3nico notificaciones@senasa.gob.ar o desde el apartado \u201cAvis\u00e1 al Senasa\u201d que se ubica en la p\u00e1gina web oficial.<\/p>\n<p><em>Fuente: DIB.<\/em><\/p>\n","protected":false},"excerpt":{"rendered":"<p>Las autoridades confirmaron el contagio de un equino en C\u00f3rdoba, mientras que otros 11 se encuentran bajo investigaci\u00f3n.<\/p>\n","protected":false},"author":2,"featured_media":103094,"comment_status":"closed","ping_status":"closed","sticky":false,"template":"","format":"standard","meta":{"_jetpack_memberships_contains_paid_content":false,"footnotes":""},"categories":[6,1],"tags":[],"class_list":["post-103093","post","type-post","status-publish","format-standard","has-post-thumbnail","hentry","category-nacionales","category-portada"],"jetpack_featured_media_url":"https:\/\/i0.wp.com\/cdnoticias.com\/wp-content\/uploads\/2023\/11\/caballos-gob-costa.jpg?fit=800%2C450&ssl=1","jetpack_sharing_enabled":true,"_links":{"self":[{"href":"https:\/\/cdnoticias.com\/index.php\/wp-json\/wp\/v2\/posts\/103093","targetHints":{"allow":["GET"]}}],"collection":[{"href":"https:\/\/cdnoticias.com\/index.php\/wp-json\/wp\/v2\/posts"}],"about":[{"href":"https:\/\/cdnoticias.com\/index.php\/wp-json\/wp\/v2\/types\/post"}],"author":[{"embeddable":true,"href":"https:\/\/cdnoticias.com\/index.php\/wp-json\/wp\/v2\/users\/2"}],"replies":[{"embeddable":true,"href":"https:\/\/cdnoticias.com\/index.php\/wp-json\/wp\/v2\/comments?post=103093"}],"version-history":[{"count":0,"href":"https:\/\/cdnoticias.com\/index.php\/wp-json\/wp\/v2\/posts\/103093\/revisions"}],"wp:featuredmedia":[{"embeddable":true,"href":"https:\/\/cdnoticias.com\/index.php\/wp-json\/wp\/v2\/media\/103094"}],"wp:attachment":[{"href":"https:\/\/cdnoticias.com\/index.php\/wp-json\/wp\/v2\/media?parent=103093"}],"wp:term":[{"taxonomy":"category","embeddable":true,"href":"https:\/\/cdnoticias.com\/index.php\/wp-json\/wp\/v2\/categories?post=103093"},{"taxonomy":"post_tag","embeddable":true,"href":"https:\/\/cdnoticias.com\/index.php\/wp-json\/wp\/v2\/tags?post=103093"}],"curies":[{"name":"wp","href":"https:\/\/api.w.org\/{rel}","templated":true}]}}