{"id":10309,"date":"2020-12-30T19:51:14","date_gmt":"2020-12-30T22:51:14","guid":{"rendered":"http:\/\/www.centraldenoticias.com.ar\/?p=10309"},"modified":"2020-12-30T20:54:10","modified_gmt":"2020-12-30T23:54:10","slug":"covid-en-olavarria-este-miercoles-hubo-59-nuevos-casos","status":"publish","type":"post","link":"https:\/\/cdnoticias.com\/index.php\/2020\/12\/30\/covid-en-olavarria-este-miercoles-hubo-59-nuevos-casos\/","title":{"rendered":"Covid en Olavarr\u00eda: Este mi\u00e9rcoles hubo 59 nuevos casos"},"content":{"rendered":"<p>Adem\u00e1s, 56 pacientes recibieron el alta. Los positivos corresponden a reuniones sociales y a nexos. Hay 3 pacientes en UTI, 9 en Cuidados Generales y una en Maternidad.<!--more--><\/p>\n<hr \/>\n<p>La secretar\u00eda de Salud del Gobierno Municipal inform\u00f3 que este mi\u00e9rcoles se registraron 59 nuevos casos de Covid-19 en el partido de Olavarr\u00eda. <strong>Adem\u00e1s, hubo 56 pacientes que recibieron el alta m\u00e9dica y se descartaron 156.<\/strong><\/p>\n<p>&nbsp;<\/p>\n<p><strong>El total de pacientes activos es de 201.<\/strong> En el d\u00eda de la fecha se realizaron 215 testeos y m\u00e1s de 14.500 desde el comienzo de la pandemia.<\/p>\n<p>&nbsp;<\/p>\n<p><img data-recalc-dims=\"1\" loading=\"lazy\" decoding=\"async\" class=\"alignnone size-large wp-image-10311\" src=\"https:\/\/i0.wp.com\/cdnoticias.com\/wp-content\/uploads\/2020\/12\/parte-16.jpg?resize=800%2C402&#038;ssl=1\" alt=\"\" width=\"800\" height=\"402\" srcset=\"https:\/\/i0.wp.com\/cdnoticias.com\/wp-content\/uploads\/2020\/12\/parte-16.jpg?resize=1024%2C514&amp;ssl=1 1024w, https:\/\/i0.wp.com\/cdnoticias.com\/wp-content\/uploads\/2020\/12\/parte-16.jpg?resize=300%2C150&amp;ssl=1 300w, https:\/\/i0.wp.com\/cdnoticias.com\/wp-content\/uploads\/2020\/12\/parte-16.jpg?resize=768%2C385&amp;ssl=1 768w, https:\/\/i0.wp.com\/cdnoticias.com\/wp-content\/uploads\/2020\/12\/parte-16.jpg?w=1210&amp;ssl=1 1210w\" sizes=\"auto, (max-width: 800px) 100vw, 800px\" \/><\/p>\n<p>&nbsp;<\/p>\n<blockquote><p>Los positivos de la jornada corresponden a reuniones sociales y a nexos con positivos anteriores. Los resultados de los testeos que se llevan a cabo en el Paseo de la Salud este mi\u00e9rcoles ser\u00e1n informados el jueves.<\/p><\/blockquote>\n<p>&nbsp;<\/p>\n<blockquote><p>Se recuerda que <strong>los d\u00edas 31 y 1 no se realizar\u00e1n hisopados.<\/strong> En tanto, el s\u00e1bado 2 de enero de 2021 volver\u00e1n a hacerse los testeos en el Hospital desde las 7 de la ma\u00f1ana.<\/p><\/blockquote>\n<p>&nbsp;<\/p>\n<p><img data-recalc-dims=\"1\" loading=\"lazy\" decoding=\"async\" class=\"alignnone size-full wp-image-10310\" src=\"https:\/\/i0.wp.com\/cdnoticias.com\/wp-content\/uploads\/2020\/12\/parte02-7.jpg?resize=589%2C592&#038;ssl=1\" alt=\"\" width=\"589\" height=\"592\" srcset=\"https:\/\/i0.wp.com\/cdnoticias.com\/wp-content\/uploads\/2020\/12\/parte02-7.jpg?w=589&amp;ssl=1 589w, https:\/\/i0.wp.com\/cdnoticias.com\/wp-content\/uploads\/2020\/12\/parte02-7.jpg?resize=150%2C150&amp;ssl=1 150w, https:\/\/i0.wp.com\/cdnoticias.com\/wp-content\/uploads\/2020\/12\/parte02-7.jpg?resize=298%2C300&amp;ssl=1 298w\" sizes=\"auto, (max-width: 589px) 100vw, 589px\" \/><\/p>\n<p>&nbsp;<\/p>\n<p>Sobre el estado actual del Hospital Municipal \u201cDr. H\u00e9ctor Cura\u201d, se indic\u00f3 que <strong>hay 3 pacientes en Unidad de Terapia Intensiva, 9 en Cuidados Generales y una en Maternidad.<\/strong> Asimismo, se se\u00f1al\u00f3 que no hay internados en el sector de Pediatr\u00eda.<\/p>\n<p>&nbsp;<\/p>\n<p>En este sentido, desde la Secretar\u00eda de Salud Municipal aseguraron que <strong>el 85% de los casos positivos corresponden a personas con menos de 60 a\u00f1os y el 15% a mayores de 60 a\u00f1os.<\/strong><\/p>\n","protected":false},"excerpt":{"rendered":"<p>Adem\u00e1s, 56 pacientes recibieron el alta. Los positivos corresponden a reuniones sociales y a nexos. Hay 3 pacientes en UTI,<\/p>\n","protected":false},"author":5,"featured_media":9830,"comment_status":"closed","ping_status":"closed","sticky":false,"template":"","format":"standard","meta":{"_jetpack_memberships_contains_paid_content":false,"footnotes":""},"categories":[5,1],"tags":[],"class_list":["post-10309","post","type-post","status-publish","format-standard","has-post-thumbnail","hentry","category-informacion-general","category-portada"],"jetpack_featured_media_url":"https:\/\/i0.wp.com\/cdnoticias.com\/wp-content\/uploads\/2020\/12\/rta.jpg?fit=831%2C550&ssl=1","jetpack_sharing_enabled":true,"_links":{"self":[{"href":"https:\/\/cdnoticias.com\/index.php\/wp-json\/wp\/v2\/posts\/10309","targetHints":{"allow":["GET"]}}],"collection":[{"href":"https:\/\/cdnoticias.com\/index.php\/wp-json\/wp\/v2\/posts"}],"about":[{"href":"https:\/\/cdnoticias.com\/index.php\/wp-json\/wp\/v2\/types\/post"}],"author":[{"embeddable":true,"href":"https:\/\/cdnoticias.com\/index.php\/wp-json\/wp\/v2\/users\/5"}],"replies":[{"embeddable":true,"href":"https:\/\/cdnoticias.com\/index.php\/wp-json\/wp\/v2\/comments?post=10309"}],"version-history":[{"count":0,"href":"https:\/\/cdnoticias.com\/index.php\/wp-json\/wp\/v2\/posts\/10309\/revisions"}],"wp:featuredmedia":[{"embeddable":true,"href":"https:\/\/cdnoticias.com\/index.php\/wp-json\/wp\/v2\/media\/9830"}],"wp:attachment":[{"href":"https:\/\/cdnoticias.com\/index.php\/wp-json\/wp\/v2\/media?parent=10309"}],"wp:term":[{"taxonomy":"category","embeddable":true,"href":"https:\/\/cdnoticias.com\/index.php\/wp-json\/wp\/v2\/categories?post=10309"},{"taxonomy":"post_tag","embeddable":true,"href":"https:\/\/cdnoticias.com\/index.php\/wp-json\/wp\/v2\/tags?post=10309"}],"curies":[{"name":"wp","href":"https:\/\/api.w.org\/{rel}","templated":true}]}}