{"id":102973,"date":"2023-11-28T20:34:27","date_gmt":"2023-11-28T23:34:27","guid":{"rendered":"https:\/\/cdnoticias.com\/?p=102973"},"modified":"2023-11-29T11:36:57","modified_gmt":"2023-11-29T14:36:57","slug":"abastecimiento-de-agua-en-olavarria-entre-el-crecimiento-urbano-y-el-cambio-climatico","status":"publish","type":"post","link":"https:\/\/cdnoticias.com\/index.php\/2023\/11\/28\/abastecimiento-de-agua-en-olavarria-entre-el-crecimiento-urbano-y-el-cambio-climatico\/","title":{"rendered":"Abastecimiento de agua en Olavarr\u00eda, entre el crecimiento urbano y el cambio clim\u00e1tico"},"content":{"rendered":"<p>Son los dos ejes que plante\u00f3 el subgerente de Obras Sanitarias de Coopelectric, Emanuel Laportilla. El uso racional del recurso: \u201cten\u00edamos un pensamiento de que el agua era infinita\u201d dijo. Nuevos pozos antes del verano. La exploraci\u00f3n de la perforaci\u00f3n en roca.<!--more--><\/p>\n<hr \/>\n<p>Con el inicio de la temporada de calor<a href=\"https:\/\/cdnoticias.com\/index.php\/2023\/11\/27\/coopelectric-pidio-a-los-usuarios-hacer-un-uso-racional-del-agua\/\" target=\"_blank\" rel=\"noopener\"><strong> Coopelectric emiti\u00f3 un pedido de \u201cuso racional y solidario\u201d<\/strong> del agua a los vecinos de Olavarr\u00eda<\/a>. Sobre el tema, <strong>el subgerente de la divisi\u00f3n Obras Sanitarias de la cooperativa, Emanuel Laportilla<\/strong>, habl\u00f3 este martes en el programa Levantate por Radio Sapiens.<\/p>\n<p>&nbsp;<\/p>\n<p>\u201cEs lo que se ve a comienzo del per\u00edodo estival y de fin de a\u00f1o cuando ya los primeros picos de calor aparecen. <strong>A nosotros nos aumenta el consumo per c\u00e1pita de agua por el llenado de piletas y cosas.<\/strong> Los pozos que tenemos en funcionamiento durante todo el a\u00f1o andan bien, pero <strong>en este per\u00edodo se viene abajo la presi\u00f3n<\/strong>\u201d resumi\u00f3 el ingeniero sobre lo que sucede en esta \u00e9poca con el servicio.<\/p>\n<p>&nbsp;<\/p>\n<blockquote><p>Al momento de plantear el \u201cuso racional\u201d del recurso se refiri\u00f3 a limitar la limpieza de veredas con agua, el regado de c\u00e9sped, el llenado de piletas, el lavado de veh\u00edculos. Tambi\u00e9n apunt\u00f3 a las pr\u00e1cticas de lavado de alimentos y de higiene personal para evitar exceso de consumo. \u201cPerjudica mucho al resto de los vecinos este llenado de piletas y el regado de calles o de c\u00e9sped\u201d resumi\u00f3 sobre la baja de la presi\u00f3n en la red.<\/p><\/blockquote>\n<p>&nbsp;<\/p>\n<p>En contrapartida, Laportilla destac\u00f3 que la educaci\u00f3n acompa\u00f1a el cambio de pr\u00e1cticas cotidianas y la concientizaci\u00f3n sobre el uso del agua.<em> \u201cAhora creo que a las nuevas generaciones s\u00ed se les inculca en los jardines, en las escuelas\u201d<\/em> expres\u00f3.<\/p>\n<p>&nbsp;<\/p>\n<figure id=\"attachment_53147\" aria-describedby=\"caption-attachment-53147\" style=\"width: 800px\" class=\"wp-caption aligncenter\"><img data-recalc-dims=\"1\" loading=\"lazy\" decoding=\"async\" class=\"wp-image-53147 size-full\" src=\"https:\/\/i0.wp.com\/cdnoticias.com\/wp-content\/uploads\/2022\/04\/planta-de-liquidos-cloacales-recorrida-11-emanuel-laportilla-nora-prieto.jpg?resize=800%2C445&#038;ssl=1\" alt=\"\" width=\"800\" height=\"445\" srcset=\"https:\/\/i0.wp.com\/cdnoticias.com\/wp-content\/uploads\/2022\/04\/planta-de-liquidos-cloacales-recorrida-11-emanuel-laportilla-nora-prieto.jpg?w=800&amp;ssl=1 800w, https:\/\/i0.wp.com\/cdnoticias.com\/wp-content\/uploads\/2022\/04\/planta-de-liquidos-cloacales-recorrida-11-emanuel-laportilla-nora-prieto.jpg?resize=300%2C167&amp;ssl=1 300w, https:\/\/i0.wp.com\/cdnoticias.com\/wp-content\/uploads\/2022\/04\/planta-de-liquidos-cloacales-recorrida-11-emanuel-laportilla-nora-prieto.jpg?resize=768%2C427&amp;ssl=1 768w\" sizes=\"auto, (max-width: 800px) 100vw, 800px\" \/><figcaption id=\"caption-attachment-53147\" class=\"wp-caption-text\">El subgerente de Obras Sanitarias, Emanuel Laportilla, en la planta de depuraci\u00f3n de l\u00edquidos cloacales.<\/figcaption><\/figure>\n<p>&nbsp;<\/p>\n<h2>Problemas de fondo<\/h2>\n<p>&nbsp;<\/p>\n<blockquote><p>El subgerente coment\u00f3 que el servicio en Olavarr\u00eda enfrenta un doble desaf\u00edo: \u201cel crecimiento de la ciudad y el cambio clim\u00e1tico tambi\u00e9n nos perjudica, porque ten\u00edamos un pensamiento de que el agua era infinita y nos estamos dando cuenta que no es as\u00ed\u201d. Con ello se refiri\u00f3 al aumento de las conexiones al servicio y la expansi\u00f3n de la red, y a los fen\u00f3menos de sequ\u00eda y baja del r\u00e9gimen de lluvias, respectivamente.<\/p><\/blockquote>\n<p>&nbsp;<\/p>\n<p>M\u00e1s adelante agreg\u00f3 que \u201cm\u00e1s all\u00e1 de esta \u00e9poca que es de mucho consumo y que nos quedamos sin presi\u00f3n por eso, tambi\u00e9n<strong> nos vamos a quedar sin presi\u00f3n si la ciudad sigue extendi\u00e9ndose\u201d<\/strong>.<\/p>\n<p>&nbsp;<\/p>\n<p>Luego sigui\u00f3 con la actual ubicaci\u00f3n de los 49 pozos de extracci\u00f3n en funcionamiento, que ya han quedado rodeados por la ciudad.<strong> \u201cCada vez menos vamos a tener que ir m\u00e1s afuera para para encontrar agua\u201d<\/strong> indic\u00f3 para advertir con ello sobre <strong>otro problema: las condiciones geol\u00f3gicas<\/strong>.<\/p>\n<p>&nbsp;<\/p>\n<p><strong>\u201cOlavarr\u00eda est\u00e1 rodeada de un cord\u00f3n serrano. No es f\u00e1cil conseguir agua en piedra.<\/strong> Hoy estamos empezando a estar limitados en ese sentido. Los pozos de obras sanitarias que estaban muy lejos antes, atr\u00e1s del Barrio Ceco, est\u00e1n quedando ya rodeados por la ciudad. Vamos a tener que ir a buscar nuevos lugares\u201d adelant\u00f3.<\/p>\n<p>&nbsp;<\/p>\n<figure id=\"attachment_72149\" aria-describedby=\"caption-attachment-72149\" style=\"width: 800px\" class=\"wp-caption aligncenter\"><img data-recalc-dims=\"1\" loading=\"lazy\" decoding=\"async\" class=\"wp-image-72149 size-full\" src=\"https:\/\/i0.wp.com\/cdnoticias.com\/wp-content\/uploads\/2022\/12\/pozo-agua-guisasola-y-suarez-0.jpg?resize=800%2C445&#038;ssl=1\" alt=\"\" width=\"800\" height=\"445\" srcset=\"https:\/\/i0.wp.com\/cdnoticias.com\/wp-content\/uploads\/2022\/12\/pozo-agua-guisasola-y-suarez-0.jpg?w=800&amp;ssl=1 800w, https:\/\/i0.wp.com\/cdnoticias.com\/wp-content\/uploads\/2022\/12\/pozo-agua-guisasola-y-suarez-0.jpg?resize=300%2C167&amp;ssl=1 300w, https:\/\/i0.wp.com\/cdnoticias.com\/wp-content\/uploads\/2022\/12\/pozo-agua-guisasola-y-suarez-0.jpg?resize=768%2C427&amp;ssl=1 768w\" sizes=\"auto, (max-width: 800px) 100vw, 800px\" \/><figcaption id=\"caption-attachment-72149\" class=\"wp-caption-text\">Uno de los \u00faltimos pozos de extracci\u00f3n de agua inaugurados: se ubica en Parque Evita.<\/figcaption><\/figure>\n<p>&nbsp;<\/p>\n<h2>El sector m\u00e1s complicado y los nuevos pozos<\/h2>\n<p>&nbsp;<\/p>\n<p>El subgerente de Obras Sanitarias hizo hincapi\u00e9 en que <strong>los 49 pozos \u201cest\u00e1n funcionando a pleno\u201d.<\/strong><\/p>\n<p>&nbsp;<\/p>\n<blockquote><p>\u201cSeguramente en esta semana ya vamos a poner en funcionamiento el pozo 50 que va a estar ubicado dentro del barrio Parque Bancario, entre Bancario II y III. Y despu\u00e9s vamos a poner en funcionamiento el pozo n\u00famero 51 que est\u00e1 ubicado en prolongaci\u00f3n de la avenida Pringles y calle 2. Esos dos pozos nos van a ayudar en este per\u00edodo estival\u201d remarc\u00f3.<\/p><\/blockquote>\n<p>&nbsp;<\/p>\n<p>Ante la consulta por los sectores donde <strong>es m\u00e1s dif\u00edcil construir pozos de extracci\u00f3n<\/strong>, Emanuel Laportilla se refiri\u00f3 al <strong>sector norte de la planta urbana<\/strong>, que es hacia donde crece la ciudad.<\/p>\n<p>&nbsp;<\/p>\n<figure id=\"attachment_95701\" aria-describedby=\"caption-attachment-95701\" style=\"width: 800px\" class=\"wp-caption aligncenter\"><img data-recalc-dims=\"1\" loading=\"lazy\" decoding=\"async\" class=\"wp-image-95701 size-full\" src=\"https:\/\/i0.wp.com\/cdnoticias.com\/wp-content\/uploads\/2023\/09\/tomenta-lluvia-03.jpg?resize=800%2C600&#038;ssl=1\" alt=\"\" width=\"800\" height=\"600\" srcset=\"https:\/\/i0.wp.com\/cdnoticias.com\/wp-content\/uploads\/2023\/09\/tomenta-lluvia-03.jpg?w=800&amp;ssl=1 800w, https:\/\/i0.wp.com\/cdnoticias.com\/wp-content\/uploads\/2023\/09\/tomenta-lluvia-03.jpg?resize=300%2C225&amp;ssl=1 300w, https:\/\/i0.wp.com\/cdnoticias.com\/wp-content\/uploads\/2023\/09\/tomenta-lluvia-03.jpg?resize=768%2C576&amp;ssl=1 768w\" sizes=\"auto, (max-width: 800px) 100vw, 800px\" \/><figcaption id=\"caption-attachment-95701\" class=\"wp-caption-text\">El cambio clim\u00e1tico con baja en el r\u00e9gimen de lluvias afecta la provisi\u00f3n de agua para la red.<\/figcaption><\/figure>\n<p>&nbsp;<\/p>\n<p>\u201cHay algunos sectores que est\u00e1n m\u00e1s complicados como la zona norte\u201d aclar\u00f3 luego para agregar que se hacen estudios hidrol\u00f3gicos y muestreos \u201ccomo para poder tener una bater\u00eda de pozos nuevos\u201d. Explic\u00f3 que <strong>\u201cen los \u00faltimos dos a\u00f1os hemos empezado a explorar con perforaci\u00f3n en roca\u201d<\/strong>.<\/p>\n<p>&nbsp;<\/p>\n<p>Laportilla mencion\u00f3 <em>el sector de Virgen de la Loma \u2013\u201cera un cord\u00f3n serrano que es una meseta pero que florece roca para el lado del arroyo Tapalqu\u00e9\u201d-, pasando ruta 60, incluyendo parque Evita, los barrios Piquelado y Dorrego<\/em>.<\/p>\n<p>&nbsp;<\/p>\n<blockquote><p>Con esas condiciones, \u201cpor muchos a\u00f1os no pod\u00edamos perforar a m\u00e1s de 12 metros en ese sector. Empezamos desde el a\u00f1o pasado, <a href=\"https:\/\/cdnoticias.com\/index.php\/2022\/12\/10\/coopelectric-anuncio-la-anexion-de-dos-nuevos-pozos-de-extraccion-de-agua\/\" target=\"_blank\" rel=\"noopener\">hicimos dos pozos en el parque Evita<\/a> donde empezamos a perforar roca. Perforar roca es una limitante, por los costos y el caudal que te aporta\u201d.<\/p><\/blockquote>\n<p>&nbsp;<\/p>\n","protected":false},"excerpt":{"rendered":"<p>Son los dos ejes que plante\u00f3 el subgerente de Obras Sanitarias de Coopelectric, Emanuel Laportilla. El uso racional del recurso:<\/p>\n","protected":false},"author":4,"featured_media":83307,"comment_status":"closed","ping_status":"closed","sticky":false,"template":"","format":"standard","meta":{"_jetpack_memberships_contains_paid_content":false,"footnotes":""},"categories":[5,1],"tags":[],"class_list":["post-102973","post","type-post","status-publish","format-standard","has-post-thumbnail","hentry","category-informacion-general","category-portada"],"jetpack_featured_media_url":"https:\/\/i0.wp.com\/cdnoticias.com\/wp-content\/uploads\/2023\/04\/obras-sanitarias-coopelectric-03.jpg?fit=800%2C445&ssl=1","jetpack_sharing_enabled":true,"_links":{"self":[{"href":"https:\/\/cdnoticias.com\/index.php\/wp-json\/wp\/v2\/posts\/102973","targetHints":{"allow":["GET"]}}],"collection":[{"href":"https:\/\/cdnoticias.com\/index.php\/wp-json\/wp\/v2\/posts"}],"about":[{"href":"https:\/\/cdnoticias.com\/index.php\/wp-json\/wp\/v2\/types\/post"}],"author":[{"embeddable":true,"href":"https:\/\/cdnoticias.com\/index.php\/wp-json\/wp\/v2\/users\/4"}],"replies":[{"embeddable":true,"href":"https:\/\/cdnoticias.com\/index.php\/wp-json\/wp\/v2\/comments?post=102973"}],"version-history":[{"count":0,"href":"https:\/\/cdnoticias.com\/index.php\/wp-json\/wp\/v2\/posts\/102973\/revisions"}],"wp:featuredmedia":[{"embeddable":true,"href":"https:\/\/cdnoticias.com\/index.php\/wp-json\/wp\/v2\/media\/83307"}],"wp:attachment":[{"href":"https:\/\/cdnoticias.com\/index.php\/wp-json\/wp\/v2\/media?parent=102973"}],"wp:term":[{"taxonomy":"category","embeddable":true,"href":"https:\/\/cdnoticias.com\/index.php\/wp-json\/wp\/v2\/categories?post=102973"},{"taxonomy":"post_tag","embeddable":true,"href":"https:\/\/cdnoticias.com\/index.php\/wp-json\/wp\/v2\/tags?post=102973"}],"curies":[{"name":"wp","href":"https:\/\/api.w.org\/{rel}","templated":true}]}}