{"id":102917,"date":"2023-11-27T19:01:17","date_gmt":"2023-11-27T22:01:17","guid":{"rendered":"https:\/\/cdnoticias.com\/?p=102917"},"modified":"2023-11-28T08:11:28","modified_gmt":"2023-11-28T11:11:28","slug":"verano-dorado-abrio-la-inscripcion-para-la-nueva-temporada","status":"publish","type":"post","link":"https:\/\/cdnoticias.com\/index.php\/2023\/11\/27\/verano-dorado-abrio-la-inscripcion-para-la-nueva-temporada\/","title":{"rendered":"Verano Dorado: abri\u00f3 la inscripci\u00f3n para la nueva temporada"},"content":{"rendered":"\n<p>Hay tiempo de anotarse y presentar la documentaci\u00f3n correspondiente hasta el viernes 15 de diciembre inclusive.<\/p>\n\n\n\n<hr class=\"wp-block-separator aligncenter has-alpha-channel-opacity\"\/>\n\n\n\n<p>Desde la Subsecretar\u00eda de Deportes, a trav\u00e9s de la Direcci\u00f3n de Deporte Social, se inform\u00f3 que ya<strong> se encuentra abierta la inscripci\u00f3n para una nueva temporada de Verano Dorado, <\/strong>el Programa Municipal que ofrece a <strong>personas mayores <\/strong>la posibilidad de disfrutar de numerosas actividades recreativas y de pileta durante el receso estival, todo con epicentro en la Base Bonino.<\/p>\n\n\n\n<p><\/p>\n\n\n\n<p>Las personas interesadas pueden <strong>acercarse la oficina ubicada en la sede de la Casa del Deporte, en avenida Del Valle 3549, en el horario de 9 a 12 horas.<\/strong> Deber\u00e1n presentar documento nacional de identidad, carnet de obra social, direcci\u00f3n real de domicilio.<\/p>\n\n\n\n<p><\/p>\n\n\n\n<blockquote class=\"wp-block-quote is-layout-flow wp-block-quote-is-layout-flow\">\n<p>Se detall\u00f3 que tendr\u00e1n tiempo de anotarse y presentar la documentaci\u00f3n correspondiente hasta el viernes 15 de diciembre inclusive.<\/p>\n<\/blockquote>\n\n\n\n<p><\/p>\n\n\n\n<p>El Programa Verano Dorado contempla, entre otras propuestas, ense\u00f1anza de nataci\u00f3n, clases de gimnasia, caminatas y la pr\u00e1ctica y competencias de tejo, sapo y newcom.<\/p>\n","protected":false},"excerpt":{"rendered":"<p>Hay tiempo de anotarse y presentar la documentaci\u00f3n correspondiente hasta el viernes 15 de diciembre inclusive. Desde la Subsecretar\u00eda de<\/p>\n","protected":false},"author":6,"featured_media":38397,"comment_status":"closed","ping_status":"closed","sticky":false,"template":"","format":"standard","meta":{"_jetpack_memberships_contains_paid_content":false,"footnotes":""},"categories":[5,1],"tags":[],"class_list":["post-102917","post","type-post","status-publish","format-standard","has-post-thumbnail","hentry","category-informacion-general","category-portada"],"jetpack_featured_media_url":"https:\/\/i0.wp.com\/cdnoticias.com\/wp-content\/uploads\/2021\/11\/Cierre-Verano-Dorado-5-1024x683.jpg?fit=1024%2C683&ssl=1","jetpack_sharing_enabled":true,"_links":{"self":[{"href":"https:\/\/cdnoticias.com\/index.php\/wp-json\/wp\/v2\/posts\/102917","targetHints":{"allow":["GET"]}}],"collection":[{"href":"https:\/\/cdnoticias.com\/index.php\/wp-json\/wp\/v2\/posts"}],"about":[{"href":"https:\/\/cdnoticias.com\/index.php\/wp-json\/wp\/v2\/types\/post"}],"author":[{"embeddable":true,"href":"https:\/\/cdnoticias.com\/index.php\/wp-json\/wp\/v2\/users\/6"}],"replies":[{"embeddable":true,"href":"https:\/\/cdnoticias.com\/index.php\/wp-json\/wp\/v2\/comments?post=102917"}],"version-history":[{"count":0,"href":"https:\/\/cdnoticias.com\/index.php\/wp-json\/wp\/v2\/posts\/102917\/revisions"}],"wp:featuredmedia":[{"embeddable":true,"href":"https:\/\/cdnoticias.com\/index.php\/wp-json\/wp\/v2\/media\/38397"}],"wp:attachment":[{"href":"https:\/\/cdnoticias.com\/index.php\/wp-json\/wp\/v2\/media?parent=102917"}],"wp:term":[{"taxonomy":"category","embeddable":true,"href":"https:\/\/cdnoticias.com\/index.php\/wp-json\/wp\/v2\/categories?post=102917"},{"taxonomy":"post_tag","embeddable":true,"href":"https:\/\/cdnoticias.com\/index.php\/wp-json\/wp\/v2\/tags?post=102917"}],"curies":[{"name":"wp","href":"https:\/\/api.w.org\/{rel}","templated":true}]}}