{"id":102886,"date":"2023-11-27T11:49:14","date_gmt":"2023-11-27T14:49:14","guid":{"rendered":"https:\/\/cdnoticias.com\/?p=102886"},"modified":"2023-11-27T11:49:15","modified_gmt":"2023-11-27T14:49:15","slug":"ruta-3-dos-jovenes-murieron-en-un-violento-accidente-frontal","status":"publish","type":"post","link":"https:\/\/cdnoticias.com\/index.php\/2023\/11\/27\/ruta-3-dos-jovenes-murieron-en-un-violento-accidente-frontal\/","title":{"rendered":"Ruta 3: dos j\u00f3venes murieron en un violento accidente frontal"},"content":{"rendered":"\n<p>Fue entre un cami\u00f3n y un auto. Las v\u00edctimas iban en el rodado menor. Un tercer ocupante del auto fue trasladado al Hospital Pinto de Azul en grave estado.<\/p>\n\n\n\n<hr class=\"wp-block-separator aligncenter has-alpha-channel-opacity\"\/>\n\n\n\n<p>En la jornada del domingo, <strong>dos j\u00f3venes fallecieron en un violent\u00edsimo accidente en ruta 3 a la altura del kil\u00f3metro 295 en jurisdicci\u00f3n de Azul.<\/strong><\/p>\n\n\n\n<p>Seg\u00fan lo informado por <strong>Diario El Tiempo de Azul,<\/strong> un cami\u00f3n semirremolque se trasladaba en direcci\u00f3n a Azul e impact\u00f3 contra un acoplado que tiraba una camioneta Ford Ranger que circulaba en el mismo sentido.<\/p>\n\n\n\n<p><strong>Ese choque hizo que el cami\u00f3n se cruzara de mano y, de frente, ven\u00eda un autom\u00f3vil Chevrolet Classic (ocupado por tres personas) que impact\u00f3 frontalmente contra el cami\u00f3n despistado.<\/strong><\/p>\n\n\n\n<figure class=\"wp-block-image size-full\"><img data-recalc-dims=\"1\" loading=\"lazy\" decoding=\"async\" width=\"800\" height=\"450\" src=\"https:\/\/i0.wp.com\/cdnoticias.com\/wp-content\/uploads\/2023\/11\/1701084400.jpeg?resize=800%2C450&#038;ssl=1\" alt=\"\" class=\"wp-image-102887\" srcset=\"https:\/\/i0.wp.com\/cdnoticias.com\/wp-content\/uploads\/2023\/11\/1701084400.jpeg?w=948&amp;ssl=1 948w, https:\/\/i0.wp.com\/cdnoticias.com\/wp-content\/uploads\/2023\/11\/1701084400.jpeg?resize=300%2C169&amp;ssl=1 300w, https:\/\/i0.wp.com\/cdnoticias.com\/wp-content\/uploads\/2023\/11\/1701084400.jpeg?resize=768%2C432&amp;ssl=1 768w\" sizes=\"auto, (max-width: 800px) 100vw, 800px\" \/><\/figure>\n\n\n\n<p>Producto del violento choque,<strong> dos de los tres tripulantes fallecieron en el acto. Fueron identificados como Pablo S\u00e1nchez (24 a\u00f1os) y Nahuel Fernando Vega (23)<\/strong>, conductor y acompa\u00f1ante respectivamente, todos con domicilio en Glew, partido de Almirante Brown.<\/p>\n\n\n\n<p><strong>Un tercer ocupante del veh\u00edculo de menor porte pudo ser rescatado del veh\u00edculo y fue trasladado al Hospital Pintos de Azul con heridas graves. <\/strong>Fue identificado como Brian Lionel Freitas, de 23 a\u00f1os.<\/p>\n\n\n\n<p><strong>La ruta estuvo reducida al tr\u00e1nsito hasta las 22 horas<\/strong>, tras las tareas realizadas por Bomberos de Azul, personal de Seguridad Vial y efectivos de Polic\u00eda Cient\u00edfica que realizaron las tareas de peritaje correspondiente en el lugar. <strong>Tambi\u00e9n intervino personal m\u00e9dico y de corredores viales.<\/strong><\/p>\n\n\n\n<p>El sumario penal que se inici\u00f3 fue caratulado como<strong><em> &#8220;doble homicidio culposo y lesiones culposas&#8221;<\/em><\/strong> y qued\u00f3 radicado en la UFI 6 que en los tribunales de Azul est\u00e1 a cargo de la fiscal Karina Gennuso.<\/p>\n","protected":false},"excerpt":{"rendered":"<p>Fue entre un cami\u00f3n y un auto. Las v\u00edctimas iban en el rodado menor. Un tercer ocupante del auto fue<\/p>\n","protected":false},"author":2,"featured_media":102888,"comment_status":"closed","ping_status":"closed","sticky":false,"template":"","format":"standard","meta":{"_jetpack_memberships_contains_paid_content":false,"footnotes":""},"categories":[14,1],"tags":[],"class_list":["post-102886","post","type-post","status-publish","format-standard","has-post-thumbnail","hentry","category-policiales","category-portada"],"jetpack_featured_media_url":"https:\/\/i0.wp.com\/cdnoticias.com\/wp-content\/uploads\/2023\/11\/1701084425.jpeg?fit=948%2C533&ssl=1","jetpack_sharing_enabled":true,"_links":{"self":[{"href":"https:\/\/cdnoticias.com\/index.php\/wp-json\/wp\/v2\/posts\/102886","targetHints":{"allow":["GET"]}}],"collection":[{"href":"https:\/\/cdnoticias.com\/index.php\/wp-json\/wp\/v2\/posts"}],"about":[{"href":"https:\/\/cdnoticias.com\/index.php\/wp-json\/wp\/v2\/types\/post"}],"author":[{"embeddable":true,"href":"https:\/\/cdnoticias.com\/index.php\/wp-json\/wp\/v2\/users\/2"}],"replies":[{"embeddable":true,"href":"https:\/\/cdnoticias.com\/index.php\/wp-json\/wp\/v2\/comments?post=102886"}],"version-history":[{"count":0,"href":"https:\/\/cdnoticias.com\/index.php\/wp-json\/wp\/v2\/posts\/102886\/revisions"}],"wp:featuredmedia":[{"embeddable":true,"href":"https:\/\/cdnoticias.com\/index.php\/wp-json\/wp\/v2\/media\/102888"}],"wp:attachment":[{"href":"https:\/\/cdnoticias.com\/index.php\/wp-json\/wp\/v2\/media?parent=102886"}],"wp:term":[{"taxonomy":"category","embeddable":true,"href":"https:\/\/cdnoticias.com\/index.php\/wp-json\/wp\/v2\/categories?post=102886"},{"taxonomy":"post_tag","embeddable":true,"href":"https:\/\/cdnoticias.com\/index.php\/wp-json\/wp\/v2\/tags?post=102886"}],"curies":[{"name":"wp","href":"https:\/\/api.w.org\/{rel}","templated":true}]}}