{"id":102882,"date":"2023-11-27T11:30:10","date_gmt":"2023-11-27T14:30:10","guid":{"rendered":"https:\/\/cdnoticias.com\/?p=102882"},"modified":"2023-11-27T11:30:11","modified_gmt":"2023-11-27T14:30:11","slug":"edith-matilde-gonzalez-viuda-de-martinez-q-e-p-d","status":"publish","type":"post","link":"https:\/\/cdnoticias.com\/index.php\/2023\/11\/27\/edith-matilde-gonzalez-viuda-de-martinez-q-e-p-d\/","title":{"rendered":"Edith Matilde Gonz\u00e1lez viuda de Mart\u00ednez (Q.E.P.D.)"},"content":{"rendered":"<p>Falleci\u00f3 en Olavarr\u00eda el d\u00eda 27 de noviembre de 2023 a los 88 a\u00f1os de edad.<\/p>\n<p>Sus hijos: Matilde, Laura, Jos\u00e9 Luis e Ignacio Mart\u00ednez. Sus nietos: Sara y Ana Kette, Macarena y P\u00eda Losada, Juan Ignacio y Francisca Mart\u00ednez. Sus hijos pol\u00edticos: Marcelo y Claudia. Sus primos, sobrinos. Sus colaboradoras: Sandra, Romina, Lorena y dem\u00e1s deudos participan su fallecimiento.<\/p>\n<p>Velatorio: Espa\u00f1a 2942, Departamento C. Comienza lunes 27\/11 a las 13:30 hs. Responso: Capilla Ardiente. Inhumaci\u00f3n: Cementerio Loma de Paz, martes 28\/11 a las 9:30 hs. Servicio adherido a Coopelectric.<\/p>\n<p>Barrio en el que viv\u00eda: Sarmiento<br \/>\nLugar de nacimiento: Tapalqu\u00e9<br \/>\nActividad que desarrollaba: Jubilada y Pensionada<\/p>\n","protected":false},"excerpt":{"rendered":"<p>Falleci\u00f3 en Olavarr\u00eda el d\u00eda 27 de noviembre de 2023 a los 88 a\u00f1os de edad. Sus hijos: Matilde, Laura,<\/p>\n","protected":false},"author":4,"featured_media":51544,"comment_status":"closed","ping_status":"closed","sticky":false,"template":"","format":"standard","meta":{"_jetpack_memberships_contains_paid_content":false,"footnotes":""},"categories":[10],"tags":[],"class_list":["post-102882","post","type-post","status-publish","format-standard","has-post-thumbnail","hentry","category-necrologicas"],"jetpack_featured_media_url":"https:\/\/i0.wp.com\/cdnoticias.com\/wp-content\/uploads\/2022\/04\/necrologicas-390-x-240.jpg?fit=390%2C240&ssl=1","jetpack_sharing_enabled":true,"_links":{"self":[{"href":"https:\/\/cdnoticias.com\/index.php\/wp-json\/wp\/v2\/posts\/102882","targetHints":{"allow":["GET"]}}],"collection":[{"href":"https:\/\/cdnoticias.com\/index.php\/wp-json\/wp\/v2\/posts"}],"about":[{"href":"https:\/\/cdnoticias.com\/index.php\/wp-json\/wp\/v2\/types\/post"}],"author":[{"embeddable":true,"href":"https:\/\/cdnoticias.com\/index.php\/wp-json\/wp\/v2\/users\/4"}],"replies":[{"embeddable":true,"href":"https:\/\/cdnoticias.com\/index.php\/wp-json\/wp\/v2\/comments?post=102882"}],"version-history":[{"count":0,"href":"https:\/\/cdnoticias.com\/index.php\/wp-json\/wp\/v2\/posts\/102882\/revisions"}],"wp:featuredmedia":[{"embeddable":true,"href":"https:\/\/cdnoticias.com\/index.php\/wp-json\/wp\/v2\/media\/51544"}],"wp:attachment":[{"href":"https:\/\/cdnoticias.com\/index.php\/wp-json\/wp\/v2\/media?parent=102882"}],"wp:term":[{"taxonomy":"category","embeddable":true,"href":"https:\/\/cdnoticias.com\/index.php\/wp-json\/wp\/v2\/categories?post=102882"},{"taxonomy":"post_tag","embeddable":true,"href":"https:\/\/cdnoticias.com\/index.php\/wp-json\/wp\/v2\/tags?post=102882"}],"curies":[{"name":"wp","href":"https:\/\/api.w.org\/{rel}","templated":true}]}}