{"id":10287,"date":"2020-12-30T17:58:04","date_gmt":"2020-12-30T20:58:04","guid":{"rendered":"http:\/\/www.centraldenoticias.com.ar\/?p=10287"},"modified":"2020-12-30T17:59:56","modified_gmt":"2020-12-30T20:59:56","slug":"10287","status":"publish","type":"post","link":"https:\/\/cdnoticias.com\/index.php\/2020\/12\/30\/10287\/","title":{"rendered":"Uni\u00f3n Industrial: \u201cPor un 2021 de  manos a la obra e industrias de pie\u201d"},"content":{"rendered":"<p>La Uni\u00f3n Industrial difundi\u00f3 un video en el que se muestran los logros y tareas realizadas durante el a\u00f1o que se va. \u201cEl 2020 ha sido un a\u00f1o de acciones\u201d, se enfatiz\u00f3.<\/p>\n<p><!--more--><\/p>\n<hr \/>\n<p>Como sucede ante cada cierre de a\u00f1o, llega el momento del an\u00e1lisis y el balance del per\u00edodo que concluye. As\u00ed se lo hizo desde la Uni\u00f3n Industrial, que<strong> difundi\u00f3 un video institucional en el que en cerca de tres minutos se repasa parte de lo realizado durante el 2020, adem\u00e1s de enviar los mejores deseos de cara al a\u00f1o que arriba<\/strong>.<\/p>\n<p>&nbsp;<\/p>\n<p>En el inicio de ese registro se pone el \u00e9nfasis en lo hecho no solo en beneficio de los 130 asociados a los que representan, sino por toda la comunidad olavarriense en general, ya que desde esa entidad se lograron reunir <strong>cerca de 6 millones de pesos que \u201cfueron destinados al sistema de salud\u201d para reforzarlo ante la emergencia sanitaria del coronavirus<\/strong>. En ese apartado se dio cuenta de c\u00f3mo esa contribuci\u00f3n permiti\u00f3 la compra de tres respiradores, equipamiento para el laboratorio biomolecular e insumos hospitalarios.<\/p>\n<p>&nbsp;<\/p>\n<div class=\"jetpack-video-wrapper\"><iframe loading=\"lazy\" width=\"800\" height=\"450\" src=\"https:\/\/www.youtube.com\/embed\/KKlUlwW0v9o?feature=oembed\" frameborder=\"0\" allow=\"accelerometer; autoplay; clipboard-write; encrypted-media; gyroscope; picture-in-picture\" allowfullscreen><\/iframe><\/div>\n<p>&nbsp;<\/p>\n<p>Ya en lo particular y vinculado a la actividad de industria y servicios de la firmas a las que nuclean, se enumeraron importantes logros como lo fueron el <strong>tendido de fibra \u00f3ptica para el PIO V, haber destrabado embargos a Pymes, beneficios con firmas de correspondencia privada o nexos con los bancos Naci\u00f3n y Provincia<\/strong>, por solo mencionar algunas.<\/p>\n<p>&nbsp;<\/p>\n<p>Tambi\u00e9n es importante la menci\u00f3n a la articulaci\u00f3n con la Facultad de Ingenier\u00eda y el Centro de Formaci\u00f3n Profesional 401 \u201cpara redefinir demandas y oficios\u201d. Pero sin dudas una de las novedades m\u00e1s transcendente y reciente es la inauguraci\u00f3n de la <strong>nueva sede ubicada sobre Coronel Su\u00e1rez al 2500, \u201cpara estar m\u00e1s cerca de nuestros asociados\u201d, se enfatiz\u00f3. En el lugar se cuenta adem\u00e1s con cajeros del sistema Ripsa, lo que permite cobrar todo tipo de servicios \u201csin monto l\u00edmite de factura\u201d.<\/strong><\/p>\n<p>&nbsp;<\/p>\n<p><img data-recalc-dims=\"1\" loading=\"lazy\" decoding=\"async\" class=\"alignnone size-large wp-image-10289\" src=\"https:\/\/i0.wp.com\/cdnoticias.com\/wp-content\/uploads\/2020\/12\/ui.jpg?resize=800%2C441&#038;ssl=1\" alt=\"\" width=\"800\" height=\"441\" srcset=\"https:\/\/i0.wp.com\/cdnoticias.com\/wp-content\/uploads\/2020\/12\/ui.jpg?resize=1024%2C564&amp;ssl=1 1024w, https:\/\/i0.wp.com\/cdnoticias.com\/wp-content\/uploads\/2020\/12\/ui.jpg?resize=300%2C165&amp;ssl=1 300w, https:\/\/i0.wp.com\/cdnoticias.com\/wp-content\/uploads\/2020\/12\/ui.jpg?resize=768%2C423&amp;ssl=1 768w, https:\/\/i0.wp.com\/cdnoticias.com\/wp-content\/uploads\/2020\/12\/ui.jpg?w=1099&amp;ssl=1 1099w\" sizes=\"auto, (max-width: 800px) 100vw, 800px\" \/><\/p>\n<p>&nbsp;<\/p>\n<p>\u201cHa sido un 2020 de acciones, con las cuentas en orden y una gesti\u00f3n transparente\u201d, se subray\u00f3 en el video en el que tambi\u00e9n hubo espacio para el <strong>recuerdo de Carlos Orifici, una muerte a la que se defini\u00f3 como el \u201cgolpe m\u00e1s duro\u201d que se debi\u00f3 afrontar<\/strong>. \u201cUn hacedor y gran l\u00edder\u201d, fue la manera de la que se defini\u00f3 al empresario que fuera presidente de la Uni\u00f3n Industrial. <strong>\u201cNuestro faro\u201d<\/strong>, se agreg\u00f3.<\/p>\n<p>&nbsp;<\/p>\n<p>En ese apartado, que tambi\u00e9n da cierre a la difusi\u00f3n, se puso el acento en <strong>\u201cseguir ese enorme legado. Renovar el compromiso. En nombre de la Uni\u00f3n Industrial decimos gracias, y brindamos por un 2021 de manos a la obra e industrias de pie\u201d<\/strong>.<\/p>\n","protected":false},"excerpt":{"rendered":"<p>La Uni\u00f3n Industrial difundi\u00f3 un video en el que se muestran los logros y tareas realizadas durante el a\u00f1o que<\/p>\n","protected":false},"author":3,"featured_media":10288,"comment_status":"closed","ping_status":"closed","sticky":false,"template":"","format":"standard","meta":{"_jetpack_memberships_contains_paid_content":false,"footnotes":""},"categories":[5,1],"tags":[],"class_list":["post-10287","post","type-post","status-publish","format-standard","has-post-thumbnail","hentry","category-informacion-general","category-portada"],"jetpack_featured_media_url":"https:\/\/i0.wp.com\/cdnoticias.com\/wp-content\/uploads\/2020\/12\/ui02.jpg?fit=1142%2C613&ssl=1","jetpack_sharing_enabled":true,"_links":{"self":[{"href":"https:\/\/cdnoticias.com\/index.php\/wp-json\/wp\/v2\/posts\/10287","targetHints":{"allow":["GET"]}}],"collection":[{"href":"https:\/\/cdnoticias.com\/index.php\/wp-json\/wp\/v2\/posts"}],"about":[{"href":"https:\/\/cdnoticias.com\/index.php\/wp-json\/wp\/v2\/types\/post"}],"author":[{"embeddable":true,"href":"https:\/\/cdnoticias.com\/index.php\/wp-json\/wp\/v2\/users\/3"}],"replies":[{"embeddable":true,"href":"https:\/\/cdnoticias.com\/index.php\/wp-json\/wp\/v2\/comments?post=10287"}],"version-history":[{"count":0,"href":"https:\/\/cdnoticias.com\/index.php\/wp-json\/wp\/v2\/posts\/10287\/revisions"}],"wp:featuredmedia":[{"embeddable":true,"href":"https:\/\/cdnoticias.com\/index.php\/wp-json\/wp\/v2\/media\/10288"}],"wp:attachment":[{"href":"https:\/\/cdnoticias.com\/index.php\/wp-json\/wp\/v2\/media?parent=10287"}],"wp:term":[{"taxonomy":"category","embeddable":true,"href":"https:\/\/cdnoticias.com\/index.php\/wp-json\/wp\/v2\/categories?post=10287"},{"taxonomy":"post_tag","embeddable":true,"href":"https:\/\/cdnoticias.com\/index.php\/wp-json\/wp\/v2\/tags?post=10287"}],"curies":[{"name":"wp","href":"https:\/\/api.w.org\/{rel}","templated":true}]}}