{"id":102852,"date":"2023-11-26T19:45:55","date_gmt":"2023-11-26T22:45:55","guid":{"rendered":"https:\/\/cdnoticias.com\/?p=102852"},"modified":"2023-11-26T19:45:56","modified_gmt":"2023-11-26T22:45:56","slug":"las-pistas-de-un-futuro-olavarriense-de-total-incertidumbre","status":"publish","type":"post","link":"https:\/\/cdnoticias.com\/index.php\/2023\/11\/26\/las-pistas-de-un-futuro-olavarriense-de-total-incertidumbre\/","title":{"rendered":"Las pistas de un futuro olavarriense de total incertidumbre"},"content":{"rendered":"\n<p>Las dos caras de la transici\u00f3n. Hablaron Wesner y Galli: uno manifest\u00f3 preocupaci\u00f3n por el corte de la obra p\u00fablica, el otro se ubica en el \u201csantillismo\u201d. El Concejo Deliberante y la elecci\u00f3n de autoridades, \u00bfcon sorpresas?<\/p>\n\n\n\n<hr class=\"wp-block-separator aligncenter has-alpha-channel-opacity\"\/>\n\n\n\n<p><em>Por Volver a las Fuentes, de Josefina Bargas y Alexis Grierson<\/em><\/p>\n\n\n\n<p class=\"has-medium-font-size\"><strong>El nuevo escenario<\/strong><\/p>\n\n\n\n<figure class=\"wp-block-image size-full\"><img data-recalc-dims=\"1\" loading=\"lazy\" decoding=\"async\" width=\"800\" height=\"531\" src=\"https:\/\/i0.wp.com\/cdnoticias.com\/wp-content\/uploads\/2023\/11\/FestejosLLA-37.jpg?resize=800%2C531&#038;ssl=1\" alt=\"\" class=\"wp-image-102258\" srcset=\"https:\/\/i0.wp.com\/cdnoticias.com\/wp-content\/uploads\/2023\/11\/FestejosLLA-37.jpg?w=1024&amp;ssl=1 1024w, https:\/\/i0.wp.com\/cdnoticias.com\/wp-content\/uploads\/2023\/11\/FestejosLLA-37.jpg?resize=300%2C199&amp;ssl=1 300w, https:\/\/i0.wp.com\/cdnoticias.com\/wp-content\/uploads\/2023\/11\/FestejosLLA-37.jpg?resize=768%2C510&amp;ssl=1 768w, https:\/\/i0.wp.com\/cdnoticias.com\/wp-content\/uploads\/2023\/11\/FestejosLLA-37.jpg?resize=272%2C182&amp;ssl=1 272w\" sizes=\"auto, (max-width: 800px) 100vw, 800px\" \/><\/figure>\n\n\n\n<p>Una victoria clar\u00edsima de La libertad Avanza. Gan\u00f3 de punta a punta en todas las provincias excepto en tres, una de ellas Buenos Aires. En nuestra provincia perdi\u00f3 por un punto. Pero a\u00fan as\u00ed, la lista violeta se impuso en casi todos los municipios, incluyendo Olavarr\u00eda.<\/p>\n\n\n\n<p>Pas\u00f3 en lo local y en lo nacional: retuvo gran parte de la masa de votantes de Juntos por el Cambio. Despu\u00e9s del resultado y en la euforia del festejo, Celeste Arouxet afirm\u00f3: \u201cHoy m\u00e1s que nunca el apoyo de nuestro espacio a Javier Milei es incondicional. Cumplimos con el compromiso que hace un a\u00f1o y pico hablamos con Karina Milei en un bar. Parec\u00eda tan lejano: porque era una campa\u00f1a sin plata, \u00e9ramos pocos, y fue un a\u00f1o de trabajo muy dif\u00edcil. Es un sue\u00f1o. Y con esto, Ahora Olavarr\u00eda a ser la fuerza pol\u00edtica m\u00e1s importante de la ciudad\u201d. El nuevo escenario es tambi\u00e9n local, por supuesto.<\/p>\n\n\n\n<p>Volvemos a lo nacional. Inmediatamente inici\u00f3 la transici\u00f3n con reuni\u00f3n entre Alberto Fern\u00e1ndez y Javier Milei. Por estos d\u00edas vemos los anuncios de composici\u00f3n del futuro gobierno con incidencia de figuras del Pro, incluyendo a quien fue candidata presidencial, Patricia Bullrich.<\/p>\n\n\n\n<p>Tras este resultado, asistimos a la reconfiguraci\u00f3n del escenario pol\u00edtico nacional. Los dos grandes partidos tradicionales salieron muy heridos y a\u00fan conservan fuerzas en el Congreso. \u00bfQu\u00e9 deparar\u00e1 para el futuro de las coaliciones, de los partidos y de las principales figuras? Todo son dudas.<\/p>\n\n\n\n<p>Pero a\u00fan m\u00e1s, los primeros datos que dio Javier Milei sobre su gesti\u00f3n ya nos dejan con mucha (m\u00e1s) preocupaci\u00f3n por lo que vendr\u00e1 en lo econ\u00f3mico. La afirmaci\u00f3n de \u201cno hay plata\u201d para la obra p\u00fablica ya tiene consecuencias.<\/p>\n\n\n\n<p>En el plano provincial, Axel Kicillof exhibi\u00f3 en los \u00faltimos d\u00edas dos tipos de reuniones: con intendentes (incluyendo radicales) y con representantes de dos de los pa\u00edses de BRICS. A\u00fan no hay presupuesto provincial definido, pero las claves son las de siempre: recursos y endeudamiento. \u00bfCon cu\u00e1les fondos de coparticipaci\u00f3n contar\u00e1 Buenos Aires? No hay respuesta desde el gobierno de Milei para esa pregunta. Mientras tanto, el gobernador quiso mostrar que tiene sus propios contactos internacionales para acceder a fondos.<\/p>\n\n\n\n<p>Para ma\u00f1ana est\u00e1 programada la reuni\u00f3n con los intendentes de Uni\u00f3n por la Patria: all\u00ed estar\u00e1 Maximiliano Wesner. En estos encuentros con jefes comunales el tema ser\u00e1n los recursos que dispondr\u00e1 la Provincia para los municipios. Viene dif\u00edcil la mano y, como ya se sabe, Olavarr\u00eda cerrar\u00e1 el a\u00f1o con un d\u00e9ficit alto. Por eso decimos \u2026.<\/p>\n\n\n\n<p class=\"has-medium-font-size\"><strong>Dos visiones de la transici\u00f3n<\/strong><\/p>\n\n\n\n<p>En este escenario de continuidad de la transici\u00f3n en Olavarr\u00eda, hay dos visiones. Desde el actual Ejecutivo local se insiste en se\u00f1alar el \u201corden\u201d en que se dejan los procesos administrativos, la \u201ctransparencia\u201d de los n\u00fameros (a\u00fan en el d\u00e9ficit, \u201clo que salga de la transici\u00f3n es lo que realmente ser\u00e1 cuando inicie el nuevo intendente\u201d dijeron) y la resoluci\u00f3n de aspectos de necesidad primaria para las primeras semanas de la futura gesti\u00f3n de Wesner.<\/p>\n\n\n\n<p>Un aspecto: uno de los grandes desaf\u00edos que tendr\u00e1 Wesner, seg\u00fan visiones de los espacios, es el rol que tendr\u00e1 el Hospital y con ello el sistema de Salud municipal, que es el sector m\u00e1s \u201cdeficitario\u201d que tiene el Municipio, seg\u00fan se logr\u00f3 adelantar. No se hace un juicio de valor y est\u00e1 claro que estamos a favor de un sistema p\u00fablico que pueda contener a todos los vecinos de la ciudad y las localidades (no solo con el Hospital sino tambi\u00e9n con los centros de salud de los pueblos y los CAPS) pero lo concreto es que en cifras, es el \u00e1rea que m\u00e1s complejidades econ\u00f3micas tiene. <\/p>\n\n\n\n<figure class=\"wp-block-image size-full\"><img data-recalc-dims=\"1\" loading=\"lazy\" decoding=\"async\" width=\"800\" height=\"533\" src=\"https:\/\/i0.wp.com\/cdnoticias.com\/wp-content\/uploads\/2023\/10\/Salud-Frente-Hospital-1024x682-1.jpeg?resize=800%2C533&#038;ssl=1\" alt=\"\" class=\"wp-image-100530\" srcset=\"https:\/\/i0.wp.com\/cdnoticias.com\/wp-content\/uploads\/2023\/10\/Salud-Frente-Hospital-1024x682-1.jpeg?w=1024&amp;ssl=1 1024w, https:\/\/i0.wp.com\/cdnoticias.com\/wp-content\/uploads\/2023\/10\/Salud-Frente-Hospital-1024x682-1.jpeg?resize=300%2C200&amp;ssl=1 300w, https:\/\/i0.wp.com\/cdnoticias.com\/wp-content\/uploads\/2023\/10\/Salud-Frente-Hospital-1024x682-1.jpeg?resize=768%2C512&amp;ssl=1 768w, https:\/\/i0.wp.com\/cdnoticias.com\/wp-content\/uploads\/2023\/10\/Salud-Frente-Hospital-1024x682-1.jpeg?resize=272%2C182&amp;ssl=1 272w\" sizes=\"auto, (max-width: 800px) 100vw, 800px\" \/><\/figure>\n\n\n\n<p>En contrapartida y de forma contundente, desde el futuro Ejecutivo se define el panorama como \u201cmuy an\u00e1rquico\u201d para aludir no s\u00f3lo a \u201cla situaci\u00f3n econ\u00f3mica municipal, que es muy grave\u201d, sino adem\u00e1s a \u201cun especial abandono\u201d de la gesti\u00f3n Galli despu\u00e9s del 22 de octubre que impacta encima sobre secretar\u00edas que ya ten\u00edan \u201cproblemas estructurales\u201d.<\/p>\n\n\n\n<p>Mientras tanto, Maximiliano Wesner arma su gabinete y equipo de gesti\u00f3n local. Por lo bajo, se habla de \u201chermetismo\u201d en la designaci\u00f3n de nuevos funcionarios: no se confirma ning\u00fan nombre.<\/p>\n\n\n\n<figure class=\"wp-block-image size-full\"><img data-recalc-dims=\"1\" loading=\"lazy\" decoding=\"async\" width=\"800\" height=\"532\" src=\"https:\/\/i0.wp.com\/cdnoticias.com\/wp-content\/uploads\/2023\/11\/FB_IMG_1700956482855.jpg?resize=800%2C532&#038;ssl=1\" alt=\"\" class=\"wp-image-102744\" srcset=\"https:\/\/i0.wp.com\/cdnoticias.com\/wp-content\/uploads\/2023\/11\/FB_IMG_1700956482855.jpg?w=930&amp;ssl=1 930w, https:\/\/i0.wp.com\/cdnoticias.com\/wp-content\/uploads\/2023\/11\/FB_IMG_1700956482855.jpg?resize=300%2C200&amp;ssl=1 300w, https:\/\/i0.wp.com\/cdnoticias.com\/wp-content\/uploads\/2023\/11\/FB_IMG_1700956482855.jpg?resize=768%2C511&amp;ssl=1 768w, https:\/\/i0.wp.com\/cdnoticias.com\/wp-content\/uploads\/2023\/11\/FB_IMG_1700956482855.jpg?resize=272%2C182&amp;ssl=1 272w\" sizes=\"auto, (max-width: 800px) 100vw, 800px\" \/><\/figure>\n\n\n\n<p>Y ya aparecieron instituciones y sectores con intenciones de conocer nombres para tener con qui\u00e9n dialogar a fin de llevar planteos y necesidades que necesitan resolver en el corto plazo. Por ejemplo, el sector rural que pretende continuar con la labor del Consejo de Seguridad y buscan iniciar contactos en esa \u00e1rea. \u00bfYa hay una figura definida para ese cargo?<\/p>\n\n\n\n<p>Las caras se muestran y se nombran en el Palacio San Mart\u00edn. Incluso esta semana que pas\u00f3 ya empezaron a mencionarse para cargos de tercera l\u00ednea. Son en su gran mayor\u00eda integrantes del n\u00facleo m\u00e1s cercano a Wesner, con y sin cargo actualmente, y tambi\u00e9n otros que fueron funcionarios en la gesti\u00f3n de Jos\u00e9 Eseverri. De algunas personas se asume que ser\u00e1n los efectivamente a designar, pero otros son \u201ct\u00e9cnicos\u201d que colaboran con la futura gesti\u00f3n.<\/p>\n\n\n\n<p>\u00bfY qu\u00e9 pas\u00f3 con la unidad que se vio en la campa\u00f1a pos PASO? Si bien por lo bajo se\u00f1alaron alguna queja, en lo concreto se supo de al menos un ofrecimiento concreto a otra fuerza interna que fue rechazada. Dicen que la oferta fue para ocupar una secretar\u00eda. Apertura hay, vale decir, lo que no hay es aceptaci\u00f3n ante ofrecimientos. Y no fueron menores.<\/p>\n\n\n\n<p>\u201cDa los nombres Volver a las Fuentes\u201d. Lo que esperamos es que en los pr\u00f3ximos d\u00edas se empiecen a anunciar los nuevos funcionarios de forma oficial. Algunos, extraoficialmente, son un hecho. Pero ante las consultas, por ahora se prefiere preservar los nombres, m\u00e1s all\u00e1 de lo vox p\u00f3puli.<\/p>\n\n\n\n<p class=\"has-medium-font-size\"><strong>El ajuste que ya se siente (y preocupa)<\/strong><\/p>\n\n\n\n<figure class=\"wp-block-image size-full\"><img data-recalc-dims=\"1\" loading=\"lazy\" decoding=\"async\" width=\"800\" height=\"444\" src=\"https:\/\/i0.wp.com\/cdnoticias.com\/wp-content\/uploads\/2023\/08\/facultad-de-salud-unicen-obra-09.jpg?resize=800%2C444&#038;ssl=1\" alt=\"\" class=\"wp-image-91940\" srcset=\"https:\/\/i0.wp.com\/cdnoticias.com\/wp-content\/uploads\/2023\/08\/facultad-de-salud-unicen-obra-09.jpg?w=801&amp;ssl=1 801w, https:\/\/i0.wp.com\/cdnoticias.com\/wp-content\/uploads\/2023\/08\/facultad-de-salud-unicen-obra-09.jpg?resize=300%2C167&amp;ssl=1 300w, https:\/\/i0.wp.com\/cdnoticias.com\/wp-content\/uploads\/2023\/08\/facultad-de-salud-unicen-obra-09.jpg?resize=768%2C427&amp;ssl=1 768w\" sizes=\"auto, (max-width: 800px) 100vw, 800px\" \/><\/figure>\n\n\n\n<p>Ya mencionamos el tema de la obra p\u00fablica y sobre eso le consultamos al intendente electo.<\/p>\n\n\n\n<p>Parti\u00f3 del balance de la gesti\u00f3n de Alberto Fern\u00e1ndez: se llevaron adelante 7.265 obras en todo el pa\u00eds. Hay finalizadas 4.434 y en ejecuci\u00f3n 2.308.<\/p>\n\n\n\n<p>\u201cLa decisi\u00f3n de frenar la obra p\u00fablica en todo el pa\u00eds impacta tambi\u00e9n en Olavarr\u00eda de forma directa. Ya es de p\u00fablico conocimiento que est\u00e1n llegando los primeros despidos y sin dudas la falta de empleo es algo preocupante, que nos mantiene alerta y nos hace pensar nuevas estrategias para dar respuestas a esas demandas\u201d dijo Wesner a Volver a las Fuentes.<\/p>\n\n\n\n<p>El acento est\u00e1 tambi\u00e9n en que va a pasar con la econom\u00eda olavarriense que tambi\u00e9n se va a ver resentida si se detienen las obras. \u201cTeniendo en cuenta el perfil productivo de nuestro municipio, las grandes f\u00e1bricas que tambi\u00e9n se ver\u00e1n afectadas y esto tambi\u00e9n impacta en el circulante de la ciudad y la recaudaci\u00f3n. Son n\u00fameros que atr\u00e1s tienen familias y a m\u00ed como futuro intendente me preocupa\u201d subray\u00f3.<\/p>\n\n\n\n<p>Respecto de las obras puntualmente, consider\u00f3 que las que est\u00e1n en ejecuci\u00f3n son \u201cmuy importantes\u201d: el acceso a Sierras Bayas por ruta 226 y la ampliaci\u00f3n de la Facultad de Ciencias de la Salud. Adem\u00e1s, record\u00f3 que estaba planificado el Colector Cloacal Norte y la construcci\u00f3n del Polo Cultural en la ex estaci\u00f3n de El Provincial. \u201cEso impacta directamente en la econom\u00eda local, es mano de obra directa en indirecta, m\u00e1s todo el movimiento en los corralones. Pero adem\u00e1s son obras muy importantes para la educaci\u00f3n p\u00fablica, para la cultura y la seguridad y el bienestar de nuestras familias\u201d defini\u00f3 Wesner despu\u00e9s del repaso.<\/p>\n\n\n\n<figure class=\"wp-block-image size-full\"><img data-recalc-dims=\"1\" loading=\"lazy\" decoding=\"async\" width=\"800\" height=\"445\" src=\"https:\/\/i0.wp.com\/cdnoticias.com\/wp-content\/uploads\/2023\/11\/ruta-226-sierras-bayas-distribuidor-0.jpg?resize=800%2C445&#038;ssl=1\" alt=\"\" class=\"wp-image-101973\" srcset=\"https:\/\/i0.wp.com\/cdnoticias.com\/wp-content\/uploads\/2023\/11\/ruta-226-sierras-bayas-distribuidor-0.jpg?w=800&amp;ssl=1 800w, https:\/\/i0.wp.com\/cdnoticias.com\/wp-content\/uploads\/2023\/11\/ruta-226-sierras-bayas-distribuidor-0.jpg?resize=300%2C167&amp;ssl=1 300w, https:\/\/i0.wp.com\/cdnoticias.com\/wp-content\/uploads\/2023\/11\/ruta-226-sierras-bayas-distribuidor-0.jpg?resize=768%2C427&amp;ssl=1 768w\" sizes=\"auto, (max-width: 800px) 100vw, 800px\" \/><\/figure>\n\n\n\n<p>\u201cHoy el ministro Katopodis dio a conocer cifras que reflejan el impacto de la obra p\u00fablica: 480.000 empleos en el sector de la&nbsp; construcci\u00f3n. El 50% de esos puestos de trabajo dependen de la obra p\u00fablica, sostenida por el Estado Nacional, los gobiernos provinciales y municipales. Son datos que nos alarman y que por supuesto esperamos se tomen las decisiones correctas para que no impacte en nuestras familias\u201d advirti\u00f3 el intendente electo.<\/p>\n\n\n\n<p class=\"has-medium-font-size\"><strong>La sinton\u00eda de Jos\u00e9<\/strong><\/p>\n\n\n\n<figure class=\"wp-block-image size-large\"><img data-recalc-dims=\"1\" loading=\"lazy\" decoding=\"async\" width=\"800\" height=\"450\" src=\"https:\/\/i0.wp.com\/cdnoticias.com\/wp-content\/uploads\/2023\/11\/eseverri-olavarria5.jpg?resize=800%2C450&#038;ssl=1\" alt=\"\" class=\"wp-image-102667\" srcset=\"https:\/\/i0.wp.com\/cdnoticias.com\/wp-content\/uploads\/2023\/11\/eseverri-olavarria5-scaled.jpg?resize=1024%2C576&amp;ssl=1 1024w, https:\/\/i0.wp.com\/cdnoticias.com\/wp-content\/uploads\/2023\/11\/eseverri-olavarria5-scaled.jpg?resize=300%2C169&amp;ssl=1 300w, https:\/\/i0.wp.com\/cdnoticias.com\/wp-content\/uploads\/2023\/11\/eseverri-olavarria5-scaled.jpg?resize=768%2C432&amp;ssl=1 768w, https:\/\/i0.wp.com\/cdnoticias.com\/wp-content\/uploads\/2023\/11\/eseverri-olavarria5-scaled.jpg?resize=1536%2C864&amp;ssl=1 1536w, https:\/\/i0.wp.com\/cdnoticias.com\/wp-content\/uploads\/2023\/11\/eseverri-olavarria5-scaled.jpg?resize=2048%2C1152&amp;ssl=1 2048w, https:\/\/i0.wp.com\/cdnoticias.com\/wp-content\/uploads\/2023\/11\/eseverri-olavarria5-scaled.jpg?w=1600&amp;ssl=1 1600w, https:\/\/i0.wp.com\/cdnoticias.com\/wp-content\/uploads\/2023\/11\/eseverri-olavarria5-scaled.jpg?w=2400&amp;ssl=1 2400w\" sizes=\"auto, (max-width: 800px) 100vw, 800px\" \/><\/figure>\n\n\n\n<p>En paralelo, el ex intendente Jos\u00e9 Eseverri habl\u00f3 p\u00fablicamente en el marco del aniversario de Olavarr\u00eda y dej\u00f3 varios t\u00edtulos: se mostr\u00f3 esperanzado en la gesti\u00f3n de Wesner a\u00fan en la complejidad del escenario nacional, al que catalog\u00f3 como un \u201ccambio de paradigma en la gesti\u00f3n p\u00fablica que va a impactar muy fuerte en ciudades como las nuestras y que, te dir\u00eda, excede la gesti\u00f3n municipal\u201d.<\/p>\n\n\n\n<p>Se\u00f1al\u00f3 un mal contexto para comenzar una nueva gesti\u00f3n local: admiti\u00f3 que Olavarr\u00eda no est\u00e1 preparada para lo que viene dado que \u201cen paralelo va a recibir la gesti\u00f3n de Maxi un pasivo muy importante que no solamente es econ\u00f3mico, que lo vas a ver en el deterioro de los edificios municipales, en el deterioro del salario del trabajador municipal, en la p\u00e9rdida de una din\u00e1mica de la obra p\u00fablica en la cual Olavarr\u00eda estaba acostumbrada y que no se ha sostenido en los \u00faltimos a\u00f1os\u201d.<\/p>\n\n\n\n<p>Lo curioso es que expuso el \u201cantiperonismo\u201d hist\u00f3rico del que se catalog\u00f3 a la ciudad y dej\u00f3 en claro que \u201cpuede haber una mirada mucho m\u00e1s exigente a un gobierno peronista que lo que fueron estos ocho a\u00f1os de Galli, donde hubo mucha disculpa durante mucho tiempo a cosas que Olavarr\u00eda estaba acostumbrada a tenerlas incorporadas en su activo, que no estaban pasando y que se perdieron\u201d.<\/p>\n\n\n\n<p>Con dureza, dijo que lo que se necesita \u201cno se trata de escuchar a la gente, se trata de tener ideas. Creo que uno de los problemas que tiene la pol\u00edtica en los \u00faltimos a\u00f1os es el empobrecimiento de una clase dirigente que no tiene en la cabeza el dise\u00f1o de pol\u00edticas p\u00fablicas, y muchas veces se gestiona por impulso o simplemente segu\u00eds haciendo lo que se viene haciendo. Hace muchos a\u00f1os que no veo gestiones innovadoras en los Municipios de la provincia de Buenos Aires. Cuando dise\u00f1as una pol\u00edtica de Salud p\u00fablica ten\u00e9s que tener muy claro hasta ideol\u00f3gicamente qu\u00e9 tipo de Salud p\u00fablica quer\u00e9s. Si es para todos, si es para algunos, si es para nadie. Qu\u00e9 nivel de desarrollo de la tecnolog\u00eda hospitalaria vas a tener, que desarrollo territorial vas a tener\u201d.<\/p>\n\n\n\n<p>\u201cEn ocho a\u00f1os la ciudad creci\u00f3 un mont\u00f3n, pero no hay un solo Centro de Salud adicional, no hay un solo Jard\u00edn Maternal municipal m\u00e1s, ni Centros de D\u00eda, ni Servicios Territoriales nuevos. Hay una concepci\u00f3n del poder que parec\u00eda que empezaba y terminaba a diez cuadras de la que viv\u00edan los funcionarios de la municipalidad\u201d agreg\u00f3 con la misma dureza.<\/p>\n\n\n\n<p>\u00bfHubo enojo en sus palabras? No, pero s\u00ed decepci\u00f3n. Habl\u00f3 de una ausencia total de escucha en momentos donde Galli y Eseverri fueron m\u00e1s cercanos, y la falta de puentes para establecer di\u00e1logo. Es curioso: esto de la falta de puentes de di\u00e1logo m\u00e1s all\u00e1 de las diferencias fue una constante en di\u00e1logos pol\u00edticos durante la semana. \u201cPodemos estar en la vereda de enfrente y con posturas irreconciliables, pero no podemos no tener di\u00e1logo con dirigentes m\u00e1s moderados o al menos un acuerdo de partes en temas que le hacen bien a la ciudad\u201d coment\u00f3 en su momento un dirigente importante de Uni\u00f3n por la Patria sobre este tema.<\/p>\n\n\n\n<p>En concreto, tanto Eseverri como del sector de Wesner admitieron contactos, di\u00e1logos desde lo informal y una colaboraci\u00f3n desinteresada para que la gesti\u00f3n del dirigente peronista comience \u201ccon el mayor volumen y firmeza posible\u201d.<\/p>\n\n\n\n<p class=\"has-medium-font-size\"><strong>La pelea por el nuevo Concejo<\/strong><\/p>\n\n\n\n<figure class=\"wp-block-image size-full\"><img data-recalc-dims=\"1\" loading=\"lazy\" decoding=\"async\" width=\"800\" height=\"358\" src=\"https:\/\/i0.wp.com\/cdnoticias.com\/wp-content\/uploads\/2023\/11\/HCd-sesion-02.jpg?resize=800%2C358&#038;ssl=1\" alt=\"\" class=\"wp-image-102528\" srcset=\"https:\/\/i0.wp.com\/cdnoticias.com\/wp-content\/uploads\/2023\/11\/HCd-sesion-02.jpg?w=1000&amp;ssl=1 1000w, https:\/\/i0.wp.com\/cdnoticias.com\/wp-content\/uploads\/2023\/11\/HCd-sesion-02.jpg?resize=300%2C134&amp;ssl=1 300w, https:\/\/i0.wp.com\/cdnoticias.com\/wp-content\/uploads\/2023\/11\/HCd-sesion-02.jpg?resize=768%2C343&amp;ssl=1 768w\" sizes=\"auto, (max-width: 800px) 100vw, 800px\" \/><\/figure>\n\n\n\n<p>El jueves pasado sesion\u00f3 el Concejo Deliberante y fue la \u00faltima sesi\u00f3n ordinaria del a\u00f1o. Entre los temas aprobados estuvo la ordenanza preparatoria para cobrar la Tasa Solidaria que aportan los productores rurales para la fumigaci\u00f3n contra la Tucura. La votaci\u00f3n definitiva requiere de los mayores contribuyentes, por eso ya se decidi\u00f3 convocar para el 1\u00ba de diciembre a la asamblea.<\/p>\n\n\n\n<p>Todo parece indicar que esa ser\u00e1 la \u00faltima sesi\u00f3n con la actual composici\u00f3n del cuerpo de concejales.<\/p>\n\n\n\n<p>Ya hablamos de c\u00f3mo ser\u00e1 la composici\u00f3n del pr\u00f3ximo Legislativo. Un repaso de lo que hemos dicho en ediciones anteriores: Uni\u00f3n por la Patria va a quedar con ocho miembros; Juntos va a quedar con seis concejales entre asunciones y regresos de los que dejar\u00e1n sus cargos en el Ejecutivo (Bruno Cenizo y Mar\u00eda Jos\u00e9 Gonz\u00e1lez); Ahora Olavarr\u00eda va a quedar con cuatro integrantes y UCR con dos miembros.<\/p>\n\n\n\n<p>Primer tema: a\u00fan no sabemos la fecha para el acto de asunci\u00f3n de concejales. Se maneja como potencial el 12 de diciembre para la asunci\u00f3n de Maximiliano Wesner, quien asistir\u00e1 a la re-asunci\u00f3n de Axel Kicillof en La Plata.<\/p>\n\n\n\n<p>Segundo tema y m\u00e1s importante: \u00bfqu\u00e9 bloque se va a quedar con la presidencia del Concejo? Hay mucha tela para cortar.<\/p>\n\n\n\n<p>El sector que sali\u00f3 m\u00e1s fortalecido despu\u00e9s del balotaje, Ahora Olavarr\u00eda, adelant\u00f3 que buscar\u00e1 la presidencia. Lo dijo Celeste Arouxet en entrevistas durante la semana pasada. La especulaci\u00f3n de la presidencia para la actual concejal y referente libertaria local toma fuerza en un tema que se esboza en el Congreso de la Naci\u00f3n: la conformaci\u00f3n de un bloque o interbloque con los miembros de La Libertad Avanza y del Pro. Si una alianza de ese tipo se conformara en lo nacional y bajara de forma directa a lo local, los dejar\u00eda con mayor\u00eda en el HCD.<\/p>\n\n\n\n<p>Sumado a eso, la propia Celeste Arouxet afirm\u00f3 que tiene intenci\u00f3n de pedir para su bancada la presidencia del Concejo: \u201cnuestro espacio va a solicitar la presidencia, creo que estamos en condiciones de pedirla\u201d.<\/p>\n\n\n\n<p>Pero puso en duda lo anterior: no ve una alianza de ese tipo con el Pro de Olavarr\u00eda. Manifest\u00f3 que \u201cyo no me sentar\u00eda a trabajar con una persona que no tiene los mismos valores que Ahora Olavarr\u00eda\u201d. Hizo referencia a la \u201csituaci\u00f3n m\u00e1s que complicada\u201d de Olavarr\u00eda, para se\u00f1alar que \u201clos que quieren lo bueno para la ciudad que se sumen, creo que es una buena se\u00f1al para la gente. O sea, donde se muestre que lo que quer\u00e9s es la mejora de la ciudad. Pero reitero, con los mismos valores y los mismos objetivos\u201d. Traducido: Arouxet no se ve compartiendo bancada con Juntos.<\/p>\n\n\n\n<figure class=\"wp-block-image size-full\"><img data-recalc-dims=\"1\" loading=\"lazy\" decoding=\"async\" width=\"800\" height=\"531\" src=\"https:\/\/i0.wp.com\/cdnoticias.com\/wp-content\/uploads\/2023\/11\/FestejosLLA-25.jpg?resize=800%2C531&#038;ssl=1\" alt=\"\" class=\"wp-image-102246\" srcset=\"https:\/\/i0.wp.com\/cdnoticias.com\/wp-content\/uploads\/2023\/11\/FestejosLLA-25.jpg?w=1024&amp;ssl=1 1024w, https:\/\/i0.wp.com\/cdnoticias.com\/wp-content\/uploads\/2023\/11\/FestejosLLA-25.jpg?resize=300%2C199&amp;ssl=1 300w, https:\/\/i0.wp.com\/cdnoticias.com\/wp-content\/uploads\/2023\/11\/FestejosLLA-25.jpg?resize=768%2C510&amp;ssl=1 768w, https:\/\/i0.wp.com\/cdnoticias.com\/wp-content\/uploads\/2023\/11\/FestejosLLA-25.jpg?resize=272%2C182&amp;ssl=1 272w\" sizes=\"auto, (max-width: 800px) 100vw, 800px\" \/><\/figure>\n\n\n\n<p>Hay que decir tambi\u00e9n que despu\u00e9s de plantear la intenci\u00f3n de buscar la presidencia, Arouxet reiter\u00f3 algo que ya hab\u00eda dicho -y lo contamos ac\u00e1-: su intenci\u00f3n de quedarse con la presidencia de comisiones. En plural. Hoy no preside ninguna.<\/p>\n\n\n\n<p>\u00bfY Juntos qu\u00e9 quiere hacer? Bueno, agarrate porque s\u00ed parece que hay un dato. En los \u00faltimos d\u00edas, una de las principales figuras de ese espacio le dijo a este newsletter que la intenci\u00f3n es apoyar a \u2026. Uni\u00f3n por la Patria. Respetar\u00edan la \u201ccostumbre\u201d de dejarle la presidencia al sector ganador de las elecciones ejecutivas. \u201cNo haremos lo que nos hicieron en 2015 que nos dejaron sin la Presidencia cuando nos correspond\u00eda\u201d dijo una importante fuente ante la consulta de este newsletter.<\/p>\n\n\n\n<p>Pero no es s\u00f3lo esa la raz\u00f3n: hay tambi\u00e9n una especie de acci\u00f3n defensiva en esa postura. Nos referimos a que el segundo objetivo est\u00e1 en no \u201csumarle poder\u201d a Ahora Olavarr\u00eda que, hay que resaltar adem\u00e1s, con la presidencia de Javier Milei tendr\u00e1 la oportunidad de ocupar cargos en organismos nacionales como Anses y PAMI. Con un rol m\u00e1s complejo (incluso m\u00e1s complicado por la coyuntura econ\u00f3mica) pero con las oficinas al fin.<\/p>\n\n\n\n<p>\u201cMaxi en Anses era Pap\u00e1 Noel y quien ocupe Anses despu\u00e9s del 10 de diciembre va a ser el Grinch\u201d se\u00f1al\u00f3 una fuente que traz\u00f3 el paralelismo en tiempos navide\u00f1os con la profunda crisis que se avecina y la demanda que tendr\u00e1n este tipo de organismos por ayudas de diversa \u00edndole.<\/p>\n\n\n\n<p>El resultado electoral local releg\u00f3 a Juntos al tercer lugar y desde el Pro pretenden conservarse como segunda minor\u00eda en el Concejo y construir mirando al futuro.<\/p>\n\n\n\n<p class=\"has-medium-font-size\"><strong>\u201cEl santillismo\u201d<\/strong><\/p>\n\n\n\n<figure class=\"wp-block-image size-large\"><img data-recalc-dims=\"1\" loading=\"lazy\" decoding=\"async\" width=\"800\" height=\"450\" src=\"https:\/\/i0.wp.com\/cdnoticias.com\/wp-content\/uploads\/2023\/11\/ezequiel-galli4.jpg?resize=800%2C450&#038;ssl=1\" alt=\"\" class=\"wp-image-102792\" srcset=\"https:\/\/i0.wp.com\/cdnoticias.com\/wp-content\/uploads\/2023\/11\/ezequiel-galli4-scaled.jpg?resize=1024%2C576&amp;ssl=1 1024w, https:\/\/i0.wp.com\/cdnoticias.com\/wp-content\/uploads\/2023\/11\/ezequiel-galli4-scaled.jpg?resize=300%2C169&amp;ssl=1 300w, https:\/\/i0.wp.com\/cdnoticias.com\/wp-content\/uploads\/2023\/11\/ezequiel-galli4-scaled.jpg?resize=768%2C432&amp;ssl=1 768w, https:\/\/i0.wp.com\/cdnoticias.com\/wp-content\/uploads\/2023\/11\/ezequiel-galli4-scaled.jpg?resize=1536%2C864&amp;ssl=1 1536w, https:\/\/i0.wp.com\/cdnoticias.com\/wp-content\/uploads\/2023\/11\/ezequiel-galli4-scaled.jpg?resize=2048%2C1152&amp;ssl=1 2048w, https:\/\/i0.wp.com\/cdnoticias.com\/wp-content\/uploads\/2023\/11\/ezequiel-galli4-scaled.jpg?w=1600&amp;ssl=1 1600w, https:\/\/i0.wp.com\/cdnoticias.com\/wp-content\/uploads\/2023\/11\/ezequiel-galli4-scaled.jpg?w=2400&amp;ssl=1 2400w\" sizes=\"auto, (max-width: 800px) 100vw, 800px\" \/><\/figure>\n\n\n\n<p>Ayer Olavarr\u00eda cumpli\u00f3 156 a\u00f1os. En el marco de la fiesta en el Parque Helios Eseverri, la \u00faltima para la gesti\u00f3n de Ezequiel Galli, hablamos con el actual intendente. La primera nota despu\u00e9s de las elecciones del 22 de octubre. \u201cUna linda despedida\u201d consider\u00f3 sobre el balance de la fiesta en los \u00faltimos d\u00edas de su mandato.<\/p>\n\n\n\n<p>\u201cMe voy con la frente en alto de saber que hemos logrado un mont\u00f3n de cosas para la ciudad. Conforme con todo lo que hemos hecho\u201d dijo sobre el balance de sus dos gestiones al frente de la Municipalidad.<\/p>\n\n\n\n<p>En l\u00ednea con lo que mencionamos m\u00e1s arriba, Galli destac\u00f3 que en estos d\u00edas \u201cprioriza hacer una transici\u00f3n ordenada, dejar funcionando todos los servicios\u201d. \u201cYo viv\u00ed todo lo contrario\u201d tir\u00f3 el palito para Jos\u00e9 Eseverri y lo que fue aquel diciembre de 2015.<\/p>\n\n\n\n<p>Habl\u00f3 de que felicit\u00f3 \u201ca Maxi\u201d por su victoria, de la importancia de respetar la voluntad popular y \u2026 de su carrera pol\u00edtica.<\/p>\n\n\n\n<p>Ya hab\u00edamos inferido su intenci\u00f3n de seguir ligado a la pol\u00edtica y tambi\u00e9n lo escribimos en ediciones anteriores. Ahora, la pregunta es \u00bfd\u00f3nde lo vamos a ver a Ezequiel Galli? \u201cAl lado de Diego Santilli, donde requiera de mi experiencia\u201d respondi\u00f3 directo.<\/p>\n\n\n\n<figure class=\"wp-block-image size-full\"><img data-recalc-dims=\"1\" loading=\"lazy\" decoding=\"async\" width=\"800\" height=\"445\" src=\"https:\/\/i0.wp.com\/cdnoticias.com\/wp-content\/uploads\/2023\/09\/galli-santilli-01.jpg?resize=800%2C445&#038;ssl=1\" alt=\"\" class=\"wp-image-96482\" srcset=\"https:\/\/i0.wp.com\/cdnoticias.com\/wp-content\/uploads\/2023\/09\/galli-santilli-01.jpg?w=800&amp;ssl=1 800w, https:\/\/i0.wp.com\/cdnoticias.com\/wp-content\/uploads\/2023\/09\/galli-santilli-01.jpg?resize=300%2C167&amp;ssl=1 300w, https:\/\/i0.wp.com\/cdnoticias.com\/wp-content\/uploads\/2023\/09\/galli-santilli-01.jpg?resize=768%2C427&amp;ssl=1 768w\" sizes=\"auto, (max-width: 800px) 100vw, 800px\" \/><\/figure>\n\n\n\n<p>Pero un poco despu\u00e9s dijo una palabra clave y que tambi\u00e9n suma al nuevo escenario que venimos planteando en toda esta edici\u00f3n: Galli habl\u00f3 del \u201csantillismo\u201d en la provincia de Buenos Aires. El hoy diputado nacional quiere erigirse en figura principal del sector en paralelo a las designaciones de cargos nacionales por parte de Mauricio Macri. En esa reconfiguraci\u00f3n, el todav\u00eda intendente mantendr\u00e1 la S\u00e9ptima como su sector de trabajo y la mirada ya est\u00e1 puesta en la pr\u00f3xima elecci\u00f3n.<\/p>\n\n\n\n<p>\u201cMe toca seguir siendo el armador del santillismo en la S\u00e9ptima de cara al 2025 donde se ponen en juego bancas en el Concejo y el Senado\u201d dijo el intendente. Concisa y precisa, la frase tiene mucho contenido para analizar y, a la luz del prisma que es hoy la pol\u00edtica argentina, ese contenido tiene varias facetas. Las palabras y el tiempo har\u00e1n el juego.<\/p>\n\n\n\n<p class=\"has-medium-font-size\"><strong>Cortitas<\/strong><\/p>\n\n\n\n<p><strong>Debates de candidatos obligatorios<\/strong>. Qued\u00f3 aprobada por unanimidad la ordenanza que impuls\u00f3 la Facultad de Ingenier\u00eda de Unicen en 2021. Contempla la participaci\u00f3n de los sectores que superen las PASO de cada elecci\u00f3n General o Legislativa con sus candidatos a intendente y hasta los primeros tres concejales, respectivamente, en el debate.<\/p>\n\n\n\n<p><strong>Las cementeras en paritaria<\/strong>. El sindicato AOMA no llega a acuerdo con la Asociaci\u00f3n de Fabricantes de Cemento por el \u00faltimo tramo de paritarias de 2023. Hace tres semanas que inici\u00f3 medidas de fuerza, incluyendo un paro, y luego se dict\u00f3 la conciliaci\u00f3n obligatoria que a\u00fan sigue. Informaron que las empresas definieron otorgar un \u201caumento a cuenta\u201dsobre el que AOMA sali\u00f3 a quejarse de que es \u201cinferior al pretendido\u201d. El conflicto laboral tiene especial impacto en Olavarr\u00eda y en el contexto nacional que ya hemos mencionado, tiene a\u00fan mayores consecuencias.<\/p>\n\n\n\n<p>Un extracto Esta publicaci\u00f3n es parte de la edici\u00f3n de este domingo del newsletter Volver a las Fuentes que escriben Alexis Grierson y Josefina Bargas<a href=\"https:\/\/mailchi.mp\/4a73d160a42c\/pequeas-pistas-de-lo-que-viene-en-el-camino-de-la-incertidumbre\">. La edici\u00f3n completa est\u00e1 disponible aqu\u00ed<\/a> y tiene un <a href=\"https:\/\/linktr.ee\/nhdp_valf\">sistema de suscripci\u00f3n econ\u00f3mica y aportes \u00fanicos al que se puede acceder aqu\u00ed.<\/a><\/p>\n","protected":false},"excerpt":{"rendered":"<p>Las dos caras de la transici\u00f3n. Hablaron Wesner y Galli: uno manifest\u00f3 preocupaci\u00f3n por el corte de la obra p\u00fablica,<\/p>\n","protected":false},"author":2,"featured_media":102708,"comment_status":"closed","ping_status":"closed","sticky":false,"template":"","format":"standard","meta":{"_jetpack_memberships_contains_paid_content":false,"footnotes":""},"categories":[4,1],"tags":[],"class_list":["post-102852","post","type-post","status-publish","format-standard","has-post-thumbnail","hentry","category-politica","category-portada"],"jetpack_featured_media_url":"https:\/\/i0.wp.com\/cdnoticias.com\/wp-content\/uploads\/2023\/11\/Acto-Protocolar-156%C2%B0-Aniversario-1-scaled-1.jpg?fit=800%2C450&ssl=1","jetpack_sharing_enabled":true,"_links":{"self":[{"href":"https:\/\/cdnoticias.com\/index.php\/wp-json\/wp\/v2\/posts\/102852","targetHints":{"allow":["GET"]}}],"collection":[{"href":"https:\/\/cdnoticias.com\/index.php\/wp-json\/wp\/v2\/posts"}],"about":[{"href":"https:\/\/cdnoticias.com\/index.php\/wp-json\/wp\/v2\/types\/post"}],"author":[{"embeddable":true,"href":"https:\/\/cdnoticias.com\/index.php\/wp-json\/wp\/v2\/users\/2"}],"replies":[{"embeddable":true,"href":"https:\/\/cdnoticias.com\/index.php\/wp-json\/wp\/v2\/comments?post=102852"}],"version-history":[{"count":0,"href":"https:\/\/cdnoticias.com\/index.php\/wp-json\/wp\/v2\/posts\/102852\/revisions"}],"wp:featuredmedia":[{"embeddable":true,"href":"https:\/\/cdnoticias.com\/index.php\/wp-json\/wp\/v2\/media\/102708"}],"wp:attachment":[{"href":"https:\/\/cdnoticias.com\/index.php\/wp-json\/wp\/v2\/media?parent=102852"}],"wp:term":[{"taxonomy":"category","embeddable":true,"href":"https:\/\/cdnoticias.com\/index.php\/wp-json\/wp\/v2\/categories?post=102852"},{"taxonomy":"post_tag","embeddable":true,"href":"https:\/\/cdnoticias.com\/index.php\/wp-json\/wp\/v2\/tags?post=102852"}],"curies":[{"name":"wp","href":"https:\/\/api.w.org\/{rel}","templated":true}]}}