{"id":102838,"date":"2023-11-26T18:09:14","date_gmt":"2023-11-26T21:09:14","guid":{"rendered":"https:\/\/cdnoticias.com\/?p=102838"},"modified":"2023-11-26T19:29:11","modified_gmt":"2023-11-26T22:29:11","slug":"varios-secuestros-de-autos-y-motos-por-infracciones-de-transito","status":"publish","type":"post","link":"https:\/\/cdnoticias.com\/index.php\/2023\/11\/26\/varios-secuestros-de-autos-y-motos-por-infracciones-de-transito\/","title":{"rendered":"Varios secuestros de autos y motos por infracciones de tr\u00e1nsito"},"content":{"rendered":"\n<p>Un veh\u00edculo dobl\u00f3 en U frente al personal policial. Una camioneta \u201ccarec\u00eda de toda documentaci\u00f3n del rodado\u201d. Varias infracciones a motos por ruidos molestos y ocupantes sin casco.<\/p>\n\n\n\n<hr class=\"wp-block-separator aligncenter has-alpha-channel-opacity\"\/>\n\n\n\n<p>Durante la madrugada del domingo, <strong>personal de Control Urbano en conjunto con la polic\u00eda realizaron varias infracciones y secuestro de veh\u00edculos por diversas irregularidades presentadas a la hora de manejar o en la documentaci\u00f3n.<\/strong><\/p>\n\n\n\n<figure class=\"wp-block-image size-full\"><img data-recalc-dims=\"1\" loading=\"lazy\" decoding=\"async\" width=\"482\" height=\"350\" src=\"https:\/\/i0.wp.com\/cdnoticias.com\/wp-content\/uploads\/2023\/11\/WhatsApp-Image-2023-11-26-at-10.53.41.jpeg?resize=482%2C350&#038;ssl=1\" alt=\"\" class=\"wp-image-102841\" srcset=\"https:\/\/i0.wp.com\/cdnoticias.com\/wp-content\/uploads\/2023\/11\/WhatsApp-Image-2023-11-26-at-10.53.41.jpeg?w=482&amp;ssl=1 482w, https:\/\/i0.wp.com\/cdnoticias.com\/wp-content\/uploads\/2023\/11\/WhatsApp-Image-2023-11-26-at-10.53.41.jpeg?resize=300%2C218&amp;ssl=1 300w\" sizes=\"auto, (max-width: 482px) 100vw, 482px\" \/><\/figure>\n\n\n\n<p>Uno de los casos m\u00e1s graves, seg\u00fan se inform\u00f3, <strong>es un veh\u00edculo que dobl\u00f3 en \u201cU\u201d frente al personal policial. Al momento de solicitar documentaci\u00f3n, los datos personales no coincid\u00edan con los datos del DNI presentado.<\/strong><\/p>\n\n\n\n<p>Adem\u00e1s, <strong>se secuestr\u00f3 una camioneta en la que el conductor se neg\u00f3 a realizar el test de alcoholemia y, adem\u00e1s, no ten\u00eda ninguna documentaci\u00f3n del rodado.<\/strong><\/p>\n\n\n\n<figure class=\"wp-block-image size-full\"><img data-recalc-dims=\"1\" loading=\"lazy\" decoding=\"async\" width=\"476\" height=\"312\" src=\"https:\/\/i0.wp.com\/cdnoticias.com\/wp-content\/uploads\/2023\/11\/WhatsApp-Image-2023-11-26-at-10.53.42.jpeg?resize=476%2C312&#038;ssl=1\" alt=\"\" class=\"wp-image-102840\" srcset=\"https:\/\/i0.wp.com\/cdnoticias.com\/wp-content\/uploads\/2023\/11\/WhatsApp-Image-2023-11-26-at-10.53.42.jpeg?w=476&amp;ssl=1 476w, https:\/\/i0.wp.com\/cdnoticias.com\/wp-content\/uploads\/2023\/11\/WhatsApp-Image-2023-11-26-at-10.53.42.jpeg?resize=300%2C197&amp;ssl=1 300w\" sizes=\"auto, (max-width: 476px) 100vw, 476px\" \/><\/figure>\n\n\n\n<p>Tambi\u00e9n, seg\u00fan lo informado por la Subsecretar\u00eda de Seguridad municipal, <strong>se realizaron infracciones a conductores de ciclomotores y motos por ruidos molestos, conducir y pasajeros sin casco, falta de seguros, y licencias a sus respectivos conductores.<\/strong><\/p>\n\n\n\n<p>Todas las actuaciones fueron remitidas al <strong>Juzgado de Faltas local, a cargo del doctor Luciano Blanco.<\/strong><\/p>\n","protected":false},"excerpt":{"rendered":"<p>Un veh\u00edculo dobl\u00f3 en U frente al personal policial. Una camioneta \u201ccarec\u00eda de toda documentaci\u00f3n del rodado\u201d. Varias infracciones a<\/p>\n","protected":false},"author":2,"featured_media":102839,"comment_status":"closed","ping_status":"closed","sticky":false,"template":"","format":"standard","meta":{"_jetpack_memberships_contains_paid_content":false,"footnotes":""},"categories":[14,1],"tags":[],"class_list":["post-102838","post","type-post","status-publish","format-standard","has-post-thumbnail","hentry","category-policiales","category-portada"],"jetpack_featured_media_url":"https:\/\/i0.wp.com\/cdnoticias.com\/wp-content\/uploads\/2023\/11\/WhatsApp-Image-2023-11-26-at-10.53.42-1.jpeg?fit=719%2C471&ssl=1","jetpack_sharing_enabled":true,"_links":{"self":[{"href":"https:\/\/cdnoticias.com\/index.php\/wp-json\/wp\/v2\/posts\/102838","targetHints":{"allow":["GET"]}}],"collection":[{"href":"https:\/\/cdnoticias.com\/index.php\/wp-json\/wp\/v2\/posts"}],"about":[{"href":"https:\/\/cdnoticias.com\/index.php\/wp-json\/wp\/v2\/types\/post"}],"author":[{"embeddable":true,"href":"https:\/\/cdnoticias.com\/index.php\/wp-json\/wp\/v2\/users\/2"}],"replies":[{"embeddable":true,"href":"https:\/\/cdnoticias.com\/index.php\/wp-json\/wp\/v2\/comments?post=102838"}],"version-history":[{"count":0,"href":"https:\/\/cdnoticias.com\/index.php\/wp-json\/wp\/v2\/posts\/102838\/revisions"}],"wp:featuredmedia":[{"embeddable":true,"href":"https:\/\/cdnoticias.com\/index.php\/wp-json\/wp\/v2\/media\/102839"}],"wp:attachment":[{"href":"https:\/\/cdnoticias.com\/index.php\/wp-json\/wp\/v2\/media?parent=102838"}],"wp:term":[{"taxonomy":"category","embeddable":true,"href":"https:\/\/cdnoticias.com\/index.php\/wp-json\/wp\/v2\/categories?post=102838"},{"taxonomy":"post_tag","embeddable":true,"href":"https:\/\/cdnoticias.com\/index.php\/wp-json\/wp\/v2\/tags?post=102838"}],"curies":[{"name":"wp","href":"https:\/\/api.w.org\/{rel}","templated":true}]}}