{"id":102802,"date":"2023-11-26T08:39:05","date_gmt":"2023-11-26T11:39:05","guid":{"rendered":"https:\/\/cdnoticias.com\/?p=102802"},"modified":"2023-11-26T11:08:20","modified_gmt":"2023-11-26T14:08:20","slug":"ezequiel-galli-me-voy-con-la-frente-en-alto","status":"publish","type":"post","link":"https:\/\/cdnoticias.com\/index.php\/2023\/11\/26\/ezequiel-galli-me-voy-con-la-frente-en-alto\/","title":{"rendered":"Ezequiel Galli: \u201cme voy con la frente en alto\u201d"},"content":{"rendered":"\n<p>El intendente saliente valor\u00f3 la realizaci\u00f3n de la Fiesta de Olavarr\u00eda con artistas locales y habl\u00f3 de sus \u00faltimos d\u00edas como jefe comunal. La \u201ctransici\u00f3n ordenada\u201d y su futuro pol\u00edtico con Diego Santilli. \u201cMe toca seguir siendo el armador del santillismo en la S\u00e9ptima\u201d dijo.<\/p>\n\n\n\n<hr class=\"wp-block-separator aligncenter has-alpha-channel-opacity\"\/>\n\n\n\n<p>En un parate entre bandas locales en plena Fiesta de Olavarr\u00eda,<strong> el intendente saliente Ezequiel Galli \u2013que se hab\u00eda despedido arriba del escenario- dialog\u00f3 con Central de Noticias sobre sus \u00faltimos d\u00edas como jefe comunal, la transici\u00f3n con el jefe comunal electo Maximiliano Wesner y dio detalles de su futuro en la pol\u00edtica post 10 de diciembre: formar\u00e1 parte del \u201csantillismo\u201d en la Provincia.<\/strong><\/p>\n\n\n\n<p>Con respecto a la fiesta, se mostr\u00f3 <em>\u201ccontento con la respuesta de la gente, de que haya venido tanta gente, tantos artesanos, tantos foodtrucks que nos acompa\u00f1aron, los cerveceros, los chicos de Gin Tonic. La verdad que realmente fue una fiesta distinta, la \u00faltima, conforme con c\u00f3mo viene transcurriendo, hemos hecho ocho fiestas y cada una de ellas fue diferente, hemos tenido de todo, hemos tenido tormentas, suspensiones, hemos tenido mucho p\u00fablico, la verdad que es una linda despedida\u201d.<\/em><\/p>\n\n\n\n<figure class=\"wp-block-image size-large\"><img data-recalc-dims=\"1\" loading=\"lazy\" decoding=\"async\" width=\"800\" height=\"450\" src=\"https:\/\/i0.wp.com\/cdnoticias.com\/wp-content\/uploads\/2023\/11\/ezequiel-galli2.jpg?resize=800%2C450&#038;ssl=1\" alt=\"\" class=\"wp-image-102790\" srcset=\"https:\/\/i0.wp.com\/cdnoticias.com\/wp-content\/uploads\/2023\/11\/ezequiel-galli2-scaled.jpg?resize=1024%2C576&amp;ssl=1 1024w, https:\/\/i0.wp.com\/cdnoticias.com\/wp-content\/uploads\/2023\/11\/ezequiel-galli2-scaled.jpg?resize=300%2C169&amp;ssl=1 300w, https:\/\/i0.wp.com\/cdnoticias.com\/wp-content\/uploads\/2023\/11\/ezequiel-galli2-scaled.jpg?resize=768%2C432&amp;ssl=1 768w, https:\/\/i0.wp.com\/cdnoticias.com\/wp-content\/uploads\/2023\/11\/ezequiel-galli2-scaled.jpg?resize=1536%2C864&amp;ssl=1 1536w, https:\/\/i0.wp.com\/cdnoticias.com\/wp-content\/uploads\/2023\/11\/ezequiel-galli2-scaled.jpg?resize=2048%2C1152&amp;ssl=1 2048w, https:\/\/i0.wp.com\/cdnoticias.com\/wp-content\/uploads\/2023\/11\/ezequiel-galli2-scaled.jpg?w=1600&amp;ssl=1 1600w, https:\/\/i0.wp.com\/cdnoticias.com\/wp-content\/uploads\/2023\/11\/ezequiel-galli2-scaled.jpg?w=2400&amp;ssl=1 2400w\" sizes=\"auto, (max-width: 800px) 100vw, 800px\" \/><\/figure>\n\n\n\n<p>Se\u00f1al\u00f3 que pr\u00e1cticamente no tendr\u00e1 m\u00e1s actividad p\u00fablica <em><strong>\u201cde ac\u00e1 hasta el 10 de diciembre, as\u00ed que me voy con la frente en alto de saber que hemos logrado un mont\u00f3n de cosas para la ciudad y que, bueno, los vecinos son los que eligen, eligieron otra opci\u00f3n, la verdad lo felicite hoy a Maxi, le deseo lo mejor para su gesti\u00f3n porque queremos que Olavarr\u00eda siga creciendo y me voy con la frente en alto, conforme con todo lo que hemos hecho\u201d.<\/strong><\/em><\/p>\n\n\n\n<p>Justamente, este periodo para el Intendente sirvi\u00f3 para <em>\u201cterminar de procesar lo que pas\u00f3, lo que est\u00e1 pasando\u201d <\/em>y se\u00f1al\u00f3 que su prioridad es <em>\u201chacer una transici\u00f3n ordenada, el poder dejar funcionando todos los servicios para que <strong>Maxi el 10 de diciembre pueda tener los parques p\u00fablicos con el pasto corto, que pueda tener el dep\u00f3sito del hospital con stock, que los jardines y los espacios que requieren de alimentos tengan los alimentos necesarios para seguir funcionando, que siga habiendo combustible para las ambulancias, para los patrulleros y para las m\u00e1quinas viales y para los m\u00f3viles de la municipalidad, que quede la Municipalidad funcionando que creo que es muy importante<\/strong>\u201d.<\/em><\/p>\n\n\n\n<figure class=\"wp-block-image size-large\"><img data-recalc-dims=\"1\" loading=\"lazy\" decoding=\"async\" width=\"800\" height=\"450\" src=\"https:\/\/i0.wp.com\/cdnoticias.com\/wp-content\/uploads\/2023\/11\/ezequiel-galli3.jpg?resize=800%2C450&#038;ssl=1\" alt=\"\" class=\"wp-image-102791\" srcset=\"https:\/\/i0.wp.com\/cdnoticias.com\/wp-content\/uploads\/2023\/11\/ezequiel-galli3-scaled.jpg?resize=1024%2C576&amp;ssl=1 1024w, https:\/\/i0.wp.com\/cdnoticias.com\/wp-content\/uploads\/2023\/11\/ezequiel-galli3-scaled.jpg?resize=300%2C169&amp;ssl=1 300w, https:\/\/i0.wp.com\/cdnoticias.com\/wp-content\/uploads\/2023\/11\/ezequiel-galli3-scaled.jpg?resize=768%2C432&amp;ssl=1 768w, https:\/\/i0.wp.com\/cdnoticias.com\/wp-content\/uploads\/2023\/11\/ezequiel-galli3-scaled.jpg?resize=1536%2C864&amp;ssl=1 1536w, https:\/\/i0.wp.com\/cdnoticias.com\/wp-content\/uploads\/2023\/11\/ezequiel-galli3-scaled.jpg?resize=2048%2C1152&amp;ssl=1 2048w, https:\/\/i0.wp.com\/cdnoticias.com\/wp-content\/uploads\/2023\/11\/ezequiel-galli3-scaled.jpg?w=1600&amp;ssl=1 1600w, https:\/\/i0.wp.com\/cdnoticias.com\/wp-content\/uploads\/2023\/11\/ezequiel-galli3-scaled.jpg?w=2400&amp;ssl=1 2400w\" sizes=\"auto, (max-width: 800px) 100vw, 800px\" \/><\/figure>\n\n\n\n<p>En este sentido, record\u00f3 lo sucedido en 2015 y le dej\u00f3 un \u201cpalito\u201d a Jos\u00e9 Eseverri: \u201c<em>Yo viv\u00ed todo lo contrario, los pastos largos, cientos de facturas sin cargar en el sistema, nosotros no dejamos una deuda oculta\u201d <\/em>y admiti\u00f3 que <em><strong>\u201cs\u00ed dejamos un d\u00e9ficit que es p\u00fablico, pero no dejamos ninguna sorpresa de cara a lo que viene, me parece que es parte de ser responsable tambi\u00e9n a la hora de hacer la transici\u00f3n y que obviamente ellos puedan empezar a gestionar que es lo que decidieron los vecinos\u201d.<\/strong><\/em><\/p>\n\n\n\n<p>Ante la consulta acerca de d\u00f3nde veremos a Ezequiel Galli despu\u00e9s del 10 de diciembre, dijo que ser\u00e1<em> \u201c<strong>al lado de Diego Santilli, donde Diego requiera de mi experiencia como funcionario pol\u00edtico, como funcionario p\u00fablico<\/strong>, la verdad que primero disfrutar mucho la familia, volver a tener tiempo, tengo que empezar a interiorizarme mucho m\u00e1s con temas personales, el manejo del campo que me ven\u00eda dando una mano muy fuerte mi suegro por falta de tiempo obviamente, volver al estudio (de abogados), nunca cerramos el estudio y el estudio habr\u00e1 que empezar a ponerle cuerpo y cabeza tambi\u00e9n, as\u00ed que a esperar, a esperar c\u00f3mo se reconfigura todo\u201d.<\/em><\/p>\n\n\n\n<figure class=\"wp-block-image size-large\"><img data-recalc-dims=\"1\" loading=\"lazy\" decoding=\"async\" width=\"800\" height=\"450\" src=\"https:\/\/i0.wp.com\/cdnoticias.com\/wp-content\/uploads\/2023\/11\/ezequiel-galli5.jpg?resize=800%2C450&#038;ssl=1\" alt=\"\" class=\"wp-image-102793\" srcset=\"https:\/\/i0.wp.com\/cdnoticias.com\/wp-content\/uploads\/2023\/11\/ezequiel-galli5-scaled.jpg?resize=1024%2C576&amp;ssl=1 1024w, https:\/\/i0.wp.com\/cdnoticias.com\/wp-content\/uploads\/2023\/11\/ezequiel-galli5-scaled.jpg?resize=300%2C169&amp;ssl=1 300w, https:\/\/i0.wp.com\/cdnoticias.com\/wp-content\/uploads\/2023\/11\/ezequiel-galli5-scaled.jpg?resize=768%2C432&amp;ssl=1 768w, https:\/\/i0.wp.com\/cdnoticias.com\/wp-content\/uploads\/2023\/11\/ezequiel-galli5-scaled.jpg?resize=1536%2C864&amp;ssl=1 1536w, https:\/\/i0.wp.com\/cdnoticias.com\/wp-content\/uploads\/2023\/11\/ezequiel-galli5-scaled.jpg?resize=2048%2C1152&amp;ssl=1 2048w, https:\/\/i0.wp.com\/cdnoticias.com\/wp-content\/uploads\/2023\/11\/ezequiel-galli5-scaled.jpg?w=1600&amp;ssl=1 1600w, https:\/\/i0.wp.com\/cdnoticias.com\/wp-content\/uploads\/2023\/11\/ezequiel-galli5-scaled.jpg?w=2400&amp;ssl=1 2400w\" sizes=\"auto, (max-width: 800px) 100vw, 800px\" \/><\/figure>\n\n\n\n<blockquote class=\"wp-block-quote is-layout-flow wp-block-quote-is-layout-flow\">\n<p>\u201cEstamos obviamente con semanas que van a ser clave para lo que viene, diferentes movidas que dentro de Juntos por el Cambio ya vemos que hay: funcionarios que van a ser parte del gobierno de Javier Milei, y bueno, veremos, veremos qu\u00e9 me depara el destino\u201d.<\/p>\n<\/blockquote>\n\n\n\n<p>All\u00ed, confirm\u00f3 que tras hablar con el \u201cColo\u201d <em><strong>\u201cme toca seguir siendo el armador del santillismo en la S\u00e9ptima de cara al 2025 donde vamos a tener elecciones nuevamente, donde se ponen en juego bancas del Concejo Deliberante, donde se van a poner en juego bancas en el Senado de la Provincia, por lo cual viene mucho trabajo seguramente, pero desde otro lugar\u201d.<\/strong><\/em><\/p>\n\n\n\n<p><em>\u201cLa gesti\u00f3n te absorbe much\u00edsimo tiempo y bueno, tambi\u00e9n seguir tratando de sostener el equipo de trabajo que me parece lo m\u00e1s importante porque dentro de un a\u00f1o y muy poquito ya vamos a estar pensando nuevamente en las elecciones que vengan y ah\u00ed estaremos trabajando\u201d<\/em> cerr\u00f3 el actual intendente, dando a entender que continuar\u00e1 ligado activamente a la pol\u00edtica.<\/p>\n","protected":false},"excerpt":{"rendered":"<p>El intendente saliente valor\u00f3 la realizaci\u00f3n de la Fiesta de Olavarr\u00eda con artistas locales y habl\u00f3 de sus \u00faltimos d\u00edas<\/p>\n","protected":false},"author":2,"featured_media":102789,"comment_status":"closed","ping_status":"closed","sticky":false,"template":"","format":"standard","meta":{"_jetpack_memberships_contains_paid_content":false,"footnotes":""},"categories":[4,1],"tags":[],"class_list":["post-102802","post","type-post","status-publish","format-standard","has-post-thumbnail","hentry","category-politica","category-portada"],"jetpack_featured_media_url":"https:\/\/i0.wp.com\/cdnoticias.com\/wp-content\/uploads\/2023\/11\/ezequiel-galli1-scaled.jpg?fit=2560%2C1440&ssl=1","jetpack_sharing_enabled":true,"_links":{"self":[{"href":"https:\/\/cdnoticias.com\/index.php\/wp-json\/wp\/v2\/posts\/102802","targetHints":{"allow":["GET"]}}],"collection":[{"href":"https:\/\/cdnoticias.com\/index.php\/wp-json\/wp\/v2\/posts"}],"about":[{"href":"https:\/\/cdnoticias.com\/index.php\/wp-json\/wp\/v2\/types\/post"}],"author":[{"embeddable":true,"href":"https:\/\/cdnoticias.com\/index.php\/wp-json\/wp\/v2\/users\/2"}],"replies":[{"embeddable":true,"href":"https:\/\/cdnoticias.com\/index.php\/wp-json\/wp\/v2\/comments?post=102802"}],"version-history":[{"count":0,"href":"https:\/\/cdnoticias.com\/index.php\/wp-json\/wp\/v2\/posts\/102802\/revisions"}],"wp:featuredmedia":[{"embeddable":true,"href":"https:\/\/cdnoticias.com\/index.php\/wp-json\/wp\/v2\/media\/102789"}],"wp:attachment":[{"href":"https:\/\/cdnoticias.com\/index.php\/wp-json\/wp\/v2\/media?parent=102802"}],"wp:term":[{"taxonomy":"category","embeddable":true,"href":"https:\/\/cdnoticias.com\/index.php\/wp-json\/wp\/v2\/categories?post=102802"},{"taxonomy":"post_tag","embeddable":true,"href":"https:\/\/cdnoticias.com\/index.php\/wp-json\/wp\/v2\/tags?post=102802"}],"curies":[{"name":"wp","href":"https:\/\/api.w.org\/{rel}","templated":true}]}}