{"id":102716,"date":"2023-11-27T07:50:00","date_gmt":"2023-11-27T10:50:00","guid":{"rendered":"https:\/\/cdnoticias.com\/?p=102716"},"modified":"2023-11-27T12:24:33","modified_gmt":"2023-11-27T15:24:33","slug":"destacados-central-2023-proteger-el-camino-recorrido","status":"publish","type":"post","link":"https:\/\/cdnoticias.com\/index.php\/2023\/11\/27\/destacados-central-2023-proteger-el-camino-recorrido\/","title":{"rendered":"Destacados Central 2023: proteger el camino recorrido"},"content":{"rendered":"<p>En el marco del aniversario de Olavarr\u00eda, desde Central de Noticias y Central de Deportes resaltamos la labor de 5 agrupaciones que durante este a\u00f1o impulsaron acciones que enriquecen a la ciudad.<!--more--><\/p>\n<hr \/>\n<p>En el marco del <strong>156 aniversario de Olavarr\u00eda<\/strong>, desde <strong>Central de Noticias y Central de Deportes<\/strong> destacamos a personas, instituciones y agrupaciones que desde lo colectivo impulsaron este a\u00f1o distintos proyectos y reafirmaron un trayecto recorrido.<br \/>\n&nbsp;<br \/>\nLos premios fueron elaborados por<strong> Cuate 3D,<\/strong> un emprendimiento local que se dedica al dise\u00f1o e impresi\u00f3n y pensados e intervenidos por <strong>Natalia Schumacher,<\/strong> artista pl\u00e1stica, dise\u00f1adora gr\u00e1fica y docente.<br \/>\n&nbsp;<br \/>\nCon el estilo personal y on\u00edrico que la caracteriza, Natalia Schumacher refleja en estas obras el v\u00ednculo con la naturaleza, la experimentaci\u00f3n, la preservaci\u00f3n de la alegr\u00eda y un universo potente que se traslada a la acci\u00f3n.<br \/>\n&nbsp;<br \/>\n<img data-recalc-dims=\"1\" loading=\"lazy\" decoding=\"async\" class=\"alignnone size-full wp-image-102718\" src=\"https:\/\/i0.wp.com\/cdnoticias.com\/wp-content\/uploads\/2023\/11\/destacados-central-2023-01.jpg?resize=800%2C450&#038;ssl=1\" alt=\"\" width=\"800\" height=\"450\" srcset=\"https:\/\/i0.wp.com\/cdnoticias.com\/wp-content\/uploads\/2023\/11\/destacados-central-2023-01.jpg?w=800&amp;ssl=1 800w, https:\/\/i0.wp.com\/cdnoticias.com\/wp-content\/uploads\/2023\/11\/destacados-central-2023-01.jpg?resize=300%2C169&amp;ssl=1 300w, https:\/\/i0.wp.com\/cdnoticias.com\/wp-content\/uploads\/2023\/11\/destacados-central-2023-01.jpg?resize=768%2C432&amp;ssl=1 768w\" sizes=\"auto, (max-width: 800px) 100vw, 800px\" \/><br \/>\n&nbsp;<br \/>\n<strong>Cada figura es \u00fanica.<\/strong> Los p\u00e1jaros representan la capacidad de extender las alas y a su vez, dar cobijo, protecci\u00f3n. En el centro, una gema que contiene la <strong>potencia transformadora y la capacidad de impulsar ideas y proyectos.<\/strong><br \/>\n&nbsp;<br \/>\nDesde el equipo de Central consideramos que los destacados de este a\u00f1o, tienen un<strong> rol importante para el desarrollo de la comunidad.<\/strong> El accionar de cada uno, <strong>se proyecta sobre la ciudad e influye en mejorar la vida social, deportiva, art\u00edstica e institucional.<\/strong><br \/>\n&nbsp;<br \/>\nEllos son: Asociaci\u00f3n Civil Criar con Alas, Remada Verde Olavarr\u00eda, Caf\u00e9 Concert L\u2019Alta Gama, Centro Empleados de Comercio Olavarr\u00eda y Uni\u00f3n de Ciclistas de Olavarr\u00eda (UCO). Te invitamos a conocer sus proyectos ingresando a cada una de las notas.<br \/>\n&nbsp;<\/p>\n","protected":false},"excerpt":{"rendered":"<p>En el marco del aniversario de Olavarr\u00eda, desde Central de Noticias y Central de Deportes resaltamos la labor de 5<\/p>\n","protected":false},"author":2,"featured_media":102717,"comment_status":"closed","ping_status":"closed","sticky":false,"template":"","format":"standard","meta":{"_jetpack_memberships_contains_paid_content":false,"footnotes":""},"categories":[26],"tags":[],"class_list":["post-102716","post","type-post","status-publish","format-standard","has-post-thumbnail","hentry","category-destacados-2023"],"jetpack_featured_media_url":"https:\/\/i0.wp.com\/cdnoticias.com\/wp-content\/uploads\/2023\/11\/destacados-central-2023-02.jpg?fit=800%2C450&ssl=1","jetpack_sharing_enabled":true,"_links":{"self":[{"href":"https:\/\/cdnoticias.com\/index.php\/wp-json\/wp\/v2\/posts\/102716","targetHints":{"allow":["GET"]}}],"collection":[{"href":"https:\/\/cdnoticias.com\/index.php\/wp-json\/wp\/v2\/posts"}],"about":[{"href":"https:\/\/cdnoticias.com\/index.php\/wp-json\/wp\/v2\/types\/post"}],"author":[{"embeddable":true,"href":"https:\/\/cdnoticias.com\/index.php\/wp-json\/wp\/v2\/users\/2"}],"replies":[{"embeddable":true,"href":"https:\/\/cdnoticias.com\/index.php\/wp-json\/wp\/v2\/comments?post=102716"}],"version-history":[{"count":0,"href":"https:\/\/cdnoticias.com\/index.php\/wp-json\/wp\/v2\/posts\/102716\/revisions"}],"wp:featuredmedia":[{"embeddable":true,"href":"https:\/\/cdnoticias.com\/index.php\/wp-json\/wp\/v2\/media\/102717"}],"wp:attachment":[{"href":"https:\/\/cdnoticias.com\/index.php\/wp-json\/wp\/v2\/media?parent=102716"}],"wp:term":[{"taxonomy":"category","embeddable":true,"href":"https:\/\/cdnoticias.com\/index.php\/wp-json\/wp\/v2\/categories?post=102716"},{"taxonomy":"post_tag","embeddable":true,"href":"https:\/\/cdnoticias.com\/index.php\/wp-json\/wp\/v2\/tags?post=102716"}],"curies":[{"name":"wp","href":"https:\/\/api.w.org\/{rel}","templated":true}]}}