{"id":102707,"date":"2023-11-25T12:11:13","date_gmt":"2023-11-25T15:11:13","guid":{"rendered":"https:\/\/cdnoticias.com\/?p=102707"},"modified":"2023-11-25T16:15:56","modified_gmt":"2023-11-25T19:15:56","slug":"aniversario-de-la-ciudad-olavarria-inicio-los-festejos-por-sus-156-anos","status":"publish","type":"post","link":"https:\/\/cdnoticias.com\/index.php\/2023\/11\/25\/aniversario-de-la-ciudad-olavarria-inicio-los-festejos-por-sus-156-anos\/","title":{"rendered":"Aniversario de la ciudad: Olavarr\u00eda inici\u00f3 los festejos por sus 156 a\u00f1os"},"content":{"rendered":"<p>Fue en la plaza Coronel \u00c1lvaro Barros y con funcionarios municipales y referentes de instituciones de la ciudad. Ezequiel Galli dio su \u00faltimo discurso como intendente y el jefe comunal electo Maximiliano Wesner estuvo entre los presentes.<!--more--><\/p>\n<hr \/>\n<p>En la ma\u00f1ana de este s\u00e1bado se llev\u00f3 a cabo en la plaza Coronel \u00c1lvaro Barros el acto protocolar con motivo del <strong>aniversario 156\u00ba de la fundaci\u00f3n de la ciudad de Olavarr\u00eda.<\/strong><br \/>\n&nbsp;<br \/>\nLa celebraci\u00f3n <strong>fue encabezada por el intendente municipal Ezequiel Galli<\/strong> y cont\u00f3 con la presencia de la presidenta del Concejo Deliberante Cecilia Krivochen, el concejal Mart\u00edn Endere, el intendente electo Maximiliano Wesner y el Jefe de Escuadr\u00f3n de Ingenieros Blindado 1 Mayor Marcelo Vallejos, adem\u00e1s de funcionarios municipales, provinciales, referentes de distintas instituciones y comunidad en general.<br \/>\n&nbsp;<br \/>\n<img data-recalc-dims=\"1\" loading=\"lazy\" decoding=\"async\" class=\"alignnone size-full wp-image-102710\" src=\"https:\/\/i0.wp.com\/cdnoticias.com\/wp-content\/uploads\/2023\/11\/Acto-Protocolar-156%C2%B0-Aniversario-3-scaled-1.jpg?resize=800%2C450&#038;ssl=1\" alt=\"\" width=\"800\" height=\"450\" srcset=\"https:\/\/i0.wp.com\/cdnoticias.com\/wp-content\/uploads\/2023\/11\/Acto-Protocolar-156%C2%B0-Aniversario-3-scaled-1.jpg?w=800&amp;ssl=1 800w, https:\/\/i0.wp.com\/cdnoticias.com\/wp-content\/uploads\/2023\/11\/Acto-Protocolar-156%C2%B0-Aniversario-3-scaled-1.jpg?resize=300%2C169&amp;ssl=1 300w, https:\/\/i0.wp.com\/cdnoticias.com\/wp-content\/uploads\/2023\/11\/Acto-Protocolar-156%C2%B0-Aniversario-3-scaled-1.jpg?resize=768%2C432&amp;ssl=1 768w\" sizes=\"auto, (max-width: 800px) 100vw, 800px\" \/><br \/>\n&nbsp;<br \/>\nSe entonaron las estrofas del Himno Nacional Argentino y luego se realizaron las tradiciones ofrendas florales. <strong>El intendente Galli junto al intendente electo Maximiliano Wesner fueron quienes llevaron la ofrenda en representaci\u00f3n de la Municipalidad de Olavarr\u00eda<\/strong> mientras que Cecilia Krivochen y Mart\u00edn Endere hicieron lo propio por parte del cuerpo deliberativo local.<br \/>\n&nbsp;<br \/>\nEl Mayor Marcelo Vallejos coloc\u00f3 palmas como muestra de reconocimiento y respeto a la figura del Coronel \u00c1lvaro Barros, quien un 25 de noviembre pero de 1867 cosech\u00f3 el aval para la fundaci\u00f3n de Olavarr\u00eda en el terreno denominado hasta ese entonces como \u201cPuntas del Arroyo Tapalqu\u00e9\u201d.<br \/>\n&nbsp;<br \/>\n\u201cEn esta hermosa ma\u00f1ana estamos celebrando el 156\u00ba aniversario de la fundaci\u00f3n de nuestro hermoso Partido, de nuestro pujante Partido\u201d, inici\u00f3 sus palabras alusivas el intendente Galli.<strong> \u201cVoy a ser breve, porque es un momento de mucha emoci\u00f3n y corro el riesgo de que se me quiebre la voz. Es mi \u00faltimo discurso como intendente\u201d,<\/strong> mencion\u00f3.<br \/>\n&nbsp;<br \/>\n<img data-recalc-dims=\"1\" loading=\"lazy\" decoding=\"async\" class=\"alignnone size-full wp-image-102711\" src=\"https:\/\/i0.wp.com\/cdnoticias.com\/wp-content\/uploads\/2023\/11\/Acto-Protocolar-156%C2%B0-Aniversario-4-scaled-1.jpg?resize=800%2C450&#038;ssl=1\" alt=\"\" width=\"800\" height=\"450\" srcset=\"https:\/\/i0.wp.com\/cdnoticias.com\/wp-content\/uploads\/2023\/11\/Acto-Protocolar-156%C2%B0-Aniversario-4-scaled-1.jpg?w=800&amp;ssl=1 800w, https:\/\/i0.wp.com\/cdnoticias.com\/wp-content\/uploads\/2023\/11\/Acto-Protocolar-156%C2%B0-Aniversario-4-scaled-1.jpg?resize=300%2C169&amp;ssl=1 300w, https:\/\/i0.wp.com\/cdnoticias.com\/wp-content\/uploads\/2023\/11\/Acto-Protocolar-156%C2%B0-Aniversario-4-scaled-1.jpg?resize=768%2C432&amp;ssl=1 768w\" sizes=\"auto, (max-width: 800px) 100vw, 800px\" \/><br \/>\n&nbsp;<br \/>\nPosteriormente, a\u00f1adi\u00f3 que \u201che repasado mucho, es momento de balance de estos \u00faltimos 8 a\u00f1os en los que los vecinos me honraron con la responsabilidad de ser nada m\u00e1s y nada menos que el intendente de nuestro Partido. Hemos logrado grandes transformaciones, lo cual me da mucho orgullo, y tambi\u00e9n del equipo que me acompa\u00f1\u00f3 a poder lograr tantas transformaciones para nuestra ciudad, tanto crecimiento. Tambi\u00e9n hemos cometido errores, claramente, pero siempre fue con la voluntad de que Olavarr\u00eda sea el partido m\u00e1s pujante de la provincia de Buenos Aires. Siempre con el respeto a la investidura de cada uno de los cargos que nos toc\u00f3 ocupar\u201d, concluy\u00f3 Galli, quien en el cierre de sus palabras felicit\u00f3 al intendente electo y le dese\u00f3 una exitosa gesti\u00f3n.<br \/>\n&nbsp;<br \/>\nLa continuidad de los festejos seguir\u00e1 en el Parque \u201cHelios Eseverri\u201d, donde en horas del mediod\u00eda quedar\u00e1n habilitados tanto los puestos instalados en el Patio de Comidas como los de artesanos y emprendedores. Las presentaciones art\u00edsticas se iniciar\u00e1n alrededor de las 17 horas.<br \/>\n&nbsp;<br \/>\n&nbsp;<\/p>\n<blockquote class=\"wp-embedded-content\" data-secret=\"SpGU2P4MND\"><p><a href=\"https:\/\/cdnoticias.com\/index.php\/2023\/11\/22\/aniversario-de-olavarria-se-conocio-la-grilla-de-artistas-y-actividades\/\">Aniversario de Olavarr\u00eda: se conoci\u00f3 la grilla de artistas y actividades<\/a><\/p><\/blockquote>\n<p><iframe loading=\"lazy\" class=\"wp-embedded-content\" sandbox=\"allow-scripts\" security=\"restricted\" style=\"position: absolute; clip: rect(1px, 1px, 1px, 1px);\" title=\"&#8220;Aniversario de Olavarr\u00eda: se conoci\u00f3 la grilla de artistas y actividades&#8221; &#8212; Central de Noticias | Olavarr\u00eda\" src=\"https:\/\/cdnoticias.com\/index.php\/2023\/11\/22\/aniversario-de-olavarria-se-conocio-la-grilla-de-artistas-y-actividades\/embed\/#?secret=WbIVHxnTvq#?secret=SpGU2P4MND\" data-secret=\"SpGU2P4MND\" width=\"600\" height=\"338\" frameborder=\"0\" marginwidth=\"0\" marginheight=\"0\" scrolling=\"no\"><\/iframe><\/p>\n","protected":false},"excerpt":{"rendered":"<p>Fue en la plaza Coronel \u00c1lvaro Barros y con funcionarios municipales y referentes de instituciones de la ciudad. Ezequiel Galli<\/p>\n","protected":false},"author":2,"featured_media":102708,"comment_status":"closed","ping_status":"closed","sticky":false,"template":"","format":"standard","meta":{"_jetpack_memberships_contains_paid_content":false,"footnotes":""},"categories":[5,1],"tags":[],"class_list":["post-102707","post","type-post","status-publish","format-standard","has-post-thumbnail","hentry","category-informacion-general","category-portada"],"jetpack_featured_media_url":"https:\/\/i0.wp.com\/cdnoticias.com\/wp-content\/uploads\/2023\/11\/Acto-Protocolar-156%C2%B0-Aniversario-1-scaled-1.jpg?fit=800%2C450&ssl=1","jetpack_sharing_enabled":true,"_links":{"self":[{"href":"https:\/\/cdnoticias.com\/index.php\/wp-json\/wp\/v2\/posts\/102707","targetHints":{"allow":["GET"]}}],"collection":[{"href":"https:\/\/cdnoticias.com\/index.php\/wp-json\/wp\/v2\/posts"}],"about":[{"href":"https:\/\/cdnoticias.com\/index.php\/wp-json\/wp\/v2\/types\/post"}],"author":[{"embeddable":true,"href":"https:\/\/cdnoticias.com\/index.php\/wp-json\/wp\/v2\/users\/2"}],"replies":[{"embeddable":true,"href":"https:\/\/cdnoticias.com\/index.php\/wp-json\/wp\/v2\/comments?post=102707"}],"version-history":[{"count":0,"href":"https:\/\/cdnoticias.com\/index.php\/wp-json\/wp\/v2\/posts\/102707\/revisions"}],"wp:featuredmedia":[{"embeddable":true,"href":"https:\/\/cdnoticias.com\/index.php\/wp-json\/wp\/v2\/media\/102708"}],"wp:attachment":[{"href":"https:\/\/cdnoticias.com\/index.php\/wp-json\/wp\/v2\/media?parent=102707"}],"wp:term":[{"taxonomy":"category","embeddable":true,"href":"https:\/\/cdnoticias.com\/index.php\/wp-json\/wp\/v2\/categories?post=102707"},{"taxonomy":"post_tag","embeddable":true,"href":"https:\/\/cdnoticias.com\/index.php\/wp-json\/wp\/v2\/tags?post=102707"}],"curies":[{"name":"wp","href":"https:\/\/api.w.org\/{rel}","templated":true}]}}