{"id":102696,"date":"2023-11-25T09:38:23","date_gmt":"2023-11-25T12:38:23","guid":{"rendered":"https:\/\/cdnoticias.com\/?p=102696"},"modified":"2023-11-25T09:38:25","modified_gmt":"2023-11-25T12:38:25","slug":"pinamar-se-abrieron-las-urnas-y-juntos-retuvo-la-intendencia-por-solo-un-voto","status":"publish","type":"post","link":"https:\/\/cdnoticias.com\/index.php\/2023\/11\/25\/pinamar-se-abrieron-las-urnas-y-juntos-retuvo-la-intendencia-por-solo-un-voto\/","title":{"rendered":"Pinamar: se abrieron las urnas y Juntos retuvo la intendencia por s\u00f3lo un voto"},"content":{"rendered":"<p>Se revisaron 15 urnas y el candidato de Uni\u00f3n por la Patria logr\u00f3 descontar 18 votos, pero cay\u00f3 por la m\u00ednima.<!--more--><\/p>\n<hr \/>\n<p><strong>Juan Ibarguren, de Juntos por el Cambio<\/strong>, termin\u00f3 imponi\u00e9ndose por un voto en la elecci\u00f3n a intendente de Pinamar y gobernar\u00e1 el distrito por los pr\u00f3ximos cuatro a\u00f1os.<br \/>\n&nbsp;<br \/>\n&nbsp;<br \/>\nTal como orden\u00f3 la C\u00e1mara Nacional Electoral en un fallo, se realiz\u00f3 la <strong>apertura de 15 urnas<\/strong> para terminar de definir el resultado de las elecciones municipales de Pinamar.<br \/>\n&nbsp;<br \/>\n&nbsp;<br \/>\nEn el marco de la apertura, el candidato de Uni\u00f3n por la Patria,<strong> Gregorio Estanga, logr\u00f3 descontar 18 votos (estaba a 19) y la elecci\u00f3n se termin\u00f3 definiendo por la m\u00ednima,<\/strong> seg\u00fan se\u00f1alaron fuentes cercanas al conteo a DIB.<br \/>\n&nbsp;<br \/>\n&nbsp;<\/p>\n<blockquote><p>De esta manera, Ibarguren, el candidato del actual intendente Mart\u00edn Yeza, se alz\u00f3 con la victoria y podr\u00e1 gobernar por los pr\u00f3ximos cuatro a\u00f1os.<\/p><\/blockquote>\n<p>&nbsp;<br \/>\n&nbsp;<br \/>\nEn la elecci\u00f3n de Pinamar participaron unas<strong> 23.790<\/strong> y solo tres candidatos (tambi\u00e9n estaba Alejandro Oliveros, de La Libertad Avanza). Ibarguren obtuvo en un primer conteo unos 23 votos m\u00e1s que Estanga.<br \/>\n&nbsp;<br \/>\n&nbsp;<br \/>\nSin embargo, al abrir urnas de migrantes y tras una revisi\u00f3n de votos recurridos, la diferencia se acot\u00f3 a 19. Y, ahora, <strong>con la apertura de 15 urnas m\u00e1s la diferencia qued\u00f3 tan solo en un voto.<\/strong><br \/>\n&nbsp;<br \/>\n&nbsp;<br \/>\n<em>Fuente: DIB.<\/em><\/p>\n","protected":false},"excerpt":{"rendered":"<p>Se revisaron 15 urnas y el candidato de Uni\u00f3n por la Patria logr\u00f3 descontar 18 votos, pero cay\u00f3 por la<\/p>\n","protected":false},"author":2,"featured_media":102697,"comment_status":"closed","ping_status":"closed","sticky":false,"template":"","format":"standard","meta":{"_jetpack_memberships_contains_paid_content":false,"footnotes":""},"categories":[6,1],"tags":[],"class_list":["post-102696","post","type-post","status-publish","format-standard","has-post-thumbnail","hentry","category-nacionales","category-portada"],"jetpack_featured_media_url":"https:\/\/i0.wp.com\/cdnoticias.com\/wp-content\/uploads\/2023\/11\/F-hxOTcWQAEhNqM.jpg?fit=1600%2C1066&ssl=1","jetpack_sharing_enabled":true,"_links":{"self":[{"href":"https:\/\/cdnoticias.com\/index.php\/wp-json\/wp\/v2\/posts\/102696","targetHints":{"allow":["GET"]}}],"collection":[{"href":"https:\/\/cdnoticias.com\/index.php\/wp-json\/wp\/v2\/posts"}],"about":[{"href":"https:\/\/cdnoticias.com\/index.php\/wp-json\/wp\/v2\/types\/post"}],"author":[{"embeddable":true,"href":"https:\/\/cdnoticias.com\/index.php\/wp-json\/wp\/v2\/users\/2"}],"replies":[{"embeddable":true,"href":"https:\/\/cdnoticias.com\/index.php\/wp-json\/wp\/v2\/comments?post=102696"}],"version-history":[{"count":0,"href":"https:\/\/cdnoticias.com\/index.php\/wp-json\/wp\/v2\/posts\/102696\/revisions"}],"wp:featuredmedia":[{"embeddable":true,"href":"https:\/\/cdnoticias.com\/index.php\/wp-json\/wp\/v2\/media\/102697"}],"wp:attachment":[{"href":"https:\/\/cdnoticias.com\/index.php\/wp-json\/wp\/v2\/media?parent=102696"}],"wp:term":[{"taxonomy":"category","embeddable":true,"href":"https:\/\/cdnoticias.com\/index.php\/wp-json\/wp\/v2\/categories?post=102696"},{"taxonomy":"post_tag","embeddable":true,"href":"https:\/\/cdnoticias.com\/index.php\/wp-json\/wp\/v2\/tags?post=102696"}],"curies":[{"name":"wp","href":"https:\/\/api.w.org\/{rel}","templated":true}]}}