{"id":10269,"date":"2020-12-30T12:44:38","date_gmt":"2020-12-30T15:44:38","guid":{"rendered":"http:\/\/www.centraldenoticias.com.ar\/?p=10269"},"modified":"2020-12-30T15:51:57","modified_gmt":"2020-12-30T18:51:57","slug":"los-choferes-de-ola-bus-cumplieron-una-semana-de-paro","status":"publish","type":"post","link":"https:\/\/cdnoticias.com\/index.php\/2020\/12\/30\/los-choferes-de-ola-bus-cumplieron-una-semana-de-paro\/","title":{"rendered":"Los choferes de Ola Bus cumplieron una semana de paro"},"content":{"rendered":"<p>El delegado sindical de UTA inform\u00f3 que tuvieron este mi\u00e9rcoles una reuni\u00f3n en el Ministerio de Trabajo de la provincia. Reclaman el pago del aguinaldo.<!--more--><\/p>\n<hr \/>\n<p><strong>Por s\u00e9ptimo d\u00eda consecutivo contin\u00faa el paro de los choferes de la empresa de transporte interurbano de pasajeros, Ola Bus<\/strong>, con lo que no funcionan los servicios.<\/p>\n<p>Cabe recordar que desde el 23 de diciembre los trabajadores -unos 40 afectados- dispusieron que la medida de fuerza se extender\u00e1 <a href=\"https:\/\/cdnoticias.com\/index.php\/2020\/12\/28\/a-la-espera-de-prontas-novedades-continua-el-paro-de-olabus\/\" target=\"_blank\" rel=\"noopener\">hasta tanto paguen los aguinaldos<\/a>, adem\u00e1s de otros aportes que no fueron abonados.<\/p>\n<p><strong>Central de Noticias<\/strong> consult\u00f3 la situaci\u00f3n con el <strong>delegado de UTA en la empresa, Jorge Pad\u00edn<\/strong>, quien inform\u00f3 que <strong>este mi\u00e9rcoles se realiz\u00f3 una nueva audiencia de conciliaci\u00f3n en el Ministerio de Trabajo de la provincia<\/strong>.<\/p>\n<blockquote><p>\u201cNo se lleg\u00f3 a un acuerdo porque no entraron los subsidios\u201d explic\u00f3 el sindicalista. Cabe se\u00f1alar que la empresa ha respondido que, en cuanto perciba los pagos del subsidio nacional Fondo Covid, abonar\u00e1 lo adeudado.<\/p><\/blockquote>\n<p>Pad\u00edn aclar\u00f3 que \u201c<strong>en caso de que el pago llegue hoy (por este mi\u00e9rcoles), estar\u00edamos cobrando el lunes o el martes<\/strong>. Por eso continua la medida de fuerza\u201d. De esta manera, dej\u00f3 entrever que el paro se sostendr\u00eda hasta la semana pr\u00f3xima.<\/p>\n<p>Con esto se mantienen <strong>siete d\u00edas de cese de tareas: los vecinos de las localidades no cuentan con servicio de transporte<\/strong> para viajar a otros puntos del distrito.<\/p>\n","protected":false},"excerpt":{"rendered":"<p>El delegado sindical de UTA inform\u00f3 que tuvieron este mi\u00e9rcoles una reuni\u00f3n en el Ministerio de Trabajo de la provincia.<\/p>\n","protected":false},"author":4,"featured_media":2422,"comment_status":"closed","ping_status":"closed","sticky":false,"template":"","format":"standard","meta":{"_jetpack_memberships_contains_paid_content":false,"footnotes":""},"categories":[5,1],"tags":[],"class_list":["post-10269","post","type-post","status-publish","format-standard","has-post-thumbnail","hentry","category-informacion-general","category-portada"],"jetpack_featured_media_url":"https:\/\/i0.wp.com\/cdnoticias.com\/wp-content\/uploads\/2020\/09\/WhatsApp-Image-2020-09-25-at-10.39.04.jpeg?fit=1040%2C780&ssl=1","jetpack_sharing_enabled":true,"_links":{"self":[{"href":"https:\/\/cdnoticias.com\/index.php\/wp-json\/wp\/v2\/posts\/10269","targetHints":{"allow":["GET"]}}],"collection":[{"href":"https:\/\/cdnoticias.com\/index.php\/wp-json\/wp\/v2\/posts"}],"about":[{"href":"https:\/\/cdnoticias.com\/index.php\/wp-json\/wp\/v2\/types\/post"}],"author":[{"embeddable":true,"href":"https:\/\/cdnoticias.com\/index.php\/wp-json\/wp\/v2\/users\/4"}],"replies":[{"embeddable":true,"href":"https:\/\/cdnoticias.com\/index.php\/wp-json\/wp\/v2\/comments?post=10269"}],"version-history":[{"count":0,"href":"https:\/\/cdnoticias.com\/index.php\/wp-json\/wp\/v2\/posts\/10269\/revisions"}],"wp:featuredmedia":[{"embeddable":true,"href":"https:\/\/cdnoticias.com\/index.php\/wp-json\/wp\/v2\/media\/2422"}],"wp:attachment":[{"href":"https:\/\/cdnoticias.com\/index.php\/wp-json\/wp\/v2\/media?parent=10269"}],"wp:term":[{"taxonomy":"category","embeddable":true,"href":"https:\/\/cdnoticias.com\/index.php\/wp-json\/wp\/v2\/categories?post=10269"},{"taxonomy":"post_tag","embeddable":true,"href":"https:\/\/cdnoticias.com\/index.php\/wp-json\/wp\/v2\/tags?post=10269"}],"curies":[{"name":"wp","href":"https:\/\/api.w.org\/{rel}","templated":true}]}}